{"id":5020,"date":"2011-09-12T11:19:49","date_gmt":"2011-09-12T14:19:49","guid":{"rendered":"http:\/\/www.blogdopilako.com.br\/wp\/?p=5020"},"modified":"2011-09-14T11:53:23","modified_gmt":"2011-09-14T14:53:23","slug":"serginho-barros-debora-luz","status":"publish","type":"post","link":"http:\/\/www.blogdopilako.com.br\/wp\/2011\/09\/12\/serginho-barros-debora-luz\/","title":{"rendered":"Serginho Barros &#038; D\u00e9bora Luz"},"content":{"rendered":"\n\t\t\t\t<div class=\"mr_social_sharing_wrapper\">\n\t\t\t\t<!-- Social Sharing Toolkit v2.2 --><span class=\"mr_social_sharing_top\"><span style=\"display: inline-block; width: 55px; height: 62px; overflow: hidden;\"><div class=\"fb-like\" data-href=\"http:\/\/www.blogdopilako.com.br\/wp\/2011\/09\/12\/serginho-barros-debora-luz\/\" data-send=\"false\" data-layout=\"box_count\" data-width=\"55\" data-show-faces=\"false\"><\/div><\/span><\/span><span class=\"mr_social_sharing_top\"><fb:share-button type=\"box_count\" href=\"http:\/\/www.blogdopilako.com.br\/wp\/2011\/09\/12\/serginho-barros-debora-luz\/\"><\/fb:share-button><\/span><span class=\"mr_social_sharing\"><a rel=\"nofollow\" class=\"linksalpha_button linksalpha_link\" href=\"\/\/www.linksalpha.com\/social\/mobile\" data-url=\"http:\/\/www.blogdopilako.com.br\/wp\/2011\/09\/12\/serginho-barros-debora-luz\/\" data-text=\"Serginho Barros & D\u00e9bora Luz\" data-desc=\"Serginho Barros e D\u00e9bora Luz no Cd Afina\u00e7\u00e3o e Bom Gosto, trazendo a m\u00fasica de autoria de Al\u00e7eu Valen\u00e7a, Z\u00e9 Ramalho e Geraldo Azevedo, BICHO DE SETE CABE\u00c7AS. Gostou da m\u00fasica? -\u00a0Baixe a MP3 Aldenisio Tavares\" data-image=\"http:\/\/www.blogdopilako.com.br\/wp\/wp-content\/uploads\/serginhobarros.jpg\" data-button=\"none\">\n\t\t\t\t\t<img src=\"\/\/www.linksalpha.com\/images\/social_share_button.png\" alt=\"Share\" class=\"linksalpha_image\" \/>\n\t\t\t\t\t<\/a><script type=\"text\/javascript\" src=\"\/\/www.linksalpha.com\/scripts\/loader_iconbox.js?v=2.4\"><\/script><\/span><\/div><p><a href=\"http:\/\/www.blogdopilako.com.br\/wp\/wp-content\/uploads\/serginhobarros.jpg\"><img loading=\"lazy\" class=\"aligncenter size-full wp-image-5021\" title=\"serginhobarros\" src=\"http:\/\/www.blogdopilako.com.br\/wp\/wp-content\/uploads\/serginhobarros.jpg\" alt=\"\" width=\"472\" height=\"457\" \/><\/a><\/p>\n<p style=\"text-align: justify;\"><strong>Serginho Barros<\/strong> e <strong>D\u00e9bora Luz<\/strong> no Cd <em><strong>Afina\u00e7\u00e3o e Bom Gosto<\/strong><\/em>, trazendo a m\u00fasica de autoria de <em>Al\u00e7eu Valen\u00e7a, Z\u00e9 Ramalho e Geraldo Azevedo<\/em>, <strong>BICHO DE SETE CABE\u00c7AS<\/strong>.<\/p>\n<p><strong><strong>[powerpress url=..\/mp3\/serginho.mp3]<br \/>\n<\/strong>Gostou da m\u00fasica? &#8211;\u00a0<a href=\"http:\/\/www.blogdopilako.com.br\/mp3\/serginho.mp3\" target=\"_blank\">Baixe a MP3<\/a><\/strong><\/p>\n<p><strong>Aldenisio Tavares<\/strong><\/p>\n\n\t\t\t\t<div class=\"mr_social_sharing_wrapper\">\n\t\t\t\t<!-- Social Sharing Toolkit v2.2 --><span class=\"mr_social_sharing_top\"><span style=\"display: inline-block; width: 55px; height: 62px; overflow: hidden;\"><div class=\"fb-like\" data-href=\"http:\/\/www.blogdopilako.com.br\/wp\/2011\/09\/12\/serginho-barros-debora-luz\/\" data-send=\"false\" data-layout=\"box_count\" data-width=\"55\" data-show-faces=\"false\"><\/div><\/span><\/span><span class=\"mr_social_sharing_top\"><fb:share-button type=\"box_count\" href=\"http:\/\/www.blogdopilako.com.br\/wp\/2011\/09\/12\/serginho-barros-debora-luz\/\"><\/fb:share-button><\/span><span class=\"mr_social_sharing\"><a rel=\"nofollow\" class=\"linksalpha_button linksalpha_link\" href=\"\/\/www.linksalpha.com\/social\/mobile\" data-url=\"http:\/\/www.blogdopilako.com.br\/wp\/2011\/09\/12\/serginho-barros-debora-luz\/\" data-text=\"Serginho Barros & D\u00e9bora Luz\" data-desc=\"Serginho Barros e D\u00e9bora Luz no Cd Afina\u00e7\u00e3o e Bom Gosto, trazendo a m\u00fasica de autoria de Al\u00e7eu Valen\u00e7a, Z\u00e9 Ramalho e Geraldo Azevedo, BICHO DE SETE CABE\u00c7AS. Gostou da m\u00fasica? -\u00a0Baixe a MP3 Aldenisio Tavares\" data-image=\"http:\/\/www.blogdopilako.com.br\/wp\/wp-content\/uploads\/serginhobarros.jpg\" data-button=\"none\">\n\t\t\t\t\t<img src=\"\/\/www.linksalpha.com\/images\/social_share_button.png\" alt=\"Share\" class=\"linksalpha_image\" \/>\n\t\t\t\t\t<\/a><script type=\"text\/javascript\" src=\"\/\/www.linksalpha.com\/scripts\/loader_iconbox.js?v=2.4\"><\/script><\/span><\/div>","protected":false},"excerpt":{"rendered":"\n\t\t\t\t<div class=\"mr_social_sharing_wrapper\">\n\t\t\t\t<!-- Social Sharing Toolkit v2.2 --><span class=\"mr_social_sharing_top\"><span style=\"display: inline-block; width: 55px; height: 62px; overflow: hidden;\"><div class=\"fb-like\" data-href=\"http:\/\/www.blogdopilako.com.br\/wp\/2011\/09\/12\/serginho-barros-debora-luz\/\" data-send=\"false\" data-layout=\"box_count\" data-width=\"55\" data-show-faces=\"false\"><\/div><\/span><\/span><span class=\"mr_social_sharing_top\"><fb:share-button type=\"box_count\" href=\"http:\/\/www.blogdopilako.com.br\/wp\/2011\/09\/12\/serginho-barros-debora-luz\/\"><\/fb:share-button><\/span><span class=\"mr_social_sharing\"><a rel=\"nofollow\" class=\"linksalpha_button linksalpha_link\" href=\"\/\/www.linksalpha.com\/social\/mobile\" data-url=\"http:\/\/www.blogdopilako.com.br\/wp\/2011\/09\/12\/serginho-barros-debora-luz\/\" data-text=\"Serginho Barros & D\u00e9bora Luz\" data-desc=\"Serginho Barros e D\u00e9bora Luz no Cd Afina\u00e7\u00e3o e Bom Gosto, trazendo a m\u00fasica de autoria de Al\u00e7eu Valen\u00e7a, Z\u00e9 Ramalho e Geraldo Azevedo, BICHO DE SETE CABE\u00c7AS. Gostou da m\u00fasica? -\u00a0Baixe a MP3 Aldenisio Tavares\" data-image=\"\" data-button=\"none\">\n\t\t\t\t\t<img src=\"\/\/www.linksalpha.com\/images\/social_share_button.png\" alt=\"Share\" class=\"linksalpha_image\" \/>\n\t\t\t\t\t<\/a><script type=\"text\/javascript\" src=\"\/\/www.linksalpha.com\/scripts\/loader_iconbox.js?v=2.4\"><\/script><\/span><\/div><p>Serginho Barros e D\u00e9bora Luz no Cd Afina\u00e7\u00e3o e Bom Gosto, trazendo a m\u00fasica de autoria de Al\u00e7eu Valen\u00e7a, Z\u00e9 Ramalho e Geraldo Azevedo, BICHO DE SETE CABE\u00c7AS. [powerpress url=..\/mp3\/serginho.mp3] Gostou da m\u00fasica? &#8211;\u00a0Baixe a MP3 Aldenisio Tavares<\/p>\n\n\t\t\t\t<div class=\"mr_social_sharing_wrapper\">\n\t\t\t\t<!-- Social Sharing Toolkit v2.2 --><span class=\"mr_social_sharing_top\"><span style=\"display: inline-block; width: 55px; height: 62px; overflow: hidden;\"><div class=\"fb-like\" data-href=\"http:\/\/www.blogdopilako.com.br\/wp\/2011\/09\/12\/serginho-barros-debora-luz\/\" data-send=\"false\" data-layout=\"box_count\" data-width=\"55\" data-show-faces=\"false\"><\/div><\/span><\/span><span class=\"mr_social_sharing_top\"><fb:share-button type=\"box_count\" href=\"http:\/\/www.blogdopilako.com.br\/wp\/2011\/09\/12\/serginho-barros-debora-luz\/\"><\/fb:share-button><\/span><span class=\"mr_social_sharing\"><a rel=\"nofollow\" class=\"linksalpha_button linksalpha_link\" href=\"\/\/www.linksalpha.com\/social\/mobile\" data-url=\"http:\/\/www.blogdopilako.com.br\/wp\/2011\/09\/12\/serginho-barros-debora-luz\/\" data-text=\"Serginho Barros & D\u00e9bora Luz\" data-desc=\"Serginho Barros e D\u00e9bora Luz no Cd Afina\u00e7\u00e3o e Bom Gosto, trazendo a m\u00fasica de autoria de Al\u00e7eu Valen\u00e7a, Z\u00e9 Ramalho e Geraldo Azevedo, BICHO DE SETE CABE\u00c7AS. Gostou da m\u00fasica? -\u00a0Baixe a MP3 Aldenisio Tavares\" data-image=\"\" data-button=\"none\">\n\t\t\t\t\t<img src=\"\/\/www.linksalpha.com\/images\/social_share_button.png\" alt=\"Share\" class=\"linksalpha_image\" \/>\n\t\t\t\t\t<\/a><script type=\"text\/javascript\" src=\"\/\/www.linksalpha.com\/scripts\/loader_iconbox.js?v=2.4\"><\/script><\/span><\/div>","protected":false},"author":4,"featured_media":0,"comment_status":"open","ping_status":"open","sticky":false,"template":"","format":"standard","meta":[],"categories":[17],"tags":[],"_links":{"self":[{"href":"http:\/\/www.blogdopilako.com.br\/wp\/wp-json\/wp\/v2\/posts\/5020"}],"collection":[{"href":"http:\/\/www.blogdopilako.com.br\/wp\/wp-json\/wp\/v2\/posts"}],"about":[{"href":"http:\/\/www.blogdopilako.com.br\/wp\/wp-json\/wp\/v2\/types\/post"}],"author":[{"embeddable":true,"href":"http:\/\/www.blogdopilako.com.br\/wp\/wp-json\/wp\/v2\/users\/4"}],"replies":[{"embeddable":true,"href":"http:\/\/www.blogdopilako.com.br\/wp\/wp-json\/wp\/v2\/comments?post=5020"}],"version-history":[{"count":3,"href":"http:\/\/www.blogdopilako.com.br\/wp\/wp-json\/wp\/v2\/posts\/5020\/revisions"}],"predecessor-version":[{"id":5169,"href":"http:\/\/www.blogdopilako.com.br\/wp\/wp-json\/wp\/v2\/posts\/5020\/revisions\/5169"}],"wp:attachment":[{"href":"http:\/\/www.blogdopilako.com.br\/wp\/wp-json\/wp\/v2\/media?parent=5020"}],"wp:term":[{"taxonomy":"category","embeddable":true,"href":"http:\/\/www.blogdopilako.com.br\/wp\/wp-json\/wp\/v2\/categories?post=5020"},{"taxonomy":"post_tag","embeddable":true,"href":"http:\/\/www.blogdopilako.com.br\/wp\/wp-json\/wp\/v2\/tags?post=5020"}],"curies":[{"name":"wp","href":"https:\/\/api.w.org\/{rel}","templated":true}]}}