{"id":4807,"date":"2011-09-06T11:14:06","date_gmt":"2011-09-06T14:14:06","guid":{"rendered":"http:\/\/www.blogdopilako.com.br\/wp\/?p=4807"},"modified":"2011-09-06T11:21:22","modified_gmt":"2011-09-06T14:21:22","slug":"internauta-envia-fotos-do-transito-salve-se-quem-puder-de-vitoria","status":"publish","type":"post","link":"http:\/\/www.blogdopilako.com.br\/wp\/2011\/09\/06\/internauta-envia-fotos-do-transito-salve-se-quem-puder-de-vitoria\/","title":{"rendered":"Internauta envia fotos do &#8220;Tr\u00e2nsito Salve-se quem Puder&#8221; de Vit\u00f3ria"},"content":{"rendered":"\n\t\t\t\t<div class=\"mr_social_sharing_wrapper\">\n\t\t\t\t<!-- Social Sharing Toolkit v2.2 --><span class=\"mr_social_sharing_top\"><span style=\"display: inline-block; width: 55px; height: 62px; overflow: hidden;\"><div class=\"fb-like\" data-href=\"http:\/\/www.blogdopilako.com.br\/wp\/2011\/09\/06\/internauta-envia-fotos-do-transito-salve-se-quem-puder-de-vitoria\/\" data-send=\"false\" data-layout=\"box_count\" data-width=\"55\" data-show-faces=\"false\"><\/div><\/span><\/span><span class=\"mr_social_sharing_top\"><fb:share-button type=\"box_count\" href=\"http:\/\/www.blogdopilako.com.br\/wp\/2011\/09\/06\/internauta-envia-fotos-do-transito-salve-se-quem-puder-de-vitoria\/\"><\/fb:share-button><\/span><span class=\"mr_social_sharing\"><a rel=\"nofollow\" class=\"linksalpha_button linksalpha_link\" href=\"\/\/www.linksalpha.com\/social\/mobile\" data-url=\"http:\/\/www.blogdopilako.com.br\/wp\/2011\/09\/06\/internauta-envia-fotos-do-transito-salve-se-quem-puder-de-vitoria\/\" data-text=\"Internauta envia fotos do \u201cTr\u00e2nsito Salve-se quem Puder\u201d de Vit\u00f3ria\" data-desc=\"Recebemos do internauta D\u00e9cio Gustavo, fotos registradas na manh\u00e3 de hoje (06) na Pra\u00e7a 13 de Maio, centro comercial de nossa cidade. \"...\u00a0todo dia \u00e9 essa agonia, Vit\u00f3ria est\u00e1 entregue as baratas\". - lamentou D\u00e9cio. Confira as fotos registradas por ele: Envie voc\u00ea tamb\u00e9m a sua den\u00fancia\" data-image=\"http:\/\/www.blogdopilako.com.br\/wp\/wp-content\/uploads\/foto516.jpg\" data-button=\"none\">\n\t\t\t\t\t<img src=\"\/\/www.linksalpha.com\/images\/social_share_button.png\" alt=\"Share\" class=\"linksalpha_image\" \/>\n\t\t\t\t\t<\/a><script type=\"text\/javascript\" src=\"\/\/www.linksalpha.com\/scripts\/loader_iconbox.js?v=2.4\"><\/script><\/span><\/div><p style=\"text-align: justify;\">Recebemos do internauta <strong>D\u00e9cio Gustavo<\/strong>, fotos registradas na manh\u00e3 de hoje (06) na <strong>Pra\u00e7a 13 de Maio<\/strong>, centro comercial de nossa cidade.<strong> <em>&#8220;&#8230;\u00a0todo dia \u00e9 essa agonia, Vit\u00f3ria est\u00e1 entregue as baratas<\/em>&#8220;<\/strong>. &#8211; lamentou D\u00e9cio. Confira as fotos registradas por ele:<\/p>\n<p style=\"text-align: center;\"><a href=\"http:\/\/www.blogdopilako.com.br\/wp\/wp-content\/uploads\/foto125.jpg\"><img loading=\"lazy\" class=\"aligncenter size-full wp-image-4808\" title=\"foto1\" src=\"http:\/\/www.blogdopilako.com.br\/wp\/wp-content\/uploads\/foto125.jpg\" alt=\"\" width=\"544\" height=\"408\" \/><\/a><a href=\"http:\/\/www.blogdopilako.com.br\/wp\/wp-content\/uploads\/foto220.jpg\"><img loading=\"lazy\" class=\"aligncenter size-full wp-image-4809\" title=\"foto2\" src=\"http:\/\/www.blogdopilako.com.br\/wp\/wp-content\/uploads\/foto220.jpg\" alt=\"\" width=\"544\" height=\"408\" \/><\/a><a href=\"http:\/\/www.blogdopilako.com.br\/wp\/wp-content\/uploads\/foto320.jpg\"><img loading=\"lazy\" class=\"aligncenter size-full wp-image-4810\" title=\"foto3\" src=\"http:\/\/www.blogdopilako.com.br\/wp\/wp-content\/uploads\/foto320.jpg\" alt=\"\" width=\"544\" height=\"408\" \/><\/a><a href=\"http:\/\/www.blogdopilako.com.br\/wp\/wp-content\/uploads\/foto416.jpg\"><\/a><a href=\"http:\/\/www.blogdopilako.com.br\/wp\/wp-content\/uploads\/foto516.jpg\"><img loading=\"lazy\" class=\"aligncenter\" title=\"foto5\" src=\"http:\/\/www.blogdopilako.com.br\/wp\/wp-content\/uploads\/foto516.jpg\" alt=\"\" width=\"544\" height=\"408\" \/><\/a><\/p>\n<p style=\"text-align: center;\"><a href=\"http:\/\/www.blogdopilako.com.br\/wp\/wp-content\/uploads\/foto416.jpg\"><img loading=\"lazy\" class=\"aligncenter size-full wp-image-4811\" title=\"foto4\" src=\"http:\/\/www.blogdopilako.com.br\/wp\/wp-content\/uploads\/foto416.jpg\" alt=\"\" width=\"544\" height=\"408\" \/><\/a><a href=\"http:\/\/www.blogdopilako.com.br\/wp\/wp-content\/uploads\/foto516.jpg\"><br \/>\n<\/a><span style=\"color: #ff0000;\"><strong>Envie voc\u00ea tamb\u00e9m a sua den\u00fancia para o e-mail:<\/strong><\/span><br \/>\n<span style=\"color: #ff0000;\"><strong>contato@blogdopilako.com.br <\/strong><\/span><\/p>\n\n\t\t\t\t<div class=\"mr_social_sharing_wrapper\">\n\t\t\t\t<!-- Social Sharing Toolkit v2.2 --><span class=\"mr_social_sharing_top\"><span style=\"display: inline-block; width: 55px; height: 62px; overflow: hidden;\"><div class=\"fb-like\" data-href=\"http:\/\/www.blogdopilako.com.br\/wp\/2011\/09\/06\/internauta-envia-fotos-do-transito-salve-se-quem-puder-de-vitoria\/\" data-send=\"false\" data-layout=\"box_count\" data-width=\"55\" data-show-faces=\"false\"><\/div><\/span><\/span><span class=\"mr_social_sharing_top\"><fb:share-button type=\"box_count\" href=\"http:\/\/www.blogdopilako.com.br\/wp\/2011\/09\/06\/internauta-envia-fotos-do-transito-salve-se-quem-puder-de-vitoria\/\"><\/fb:share-button><\/span><span class=\"mr_social_sharing\"><a rel=\"nofollow\" class=\"linksalpha_button linksalpha_link\" href=\"\/\/www.linksalpha.com\/social\/mobile\" data-url=\"http:\/\/www.blogdopilako.com.br\/wp\/2011\/09\/06\/internauta-envia-fotos-do-transito-salve-se-quem-puder-de-vitoria\/\" data-text=\"Internauta envia fotos do \u201cTr\u00e2nsito Salve-se quem Puder\u201d de Vit\u00f3ria\" data-desc=\"Recebemos do internauta D\u00e9cio Gustavo, fotos registradas na manh\u00e3 de hoje (06) na Pra\u00e7a 13 de Maio, centro comercial de nossa cidade. \"...\u00a0todo dia \u00e9 essa agonia, Vit\u00f3ria est\u00e1 entregue as baratas\". - lamentou D\u00e9cio. Confira as fotos registradas por ele: Envie voc\u00ea tamb\u00e9m a sua den\u00fancia\" data-image=\"http:\/\/www.blogdopilako.com.br\/wp\/wp-content\/uploads\/foto516.jpg\" data-button=\"none\">\n\t\t\t\t\t<img src=\"\/\/www.linksalpha.com\/images\/social_share_button.png\" alt=\"Share\" class=\"linksalpha_image\" \/>\n\t\t\t\t\t<\/a><script type=\"text\/javascript\" src=\"\/\/www.linksalpha.com\/scripts\/loader_iconbox.js?v=2.4\"><\/script><\/span><\/div>","protected":false},"excerpt":{"rendered":"\n\t\t\t\t<div class=\"mr_social_sharing_wrapper\">\n\t\t\t\t<!-- Social Sharing Toolkit v2.2 --><span class=\"mr_social_sharing_top\"><span style=\"display: inline-block; width: 55px; height: 62px; overflow: hidden;\"><div class=\"fb-like\" data-href=\"http:\/\/www.blogdopilako.com.br\/wp\/2011\/09\/06\/internauta-envia-fotos-do-transito-salve-se-quem-puder-de-vitoria\/\" data-send=\"false\" data-layout=\"box_count\" data-width=\"55\" data-show-faces=\"false\"><\/div><\/span><\/span><span class=\"mr_social_sharing_top\"><fb:share-button type=\"box_count\" href=\"http:\/\/www.blogdopilako.com.br\/wp\/2011\/09\/06\/internauta-envia-fotos-do-transito-salve-se-quem-puder-de-vitoria\/\"><\/fb:share-button><\/span><span class=\"mr_social_sharing\"><a rel=\"nofollow\" class=\"linksalpha_button linksalpha_link\" href=\"\/\/www.linksalpha.com\/social\/mobile\" data-url=\"http:\/\/www.blogdopilako.com.br\/wp\/2011\/09\/06\/internauta-envia-fotos-do-transito-salve-se-quem-puder-de-vitoria\/\" data-text=\"Internauta envia fotos do \u201cTr\u00e2nsito Salve-se quem Puder\u201d de Vit\u00f3ria\" data-desc=\"Recebemos do internauta D\u00e9cio Gustavo, fotos registradas na manh\u00e3 de hoje (06) na Pra\u00e7a 13 de Maio, centro comercial de nossa cidade. \"...\u00a0todo dia \u00e9 essa agonia, Vit\u00f3ria est\u00e1 entregue as baratas\". - lamentou D\u00e9cio. Confira as fotos registradas por ele: Envie voc\u00ea tamb\u00e9m a sua den\u00fancia\" data-image=\"\" data-button=\"none\">\n\t\t\t\t\t<img src=\"\/\/www.linksalpha.com\/images\/social_share_button.png\" alt=\"Share\" class=\"linksalpha_image\" \/>\n\t\t\t\t\t<\/a><script type=\"text\/javascript\" src=\"\/\/www.linksalpha.com\/scripts\/loader_iconbox.js?v=2.4\"><\/script><\/span><\/div><p>Recebemos do internauta D\u00e9cio Gustavo, fotos registradas na manh\u00e3 de hoje (06) na Pra\u00e7a 13 de Maio, centro comercial de nossa cidade. &#8220;&#8230;\u00a0todo dia \u00e9 essa agonia, Vit\u00f3ria est\u00e1 entregue as baratas&#8220;. &#8211; lamentou D\u00e9cio. Confira as fotos registradas por &hellip; <a href=\"http:\/\/www.blogdopilako.com.br\/wp\/2011\/09\/06\/internauta-envia-fotos-do-transito-salve-se-quem-puder-de-vitoria\/\">Continue lendo <span class=\"meta-nav\">&rarr;<\/span><\/a><\/p>\n\n\t\t\t\t<div class=\"mr_social_sharing_wrapper\">\n\t\t\t\t<!-- Social Sharing Toolkit v2.2 --><span class=\"mr_social_sharing_top\"><span style=\"display: inline-block; width: 55px; height: 62px; overflow: hidden;\"><div class=\"fb-like\" data-href=\"http:\/\/www.blogdopilako.com.br\/wp\/2011\/09\/06\/internauta-envia-fotos-do-transito-salve-se-quem-puder-de-vitoria\/\" data-send=\"false\" data-layout=\"box_count\" data-width=\"55\" data-show-faces=\"false\"><\/div><\/span><\/span><span class=\"mr_social_sharing_top\"><fb:share-button type=\"box_count\" href=\"http:\/\/www.blogdopilako.com.br\/wp\/2011\/09\/06\/internauta-envia-fotos-do-transito-salve-se-quem-puder-de-vitoria\/\"><\/fb:share-button><\/span><span class=\"mr_social_sharing\"><a rel=\"nofollow\" class=\"linksalpha_button linksalpha_link\" href=\"\/\/www.linksalpha.com\/social\/mobile\" data-url=\"http:\/\/www.blogdopilako.com.br\/wp\/2011\/09\/06\/internauta-envia-fotos-do-transito-salve-se-quem-puder-de-vitoria\/\" data-text=\"Internauta envia fotos do \u201cTr\u00e2nsito Salve-se quem Puder\u201d de Vit\u00f3ria\" data-desc=\"Recebemos do internauta D\u00e9cio Gustavo, fotos registradas na manh\u00e3 de hoje (06) na Pra\u00e7a 13 de Maio, centro comercial de nossa cidade. \"...\u00a0todo dia \u00e9 essa agonia, Vit\u00f3ria est\u00e1 entregue as baratas\". - lamentou D\u00e9cio. Confira as fotos registradas por ele: Envie voc\u00ea tamb\u00e9m a sua den\u00fancia\" data-image=\"\" data-button=\"none\">\n\t\t\t\t\t<img src=\"\/\/www.linksalpha.com\/images\/social_share_button.png\" alt=\"Share\" class=\"linksalpha_image\" \/>\n\t\t\t\t\t<\/a><script type=\"text\/javascript\" src=\"\/\/www.linksalpha.com\/scripts\/loader_iconbox.js?v=2.4\"><\/script><\/span><\/div>","protected":false},"author":4,"featured_media":0,"comment_status":"open","ping_status":"open","sticky":false,"template":"","format":"standard","meta":[],"categories":[22],"tags":[],"_links":{"self":[{"href":"http:\/\/www.blogdopilako.com.br\/wp\/wp-json\/wp\/v2\/posts\/4807"}],"collection":[{"href":"http:\/\/www.blogdopilako.com.br\/wp\/wp-json\/wp\/v2\/posts"}],"about":[{"href":"http:\/\/www.blogdopilako.com.br\/wp\/wp-json\/wp\/v2\/types\/post"}],"author":[{"embeddable":true,"href":"http:\/\/www.blogdopilako.com.br\/wp\/wp-json\/wp\/v2\/users\/4"}],"replies":[{"embeddable":true,"href":"http:\/\/www.blogdopilako.com.br\/wp\/wp-json\/wp\/v2\/comments?post=4807"}],"version-history":[{"count":4,"href":"http:\/\/www.blogdopilako.com.br\/wp\/wp-json\/wp\/v2\/posts\/4807\/revisions"}],"predecessor-version":[{"id":4819,"href":"http:\/\/www.blogdopilako.com.br\/wp\/wp-json\/wp\/v2\/posts\/4807\/revisions\/4819"}],"wp:attachment":[{"href":"http:\/\/www.blogdopilako.com.br\/wp\/wp-json\/wp\/v2\/media?parent=4807"}],"wp:term":[{"taxonomy":"category","embeddable":true,"href":"http:\/\/www.blogdopilako.com.br\/wp\/wp-json\/wp\/v2\/categories?post=4807"},{"taxonomy":"post_tag","embeddable":true,"href":"http:\/\/www.blogdopilako.com.br\/wp\/wp-json\/wp\/v2\/tags?post=4807"}],"curies":[{"name":"wp","href":"https:\/\/api.w.org\/{rel}","templated":true}]}}