{"id":4691,"date":"2011-09-05T12:06:06","date_gmt":"2011-09-05T15:06:06","guid":{"rendered":"http:\/\/www.blogdopilako.com.br\/wp\/?p=4691"},"modified":"2011-09-05T12:06:06","modified_gmt":"2011-09-05T15:06:06","slug":"mais-uma-vez","status":"publish","type":"post","link":"http:\/\/www.blogdopilako.com.br\/wp\/2011\/09\/05\/mais-uma-vez\/","title":{"rendered":"Mais uma vez"},"content":{"rendered":"\n\t\t\t\t<div class=\"mr_social_sharing_wrapper\">\n\t\t\t\t<!-- Social Sharing Toolkit v2.2 --><span class=\"mr_social_sharing_top\"><span style=\"display: inline-block; width: 55px; height: 62px; overflow: hidden;\"><div class=\"fb-like\" data-href=\"http:\/\/www.blogdopilako.com.br\/wp\/2011\/09\/05\/mais-uma-vez\/\" data-send=\"false\" data-layout=\"box_count\" data-width=\"55\" data-show-faces=\"false\"><\/div><\/span><\/span><span class=\"mr_social_sharing_top\"><fb:share-button type=\"box_count\" href=\"http:\/\/www.blogdopilako.com.br\/wp\/2011\/09\/05\/mais-uma-vez\/\"><\/fb:share-button><\/span><span class=\"mr_social_sharing\"><a rel=\"nofollow\" class=\"linksalpha_button linksalpha_link\" href=\"\/\/www.linksalpha.com\/social\/mobile\" data-url=\"http:\/\/www.blogdopilako.com.br\/wp\/2011\/09\/05\/mais-uma-vez\/\" data-text=\"Mais uma vez\" data-desc=\"Na noite da \u00faltima sexta-feira (01) nossas lentes registraram mais uma vez uma porca fu\u00e7ando os lixos e infernizando a vida das donas de casa, desta vez na rua Hor\u00e1cio de Barros. Seja durante o dia ou \u00e0 noite, os bichos andam soltos pelas ruas de Vit\u00f3ria e o Prefeito Elias Lira faz de conta\" data-image=\"http:\/\/www.blogdopilako.com.br\/wp\/wp-content\/uploads\/porcao.jpg\" data-button=\"none\">\n\t\t\t\t\t<img src=\"\/\/www.linksalpha.com\/images\/social_share_button.png\" alt=\"Share\" class=\"linksalpha_image\" \/>\n\t\t\t\t\t<\/a><script type=\"text\/javascript\" src=\"\/\/www.linksalpha.com\/scripts\/loader_iconbox.js?v=2.4\"><\/script><\/span><\/div><p style=\"text-align: justify;\"><a href=\"http:\/\/www.blogdopilako.com.br\/wp\/wp-content\/uploads\/porcao.jpg\"><img loading=\"lazy\" class=\"aligncenter size-full wp-image-4725\" title=\"porcao\" src=\"http:\/\/www.blogdopilako.com.br\/wp\/wp-content\/uploads\/porcao.jpg\" alt=\"\" width=\"581\" height=\"436\" \/><\/a><\/p>\n<p style=\"text-align: justify;\">Na noite da \u00faltima sexta-feira (01) nossas lentes registraram mais uma vez uma porca fu\u00e7ando os lixos e infernizando a vida das donas de casa, desta vez na rua <strong>Hor\u00e1cio de Barros<\/strong>. Seja durante o dia ou \u00e0 noite, os bichos andam soltos pelas ruas de Vit\u00f3ria e o <strong>Prefeito Elias Lira faz de conta que n\u00e3o sabe.<\/strong><\/p>\n\n\t\t\t\t<div class=\"mr_social_sharing_wrapper\">\n\t\t\t\t<!-- Social Sharing Toolkit v2.2 --><span class=\"mr_social_sharing_top\"><span style=\"display: inline-block; width: 55px; height: 62px; overflow: hidden;\"><div class=\"fb-like\" data-href=\"http:\/\/www.blogdopilako.com.br\/wp\/2011\/09\/05\/mais-uma-vez\/\" data-send=\"false\" data-layout=\"box_count\" data-width=\"55\" data-show-faces=\"false\"><\/div><\/span><\/span><span class=\"mr_social_sharing_top\"><fb:share-button type=\"box_count\" href=\"http:\/\/www.blogdopilako.com.br\/wp\/2011\/09\/05\/mais-uma-vez\/\"><\/fb:share-button><\/span><span class=\"mr_social_sharing\"><a rel=\"nofollow\" class=\"linksalpha_button linksalpha_link\" href=\"\/\/www.linksalpha.com\/social\/mobile\" data-url=\"http:\/\/www.blogdopilako.com.br\/wp\/2011\/09\/05\/mais-uma-vez\/\" data-text=\"Mais uma vez\" data-desc=\"Na noite da \u00faltima sexta-feira (01) nossas lentes registraram mais uma vez uma porca fu\u00e7ando os lixos e infernizando a vida das donas de casa, desta vez na rua Hor\u00e1cio de Barros. Seja durante o dia ou \u00e0 noite, os bichos andam soltos pelas ruas de Vit\u00f3ria e o Prefeito Elias Lira faz de conta\" data-image=\"http:\/\/www.blogdopilako.com.br\/wp\/wp-content\/uploads\/porcao.jpg\" data-button=\"none\">\n\t\t\t\t\t<img src=\"\/\/www.linksalpha.com\/images\/social_share_button.png\" alt=\"Share\" class=\"linksalpha_image\" \/>\n\t\t\t\t\t<\/a><script type=\"text\/javascript\" src=\"\/\/www.linksalpha.com\/scripts\/loader_iconbox.js?v=2.4\"><\/script><\/span><\/div>","protected":false},"excerpt":{"rendered":"\n\t\t\t\t<div class=\"mr_social_sharing_wrapper\">\n\t\t\t\t<!-- Social Sharing Toolkit v2.2 --><span class=\"mr_social_sharing_top\"><span style=\"display: inline-block; width: 55px; height: 62px; overflow: hidden;\"><div class=\"fb-like\" data-href=\"http:\/\/www.blogdopilako.com.br\/wp\/2011\/09\/05\/mais-uma-vez\/\" data-send=\"false\" data-layout=\"box_count\" data-width=\"55\" data-show-faces=\"false\"><\/div><\/span><\/span><span class=\"mr_social_sharing_top\"><fb:share-button type=\"box_count\" href=\"http:\/\/www.blogdopilako.com.br\/wp\/2011\/09\/05\/mais-uma-vez\/\"><\/fb:share-button><\/span><span class=\"mr_social_sharing\"><a rel=\"nofollow\" class=\"linksalpha_button linksalpha_link\" href=\"\/\/www.linksalpha.com\/social\/mobile\" data-url=\"http:\/\/www.blogdopilako.com.br\/wp\/2011\/09\/05\/mais-uma-vez\/\" data-text=\"Mais uma vez\" data-desc=\"Na noite da \u00faltima sexta-feira (01) nossas lentes registraram mais uma vez uma porca fu\u00e7ando os lixos e infernizando a vida das donas de casa, desta vez na rua Hor\u00e1cio de Barros. Seja durante o dia ou \u00e0 noite, os bichos andam soltos pelas ruas de Vit\u00f3ria e o Prefeito Elias Lira faz de conta\" data-image=\"\" data-button=\"none\">\n\t\t\t\t\t<img src=\"\/\/www.linksalpha.com\/images\/social_share_button.png\" alt=\"Share\" class=\"linksalpha_image\" \/>\n\t\t\t\t\t<\/a><script type=\"text\/javascript\" src=\"\/\/www.linksalpha.com\/scripts\/loader_iconbox.js?v=2.4\"><\/script><\/span><\/div><p>Na noite da \u00faltima sexta-feira (01) nossas lentes registraram mais uma vez uma porca fu\u00e7ando os lixos e infernizando a vida das donas de casa, desta vez na rua Hor\u00e1cio de Barros. Seja durante o dia ou \u00e0 noite, os &hellip; <a href=\"http:\/\/www.blogdopilako.com.br\/wp\/2011\/09\/05\/mais-uma-vez\/\">Continue lendo <span class=\"meta-nav\">&rarr;<\/span><\/a><\/p>\n\n\t\t\t\t<div class=\"mr_social_sharing_wrapper\">\n\t\t\t\t<!-- Social Sharing Toolkit v2.2 --><span class=\"mr_social_sharing_top\"><span style=\"display: inline-block; width: 55px; height: 62px; overflow: hidden;\"><div class=\"fb-like\" data-href=\"http:\/\/www.blogdopilako.com.br\/wp\/2011\/09\/05\/mais-uma-vez\/\" data-send=\"false\" data-layout=\"box_count\" data-width=\"55\" data-show-faces=\"false\"><\/div><\/span><\/span><span class=\"mr_social_sharing_top\"><fb:share-button type=\"box_count\" href=\"http:\/\/www.blogdopilako.com.br\/wp\/2011\/09\/05\/mais-uma-vez\/\"><\/fb:share-button><\/span><span class=\"mr_social_sharing\"><a rel=\"nofollow\" class=\"linksalpha_button linksalpha_link\" href=\"\/\/www.linksalpha.com\/social\/mobile\" data-url=\"http:\/\/www.blogdopilako.com.br\/wp\/2011\/09\/05\/mais-uma-vez\/\" data-text=\"Mais uma vez\" data-desc=\"Na noite da \u00faltima sexta-feira (01) nossas lentes registraram mais uma vez uma porca fu\u00e7ando os lixos e infernizando a vida das donas de casa, desta vez na rua Hor\u00e1cio de Barros. Seja durante o dia ou \u00e0 noite, os bichos andam soltos pelas ruas de Vit\u00f3ria e o Prefeito Elias Lira faz de conta\" data-image=\"\" data-button=\"none\">\n\t\t\t\t\t<img src=\"\/\/www.linksalpha.com\/images\/social_share_button.png\" alt=\"Share\" class=\"linksalpha_image\" \/>\n\t\t\t\t\t<\/a><script type=\"text\/javascript\" src=\"\/\/www.linksalpha.com\/scripts\/loader_iconbox.js?v=2.4\"><\/script><\/span><\/div>","protected":false},"author":4,"featured_media":0,"comment_status":"open","ping_status":"open","sticky":false,"template":"","format":"standard","meta":[],"categories":[21],"tags":[],"_links":{"self":[{"href":"http:\/\/www.blogdopilako.com.br\/wp\/wp-json\/wp\/v2\/posts\/4691"}],"collection":[{"href":"http:\/\/www.blogdopilako.com.br\/wp\/wp-json\/wp\/v2\/posts"}],"about":[{"href":"http:\/\/www.blogdopilako.com.br\/wp\/wp-json\/wp\/v2\/types\/post"}],"author":[{"embeddable":true,"href":"http:\/\/www.blogdopilako.com.br\/wp\/wp-json\/wp\/v2\/users\/4"}],"replies":[{"embeddable":true,"href":"http:\/\/www.blogdopilako.com.br\/wp\/wp-json\/wp\/v2\/comments?post=4691"}],"version-history":[{"count":2,"href":"http:\/\/www.blogdopilako.com.br\/wp\/wp-json\/wp\/v2\/posts\/4691\/revisions"}],"predecessor-version":[{"id":4726,"href":"http:\/\/www.blogdopilako.com.br\/wp\/wp-json\/wp\/v2\/posts\/4691\/revisions\/4726"}],"wp:attachment":[{"href":"http:\/\/www.blogdopilako.com.br\/wp\/wp-json\/wp\/v2\/media?parent=4691"}],"wp:term":[{"taxonomy":"category","embeddable":true,"href":"http:\/\/www.blogdopilako.com.br\/wp\/wp-json\/wp\/v2\/categories?post=4691"},{"taxonomy":"post_tag","embeddable":true,"href":"http:\/\/www.blogdopilako.com.br\/wp\/wp-json\/wp\/v2\/tags?post=4691"}],"curies":[{"name":"wp","href":"https:\/\/api.w.org\/{rel}","templated":true}]}}