{"id":454,"date":"2011-06-28T12:00:39","date_gmt":"2011-06-28T15:00:39","guid":{"rendered":"http:\/\/www.blogdopilako.com.br\/wp\/?p=454"},"modified":"2011-06-30T08:46:19","modified_gmt":"2011-06-30T11:46:19","slug":"vitoria-bem-administrada","status":"publish","type":"post","link":"http:\/\/www.blogdopilako.com.br\/wp\/2011\/06\/28\/vitoria-bem-administrada\/","title":{"rendered":"Vit\u00f3ria bem administrada"},"content":{"rendered":"\n\t\t\t\t<div class=\"mr_social_sharing_wrapper\">\n\t\t\t\t<!-- Social Sharing Toolkit v2.2 --><span class=\"mr_social_sharing_top\"><span style=\"display: inline-block; width: 55px; height: 62px; overflow: hidden;\"><div class=\"fb-like\" data-href=\"http:\/\/www.blogdopilako.com.br\/wp\/2011\/06\/28\/vitoria-bem-administrada\/\" data-send=\"false\" data-layout=\"box_count\" data-width=\"55\" data-show-faces=\"false\"><\/div><\/span><\/span><span class=\"mr_social_sharing_top\"><fb:share-button type=\"box_count\" href=\"http:\/\/www.blogdopilako.com.br\/wp\/2011\/06\/28\/vitoria-bem-administrada\/\"><\/fb:share-button><\/span><span class=\"mr_social_sharing\"><a rel=\"nofollow\" class=\"linksalpha_button linksalpha_link\" href=\"\/\/www.linksalpha.com\/social\/mobile\" data-url=\"http:\/\/www.blogdopilako.com.br\/wp\/2011\/06\/28\/vitoria-bem-administrada\/\" data-text=\"Vit\u00f3ria bem administrada\" data-desc=\"Na campanha passada para prefeito em Vit\u00f3ria, a cidade teve quatro candidatos. Como se sabe, o candidato pode concorrer apenas pelo seu partido ou pela jun\u00e7\u00e3o \u00a0de partidos, devidamente acertado e combinado em uma conven\u00e7\u00e3o, o nome\u00a0dessa jun\u00e7\u00e3o \u00e9 \u201ccoliga\u00e7\u00e3o\u201d. Tivemos \u00a0registrada na\" data-image=\"http:\/\/www.blogdopilako.com.br\/wp\/wp-content\/uploads\/bem_administrada.jpg\" data-button=\"none\">\n\t\t\t\t\t<img src=\"\/\/www.linksalpha.com\/images\/social_share_button.png\" alt=\"Share\" class=\"linksalpha_image\" \/>\n\t\t\t\t\t<\/a><script type=\"text\/javascript\" src=\"\/\/www.linksalpha.com\/scripts\/loader_iconbox.js?v=2.4\"><\/script><\/span><\/div><p style=\"text-align: center;\"><a href=\"http:\/\/www.blogdopilako.com.br\/wp\/wp-content\/uploads\/bem_administrada.jpg\"><img loading=\"lazy\" class=\"aligncenter size-full wp-image-491\" title=\"bem_administrada\" src=\"http:\/\/www.blogdopilako.com.br\/wp\/wp-content\/uploads\/bem_administrada.jpg\" alt=\"\" width=\"544\" height=\"419\" \/><\/a><\/p>\n<p style=\"text-align: justify;\">Na campanha passada para prefeito em Vit\u00f3ria, a cidade teve quatro candidatos. Como se sabe, o candidato pode concorrer apenas pelo seu partido ou pela jun\u00e7\u00e3o \u00a0de partidos, devidamente acertado e combinado em uma conven\u00e7\u00e3o, o nome\u00a0dessa jun\u00e7\u00e3o \u00e9 \u201ccoliga\u00e7\u00e3o\u201d. Tivemos \u00a0registrada na justi\u00e7a eleitoral tr\u00eas coliga\u00e7\u00f5es \u2013 Frente popular da Vit\u00f3ria \u2013 Vit\u00f3ria de cara nova \u2013 Vit\u00f3ria bem administrada -. \u00c9 comum, n\u00e3o s\u00f3 em nossa cidade, os eleitores esquecerem em quem votou, e como tamb\u00e9m, nem \u00a0lembrar das promessas dos seus candidatos. O <a href=\"http:\/\/www.blogdopilako.com.br\">Blog do Pilako<\/a> Fazendo um \u201clink\u201d entre os dias atuais e a campanha municipal passada \u00a0faz quest\u00e3o de lembrar, a voc\u00ea \u00a0eleitor vitoriense, que a coliga\u00e7\u00e3o que sagrou-se vencedora foi justamente a \u201c <strong>Vit\u00f3ria bem Administrada<\/strong>\u201d. Na foto acima de uma conhecida e hist\u00f3rica pra\u00e7a situada bem no \u201ccora\u00e7\u00e3o da cidade\u201d (pra\u00e7a Le\u00e3o Coroado) fica \u00a0o \u201cretrato\u201d do tratamento de descaso e abandono que o prefeito Elias Lira vem \u201cimpondo\u201d \u00e0 cidade e aos seus \u00a0habitantes. Ser\u00e1 que o nome da coliga\u00e7\u00e3o foi mais uma \u201cpaima\u201d colocada nos \u00a0vitorienses e que era tudo uma pegadinha?<\/p>\n\n\t\t\t\t<div class=\"mr_social_sharing_wrapper\">\n\t\t\t\t<!-- Social Sharing Toolkit v2.2 --><span class=\"mr_social_sharing_top\"><span style=\"display: inline-block; width: 55px; height: 62px; overflow: hidden;\"><div class=\"fb-like\" data-href=\"http:\/\/www.blogdopilako.com.br\/wp\/2011\/06\/28\/vitoria-bem-administrada\/\" data-send=\"false\" data-layout=\"box_count\" data-width=\"55\" data-show-faces=\"false\"><\/div><\/span><\/span><span class=\"mr_social_sharing_top\"><fb:share-button type=\"box_count\" href=\"http:\/\/www.blogdopilako.com.br\/wp\/2011\/06\/28\/vitoria-bem-administrada\/\"><\/fb:share-button><\/span><span class=\"mr_social_sharing\"><a rel=\"nofollow\" class=\"linksalpha_button linksalpha_link\" href=\"\/\/www.linksalpha.com\/social\/mobile\" data-url=\"http:\/\/www.blogdopilako.com.br\/wp\/2011\/06\/28\/vitoria-bem-administrada\/\" data-text=\"Vit\u00f3ria bem administrada\" data-desc=\"Na campanha passada para prefeito em Vit\u00f3ria, a cidade teve quatro candidatos. Como se sabe, o candidato pode concorrer apenas pelo seu partido ou pela jun\u00e7\u00e3o \u00a0de partidos, devidamente acertado e combinado em uma conven\u00e7\u00e3o, o nome\u00a0dessa jun\u00e7\u00e3o \u00e9 \u201ccoliga\u00e7\u00e3o\u201d. Tivemos \u00a0registrada na\" data-image=\"http:\/\/www.blogdopilako.com.br\/wp\/wp-content\/uploads\/bem_administrada.jpg\" data-button=\"none\">\n\t\t\t\t\t<img src=\"\/\/www.linksalpha.com\/images\/social_share_button.png\" alt=\"Share\" class=\"linksalpha_image\" \/>\n\t\t\t\t\t<\/a><script type=\"text\/javascript\" src=\"\/\/www.linksalpha.com\/scripts\/loader_iconbox.js?v=2.4\"><\/script><\/span><\/div>","protected":false},"excerpt":{"rendered":"\n\t\t\t\t<div class=\"mr_social_sharing_wrapper\">\n\t\t\t\t<!-- Social Sharing Toolkit v2.2 --><span class=\"mr_social_sharing_top\"><span style=\"display: inline-block; width: 55px; height: 62px; overflow: hidden;\"><div class=\"fb-like\" data-href=\"http:\/\/www.blogdopilako.com.br\/wp\/2011\/06\/28\/vitoria-bem-administrada\/\" data-send=\"false\" data-layout=\"box_count\" data-width=\"55\" data-show-faces=\"false\"><\/div><\/span><\/span><span class=\"mr_social_sharing_top\"><fb:share-button type=\"box_count\" href=\"http:\/\/www.blogdopilako.com.br\/wp\/2011\/06\/28\/vitoria-bem-administrada\/\"><\/fb:share-button><\/span><span class=\"mr_social_sharing\"><a rel=\"nofollow\" class=\"linksalpha_button linksalpha_link\" href=\"\/\/www.linksalpha.com\/social\/mobile\" data-url=\"http:\/\/www.blogdopilako.com.br\/wp\/2011\/06\/28\/vitoria-bem-administrada\/\" data-text=\"Vit\u00f3ria bem administrada\" data-desc=\"Na campanha passada para prefeito em Vit\u00f3ria, a cidade teve quatro candidatos. Como se sabe, o candidato pode concorrer apenas pelo seu partido ou pela jun\u00e7\u00e3o \u00a0de partidos, devidamente acertado e combinado em uma conven\u00e7\u00e3o, o nome\u00a0dessa jun\u00e7\u00e3o \u00e9 \u201ccoliga\u00e7\u00e3o\u201d. Tivemos \u00a0registrada na\" data-image=\"\" data-button=\"none\">\n\t\t\t\t\t<img src=\"\/\/www.linksalpha.com\/images\/social_share_button.png\" alt=\"Share\" class=\"linksalpha_image\" \/>\n\t\t\t\t\t<\/a><script type=\"text\/javascript\" src=\"\/\/www.linksalpha.com\/scripts\/loader_iconbox.js?v=2.4\"><\/script><\/span><\/div><p>Na campanha passada para prefeito em Vit\u00f3ria, a cidade teve quatro candidatos. Como se sabe, o candidato pode concorrer apenas pelo seu partido ou pela jun\u00e7\u00e3o \u00a0de partidos, devidamente acertado e combinado em uma conven\u00e7\u00e3o, o nome\u00a0dessa jun\u00e7\u00e3o \u00e9 \u201ccoliga\u00e7\u00e3o\u201d. &hellip; <a href=\"http:\/\/www.blogdopilako.com.br\/wp\/2011\/06\/28\/vitoria-bem-administrada\/\">Continue lendo <span class=\"meta-nav\">&rarr;<\/span><\/a><\/p>\n\n\t\t\t\t<div class=\"mr_social_sharing_wrapper\">\n\t\t\t\t<!-- Social Sharing Toolkit v2.2 --><span class=\"mr_social_sharing_top\"><span style=\"display: inline-block; width: 55px; height: 62px; overflow: hidden;\"><div class=\"fb-like\" data-href=\"http:\/\/www.blogdopilako.com.br\/wp\/2011\/06\/28\/vitoria-bem-administrada\/\" data-send=\"false\" data-layout=\"box_count\" data-width=\"55\" data-show-faces=\"false\"><\/div><\/span><\/span><span class=\"mr_social_sharing_top\"><fb:share-button type=\"box_count\" href=\"http:\/\/www.blogdopilako.com.br\/wp\/2011\/06\/28\/vitoria-bem-administrada\/\"><\/fb:share-button><\/span><span class=\"mr_social_sharing\"><a rel=\"nofollow\" class=\"linksalpha_button linksalpha_link\" href=\"\/\/www.linksalpha.com\/social\/mobile\" data-url=\"http:\/\/www.blogdopilako.com.br\/wp\/2011\/06\/28\/vitoria-bem-administrada\/\" data-text=\"Vit\u00f3ria bem administrada\" data-desc=\"Na campanha passada para prefeito em Vit\u00f3ria, a cidade teve quatro candidatos. Como se sabe, o candidato pode concorrer apenas pelo seu partido ou pela jun\u00e7\u00e3o \u00a0de partidos, devidamente acertado e combinado em uma conven\u00e7\u00e3o, o nome\u00a0dessa jun\u00e7\u00e3o \u00e9 \u201ccoliga\u00e7\u00e3o\u201d. Tivemos \u00a0registrada na\" data-image=\"\" data-button=\"none\">\n\t\t\t\t\t<img src=\"\/\/www.linksalpha.com\/images\/social_share_button.png\" alt=\"Share\" class=\"linksalpha_image\" \/>\n\t\t\t\t\t<\/a><script type=\"text\/javascript\" src=\"\/\/www.linksalpha.com\/scripts\/loader_iconbox.js?v=2.4\"><\/script><\/span><\/div>","protected":false},"author":4,"featured_media":0,"comment_status":"open","ping_status":"open","sticky":false,"template":"","format":"standard","meta":[],"categories":[21],"tags":[],"_links":{"self":[{"href":"http:\/\/www.blogdopilako.com.br\/wp\/wp-json\/wp\/v2\/posts\/454"}],"collection":[{"href":"http:\/\/www.blogdopilako.com.br\/wp\/wp-json\/wp\/v2\/posts"}],"about":[{"href":"http:\/\/www.blogdopilako.com.br\/wp\/wp-json\/wp\/v2\/types\/post"}],"author":[{"embeddable":true,"href":"http:\/\/www.blogdopilako.com.br\/wp\/wp-json\/wp\/v2\/users\/4"}],"replies":[{"embeddable":true,"href":"http:\/\/www.blogdopilako.com.br\/wp\/wp-json\/wp\/v2\/comments?post=454"}],"version-history":[{"count":11,"href":"http:\/\/www.blogdopilako.com.br\/wp\/wp-json\/wp\/v2\/posts\/454\/revisions"}],"predecessor-version":[{"id":701,"href":"http:\/\/www.blogdopilako.com.br\/wp\/wp-json\/wp\/v2\/posts\/454\/revisions\/701"}],"wp:attachment":[{"href":"http:\/\/www.blogdopilako.com.br\/wp\/wp-json\/wp\/v2\/media?parent=454"}],"wp:term":[{"taxonomy":"category","embeddable":true,"href":"http:\/\/www.blogdopilako.com.br\/wp\/wp-json\/wp\/v2\/categories?post=454"},{"taxonomy":"post_tag","embeddable":true,"href":"http:\/\/www.blogdopilako.com.br\/wp\/wp-json\/wp\/v2\/tags?post=454"}],"curies":[{"name":"wp","href":"https:\/\/api.w.org\/{rel}","templated":true}]}}