{"id":45354,"date":"2013-07-08T14:46:05","date_gmt":"2013-07-08T17:46:05","guid":{"rendered":"http:\/\/www.blogdopilako.com.br\/wp\/?p=45354"},"modified":"2013-07-08T17:25:17","modified_gmt":"2013-07-08T20:25:17","slug":"entendidos-do-governo-levam-ole-dos-bichos","status":"publish","type":"post","link":"http:\/\/www.blogdopilako.com.br\/wp\/2013\/07\/08\/entendidos-do-governo-levam-ole-dos-bichos\/","title":{"rendered":"&#8220;Entendidos&#8221; do Governo levam &#8220;ol\u00e9&#8221; dos Bichos."},"content":{"rendered":"\n\t\t\t\t<div class=\"mr_social_sharing_wrapper\">\n\t\t\t\t<!-- Social Sharing Toolkit v2.2 --><span class=\"mr_social_sharing_top\"><span style=\"display: inline-block; width: 55px; height: 62px; overflow: hidden;\"><div class=\"fb-like\" data-href=\"http:\/\/www.blogdopilako.com.br\/wp\/2013\/07\/08\/entendidos-do-governo-levam-ole-dos-bichos\/\" data-send=\"false\" data-layout=\"box_count\" data-width=\"55\" data-show-faces=\"false\"><\/div><\/span><\/span><span class=\"mr_social_sharing_top\"><fb:share-button type=\"box_count\" href=\"http:\/\/www.blogdopilako.com.br\/wp\/2013\/07\/08\/entendidos-do-governo-levam-ole-dos-bichos\/\"><\/fb:share-button><\/span><span class=\"mr_social_sharing\"><a rel=\"nofollow\" class=\"linksalpha_button linksalpha_link\" href=\"\/\/www.linksalpha.com\/social\/mobile\" data-url=\"http:\/\/www.blogdopilako.com.br\/wp\/2013\/07\/08\/entendidos-do-governo-levam-ole-dos-bichos\/\" data-text=\"\u201cEntendidos\u201d do Governo levam \u201col\u00e9\u201d dos Bichos.\" data-desc=\"Na manh\u00e3 de ontem (07) nossas lentes flagraram, na Rua Dr Jos\u00e9 Rufino Bezerra, tamb\u00e9m conhecida com Principal do Caj\u00e1, uma porca perambulando pela via. Pela forma que estava se deslocando e pelos ferimentos existentes no corpo da mesma, \u00a0aparentemente ela (porca) deve ter sido v\u00edtima de\" data-image=\"http:\/\/www.blogdopilako.com.br\/wp\/wp-content\/uploads\/porca12.jpg\" data-button=\"none\">\n\t\t\t\t\t<img src=\"\/\/www.linksalpha.com\/images\/social_share_button.png\" alt=\"Share\" class=\"linksalpha_image\" \/>\n\t\t\t\t\t<\/a><script type=\"text\/javascript\" src=\"\/\/www.linksalpha.com\/scripts\/loader_iconbox.js?v=2.4\"><\/script><\/span><\/div><p style=\"text-align: justify;\"><a href=\"http:\/\/www.blogdopilako.com.br\/wp\/wp-content\/uploads\/porca12.jpg\"><img loading=\"lazy\" class=\"aligncenter size-full wp-image-45371\" alt=\"porca\" src=\"http:\/\/www.blogdopilako.com.br\/wp\/wp-content\/uploads\/porca12.jpg\" width=\"577\" height=\"374\" \/><\/a><\/p>\n<p style=\"text-align: justify;\">Na manh\u00e3 de ontem (07) nossas lentes flagraram, na <strong>Rua Dr Jos\u00e9 Rufino Bezerra<\/strong>, tamb\u00e9m conhecida com Principal do <strong>Caj\u00e1<\/strong>, uma <strong>porca<\/strong> perambulando pela via. Pela forma que estava se deslocando e pelos ferimentos existentes no corpo da mesma, \u00a0aparentemente ela (porca) deve ter sido v\u00edtima de atropelamento.<\/p>\n<div id=\"attachment_29099\" style=\"width: 195px\" class=\"wp-caption alignleft\"><a href=\"http:\/\/www.blogdopilako.com.br\/wp\/wp-content\/uploads\/secretaria-de-saude.jpg\"><img aria-describedby=\"caption-attachment-29099\" loading=\"lazy\" class=\"size-full wp-image-29099\" alt=\"Secret\u00e1ria de Sa\u00fade Dra. Veraluce Lira \u2013 Foto: Portal da Prefeitura de Vit\u00f3ria\" src=\"http:\/\/www.blogdopilako.com.br\/wp\/wp-content\/uploads\/secretaria-de-saude.jpg\" width=\"185\" height=\"259\" \/><\/a><p id=\"caption-attachment-29099\" class=\"wp-caption-text\">Secret\u00e1ria de Sa\u00fade Dra. Veraluce Lira \u2013 Foto: Portal da Prefeitura de Vit\u00f3ria<\/p><\/div>\n<p style=\"text-align: justify;\">A Secret\u00e1ria Municipal de Sa\u00fade e sobrinha do Prefeito, <strong>Veraluci Lira<\/strong>, precisa, urgentemente, mudar a sua forma de trabalhar na quest\u00e3o da <strong>fiscaliza\u00e7\u00e3o<\/strong> e <strong>recolhimento dos bichos nas ruas<\/strong>, at\u00e9 porque, \u00a0os animais \u00a0continuam circulando em vias p\u00fablicas configurando-se assim, um <strong>GRAVE PROBLEMA DE SA\u00daDE P\u00daBLICA<\/strong>.<\/p>\n<p style=\"text-align: justify;\">No inicio da \u201cnova\u201d gest\u00e3o do Governo de Todos a prefeitura emitiu\u00a0 uma nota \u00a0dando prazo para os \u201ccriadores urbanos\u201d retirarem a bicharada das ruas. Passado seis meses, a bicharada continua nas ruas desafiando a autoridade da Secret\u00e1ria, como tamb\u00e9m a do Prefeito Elias Lira.<\/p>\n<p style=\"text-align: justify;\">Portanto, mais uma vez \u00a0cobramos solu\u00e7\u00e3o para este problema, que vem desafiando a CAPACIDADE ADMINISTRATIVA dos \u201centendidos\u201d do Governo de Todos.<\/p>\n<p><object width=\"600\" height=\"338\" classid=\"clsid:d27cdb6e-ae6d-11cf-96b8-444553540000\" codebase=\"http:\/\/download.macromedia.com\/pub\/shockwave\/cabs\/flash\/swflash.cab#version=6,0,40,0\"><param name=\"allowFullScreen\" value=\"true\" \/><param name=\"allowscriptaccess\" value=\"always\" \/><param name=\"src\" value=\"\/\/www.youtube.com\/v\/hLno67Jm5Og?version=3&amp;hl=pt_BR\" \/><param name=\"allowfullscreen\" value=\"true\" \/><embed width=\"600\" height=\"338\" type=\"application\/x-shockwave-flash\" src=\"\/\/www.youtube.com\/v\/hLno67Jm5Og?version=3&amp;hl=pt_BR\" allowFullScreen=\"true\" allowscriptaccess=\"always\" allowfullscreen=\"true\" \/><\/object><\/p>\n\n\t\t\t\t<div class=\"mr_social_sharing_wrapper\">\n\t\t\t\t<!-- Social Sharing Toolkit v2.2 --><span class=\"mr_social_sharing_top\"><span style=\"display: inline-block; width: 55px; height: 62px; overflow: hidden;\"><div class=\"fb-like\" data-href=\"http:\/\/www.blogdopilako.com.br\/wp\/2013\/07\/08\/entendidos-do-governo-levam-ole-dos-bichos\/\" data-send=\"false\" data-layout=\"box_count\" data-width=\"55\" data-show-faces=\"false\"><\/div><\/span><\/span><span class=\"mr_social_sharing_top\"><fb:share-button type=\"box_count\" href=\"http:\/\/www.blogdopilako.com.br\/wp\/2013\/07\/08\/entendidos-do-governo-levam-ole-dos-bichos\/\"><\/fb:share-button><\/span><span class=\"mr_social_sharing\"><a rel=\"nofollow\" class=\"linksalpha_button linksalpha_link\" href=\"\/\/www.linksalpha.com\/social\/mobile\" data-url=\"http:\/\/www.blogdopilako.com.br\/wp\/2013\/07\/08\/entendidos-do-governo-levam-ole-dos-bichos\/\" data-text=\"\u201cEntendidos\u201d do Governo levam \u201col\u00e9\u201d dos Bichos.\" data-desc=\"Na manh\u00e3 de ontem (07) nossas lentes flagraram, na Rua Dr Jos\u00e9 Rufino Bezerra, tamb\u00e9m conhecida com Principal do Caj\u00e1, uma porca perambulando pela via. Pela forma que estava se deslocando e pelos ferimentos existentes no corpo da mesma, \u00a0aparentemente ela (porca) deve ter sido v\u00edtima de\" data-image=\"http:\/\/www.blogdopilako.com.br\/wp\/wp-content\/uploads\/porca12.jpg\" data-button=\"none\">\n\t\t\t\t\t<img src=\"\/\/www.linksalpha.com\/images\/social_share_button.png\" alt=\"Share\" class=\"linksalpha_image\" \/>\n\t\t\t\t\t<\/a><script type=\"text\/javascript\" src=\"\/\/www.linksalpha.com\/scripts\/loader_iconbox.js?v=2.4\"><\/script><\/span><\/div>","protected":false},"excerpt":{"rendered":"\n\t\t\t\t<div class=\"mr_social_sharing_wrapper\">\n\t\t\t\t<!-- Social Sharing Toolkit v2.2 --><span class=\"mr_social_sharing_top\"><span style=\"display: inline-block; width: 55px; height: 62px; overflow: hidden;\"><div class=\"fb-like\" data-href=\"http:\/\/www.blogdopilako.com.br\/wp\/2013\/07\/08\/entendidos-do-governo-levam-ole-dos-bichos\/\" data-send=\"false\" data-layout=\"box_count\" data-width=\"55\" data-show-faces=\"false\"><\/div><\/span><\/span><span class=\"mr_social_sharing_top\"><fb:share-button type=\"box_count\" href=\"http:\/\/www.blogdopilako.com.br\/wp\/2013\/07\/08\/entendidos-do-governo-levam-ole-dos-bichos\/\"><\/fb:share-button><\/span><span class=\"mr_social_sharing\"><a rel=\"nofollow\" class=\"linksalpha_button linksalpha_link\" href=\"\/\/www.linksalpha.com\/social\/mobile\" data-url=\"http:\/\/www.blogdopilako.com.br\/wp\/2013\/07\/08\/entendidos-do-governo-levam-ole-dos-bichos\/\" data-text=\"\u201cEntendidos\u201d do Governo levam \u201col\u00e9\u201d dos Bichos.\" data-desc=\"Na manh\u00e3 de ontem (07) nossas lentes flagraram, na Rua Dr Jos\u00e9 Rufino Bezerra, tamb\u00e9m conhecida com Principal do Caj\u00e1, uma porca perambulando pela via. Pela forma que estava se deslocando e pelos ferimentos existentes no corpo da mesma, \u00a0aparentemente ela (porca) deve ter sido v\u00edtima de\" data-image=\"\" data-button=\"none\">\n\t\t\t\t\t<img src=\"\/\/www.linksalpha.com\/images\/social_share_button.png\" alt=\"Share\" class=\"linksalpha_image\" \/>\n\t\t\t\t\t<\/a><script type=\"text\/javascript\" src=\"\/\/www.linksalpha.com\/scripts\/loader_iconbox.js?v=2.4\"><\/script><\/span><\/div><p>Na manh\u00e3 de ontem (07) nossas lentes flagraram, na Rua Dr Jos\u00e9 Rufino Bezerra, tamb\u00e9m conhecida com Principal do Caj\u00e1, uma porca perambulando pela via. Pela forma que estava se deslocando e pelos ferimentos existentes no corpo da mesma, \u00a0aparentemente &hellip; <a href=\"http:\/\/www.blogdopilako.com.br\/wp\/2013\/07\/08\/entendidos-do-governo-levam-ole-dos-bichos\/\">Continue lendo <span class=\"meta-nav\">&rarr;<\/span><\/a><\/p>\n\n\t\t\t\t<div class=\"mr_social_sharing_wrapper\">\n\t\t\t\t<!-- Social Sharing Toolkit v2.2 --><span class=\"mr_social_sharing_top\"><span style=\"display: inline-block; width: 55px; height: 62px; overflow: hidden;\"><div class=\"fb-like\" data-href=\"http:\/\/www.blogdopilako.com.br\/wp\/2013\/07\/08\/entendidos-do-governo-levam-ole-dos-bichos\/\" data-send=\"false\" data-layout=\"box_count\" data-width=\"55\" data-show-faces=\"false\"><\/div><\/span><\/span><span class=\"mr_social_sharing_top\"><fb:share-button type=\"box_count\" href=\"http:\/\/www.blogdopilako.com.br\/wp\/2013\/07\/08\/entendidos-do-governo-levam-ole-dos-bichos\/\"><\/fb:share-button><\/span><span class=\"mr_social_sharing\"><a rel=\"nofollow\" class=\"linksalpha_button linksalpha_link\" href=\"\/\/www.linksalpha.com\/social\/mobile\" data-url=\"http:\/\/www.blogdopilako.com.br\/wp\/2013\/07\/08\/entendidos-do-governo-levam-ole-dos-bichos\/\" data-text=\"\u201cEntendidos\u201d do Governo levam \u201col\u00e9\u201d dos Bichos.\" data-desc=\"Na manh\u00e3 de ontem (07) nossas lentes flagraram, na Rua Dr Jos\u00e9 Rufino Bezerra, tamb\u00e9m conhecida com Principal do Caj\u00e1, uma porca perambulando pela via. Pela forma que estava se deslocando e pelos ferimentos existentes no corpo da mesma, \u00a0aparentemente ela (porca) deve ter sido v\u00edtima de\" data-image=\"\" data-button=\"none\">\n\t\t\t\t\t<img src=\"\/\/www.linksalpha.com\/images\/social_share_button.png\" alt=\"Share\" class=\"linksalpha_image\" \/>\n\t\t\t\t\t<\/a><script type=\"text\/javascript\" src=\"\/\/www.linksalpha.com\/scripts\/loader_iconbox.js?v=2.4\"><\/script><\/span><\/div>","protected":false},"author":4,"featured_media":0,"comment_status":"open","ping_status":"open","sticky":false,"template":"","format":"standard","meta":[],"categories":[21,22],"tags":[],"_links":{"self":[{"href":"http:\/\/www.blogdopilako.com.br\/wp\/wp-json\/wp\/v2\/posts\/45354"}],"collection":[{"href":"http:\/\/www.blogdopilako.com.br\/wp\/wp-json\/wp\/v2\/posts"}],"about":[{"href":"http:\/\/www.blogdopilako.com.br\/wp\/wp-json\/wp\/v2\/types\/post"}],"author":[{"embeddable":true,"href":"http:\/\/www.blogdopilako.com.br\/wp\/wp-json\/wp\/v2\/users\/4"}],"replies":[{"embeddable":true,"href":"http:\/\/www.blogdopilako.com.br\/wp\/wp-json\/wp\/v2\/comments?post=45354"}],"version-history":[{"count":4,"href":"http:\/\/www.blogdopilako.com.br\/wp\/wp-json\/wp\/v2\/posts\/45354\/revisions"}],"predecessor-version":[{"id":45373,"href":"http:\/\/www.blogdopilako.com.br\/wp\/wp-json\/wp\/v2\/posts\/45354\/revisions\/45373"}],"wp:attachment":[{"href":"http:\/\/www.blogdopilako.com.br\/wp\/wp-json\/wp\/v2\/media?parent=45354"}],"wp:term":[{"taxonomy":"category","embeddable":true,"href":"http:\/\/www.blogdopilako.com.br\/wp\/wp-json\/wp\/v2\/categories?post=45354"},{"taxonomy":"post_tag","embeddable":true,"href":"http:\/\/www.blogdopilako.com.br\/wp\/wp-json\/wp\/v2\/tags?post=45354"}],"curies":[{"name":"wp","href":"https:\/\/api.w.org\/{rel}","templated":true}]}}