{"id":453,"date":"2011-06-25T11:45:27","date_gmt":"2011-06-25T14:45:27","guid":{"rendered":"http:\/\/www.blogdopilako.com.br\/wp\/?p=453"},"modified":"2011-06-25T17:29:07","modified_gmt":"2011-06-25T20:29:07","slug":"a-policia-em-acao","status":"publish","type":"post","link":"http:\/\/www.blogdopilako.com.br\/wp\/2011\/06\/25\/a-policia-em-acao\/","title":{"rendered":"A pol\u00edcia em a\u00e7\u00e3o"},"content":{"rendered":"\n\t\t\t\t<div class=\"mr_social_sharing_wrapper\">\n\t\t\t\t<!-- Social Sharing Toolkit v2.2 --><span class=\"mr_social_sharing_top\"><span style=\"display: inline-block; width: 55px; height: 62px; overflow: hidden;\"><div class=\"fb-like\" data-href=\"http:\/\/www.blogdopilako.com.br\/wp\/2011\/06\/25\/a-policia-em-acao\/\" data-send=\"false\" data-layout=\"box_count\" data-width=\"55\" data-show-faces=\"false\"><\/div><\/span><\/span><span class=\"mr_social_sharing_top\"><fb:share-button type=\"box_count\" href=\"http:\/\/www.blogdopilako.com.br\/wp\/2011\/06\/25\/a-policia-em-acao\/\"><\/fb:share-button><\/span><span class=\"mr_social_sharing\"><a rel=\"nofollow\" class=\"linksalpha_button linksalpha_link\" href=\"\/\/www.linksalpha.com\/social\/mobile\" data-url=\"http:\/\/www.blogdopilako.com.br\/wp\/2011\/06\/25\/a-policia-em-acao\/\" data-text=\"A pol\u00edcia em a\u00e7\u00e3o\" data-desc=\"Com muito prazer que assumo o compromisso de levar a verdade de forma coerente e objetiva, acompanhando o dia \u2013 dia da Pol\u00edcia. Respeitando os Direitos \u00e9ticos e do Cidad\u00e3o. Divulgando as a\u00e7\u00f5es da Pol\u00edcia e cobrando provid\u00eancias a favor da sociedade vitoriense. Com a Pol\u00edcia em A\u00e7\u00e3o! O\" data-image=\"http:\/\/www.blogdopilako.com.br\/wp\/wp-content\/uploads\/sebastian2-300x244.gif\" data-button=\"none\">\n\t\t\t\t\t<img src=\"\/\/www.linksalpha.com\/images\/social_share_button.png\" alt=\"Share\" class=\"linksalpha_image\" \/>\n\t\t\t\t\t<\/a><script type=\"text\/javascript\" src=\"\/\/www.linksalpha.com\/scripts\/loader_iconbox.js?v=2.4\"><\/script><\/span><\/div><p style=\"text-align: justify;\"><a href=\"http:\/\/www.blogdopilako.com.br\/wp\/wp-content\/uploads\/sebastian2.gif\"><img loading=\"lazy\" class=\"alignleft size-medium wp-image-458\" title=\"sebastian2\" src=\"http:\/\/www.blogdopilako.com.br\/wp\/wp-content\/uploads\/sebastian2-300x244.gif\" alt=\"\" width=\"300\" height=\"244\" \/><\/a>Com muito prazer que assumo o compromisso de levar a verdade de forma coerente e objetiva, acompanhando o dia \u2013 dia da Pol\u00edcia.<\/p>\n<p style=\"text-align: justify;\">Respeitando os Direitos \u00e9ticos e do Cidad\u00e3o. Divulgando as a\u00e7\u00f5es da Pol\u00edcia e cobrando provid\u00eancias a favor da sociedade vitoriense. Com a Pol\u00edcia em A\u00e7\u00e3o!<\/p>\n<p>O meu forte abra\u00e7o.<br \/>\n<strong>Jos\u00e9 Sebastian.<\/strong><\/p>\n\n\t\t\t\t<div class=\"mr_social_sharing_wrapper\">\n\t\t\t\t<!-- Social Sharing Toolkit v2.2 --><span class=\"mr_social_sharing_top\"><span style=\"display: inline-block; width: 55px; height: 62px; overflow: hidden;\"><div class=\"fb-like\" data-href=\"http:\/\/www.blogdopilako.com.br\/wp\/2011\/06\/25\/a-policia-em-acao\/\" data-send=\"false\" data-layout=\"box_count\" data-width=\"55\" data-show-faces=\"false\"><\/div><\/span><\/span><span class=\"mr_social_sharing_top\"><fb:share-button type=\"box_count\" href=\"http:\/\/www.blogdopilako.com.br\/wp\/2011\/06\/25\/a-policia-em-acao\/\"><\/fb:share-button><\/span><span class=\"mr_social_sharing\"><a rel=\"nofollow\" class=\"linksalpha_button linksalpha_link\" href=\"\/\/www.linksalpha.com\/social\/mobile\" data-url=\"http:\/\/www.blogdopilako.com.br\/wp\/2011\/06\/25\/a-policia-em-acao\/\" data-text=\"A pol\u00edcia em a\u00e7\u00e3o\" data-desc=\"Com muito prazer que assumo o compromisso de levar a verdade de forma coerente e objetiva, acompanhando o dia \u2013 dia da Pol\u00edcia. Respeitando os Direitos \u00e9ticos e do Cidad\u00e3o. Divulgando as a\u00e7\u00f5es da Pol\u00edcia e cobrando provid\u00eancias a favor da sociedade vitoriense. Com a Pol\u00edcia em A\u00e7\u00e3o! O\" data-image=\"http:\/\/www.blogdopilako.com.br\/wp\/wp-content\/uploads\/sebastian2-300x244.gif\" data-button=\"none\">\n\t\t\t\t\t<img src=\"\/\/www.linksalpha.com\/images\/social_share_button.png\" alt=\"Share\" class=\"linksalpha_image\" \/>\n\t\t\t\t\t<\/a><script type=\"text\/javascript\" src=\"\/\/www.linksalpha.com\/scripts\/loader_iconbox.js?v=2.4\"><\/script><\/span><\/div>","protected":false},"excerpt":{"rendered":"\n\t\t\t\t<div class=\"mr_social_sharing_wrapper\">\n\t\t\t\t<!-- Social Sharing Toolkit v2.2 --><span class=\"mr_social_sharing_top\"><span style=\"display: inline-block; width: 55px; height: 62px; overflow: hidden;\"><div class=\"fb-like\" data-href=\"http:\/\/www.blogdopilako.com.br\/wp\/2011\/06\/25\/a-policia-em-acao\/\" data-send=\"false\" data-layout=\"box_count\" data-width=\"55\" data-show-faces=\"false\"><\/div><\/span><\/span><span class=\"mr_social_sharing_top\"><fb:share-button type=\"box_count\" href=\"http:\/\/www.blogdopilako.com.br\/wp\/2011\/06\/25\/a-policia-em-acao\/\"><\/fb:share-button><\/span><span class=\"mr_social_sharing\"><a rel=\"nofollow\" class=\"linksalpha_button linksalpha_link\" href=\"\/\/www.linksalpha.com\/social\/mobile\" data-url=\"http:\/\/www.blogdopilako.com.br\/wp\/2011\/06\/25\/a-policia-em-acao\/\" data-text=\"A pol\u00edcia em a\u00e7\u00e3o\" data-desc=\"Com muito prazer que assumo o compromisso de levar a verdade de forma coerente e objetiva, acompanhando o dia \u2013 dia da Pol\u00edcia. Respeitando os Direitos \u00e9ticos e do Cidad\u00e3o. Divulgando as a\u00e7\u00f5es da Pol\u00edcia e cobrando provid\u00eancias a favor da sociedade vitoriense. Com a Pol\u00edcia em A\u00e7\u00e3o! O\" data-image=\"\" data-button=\"none\">\n\t\t\t\t\t<img src=\"\/\/www.linksalpha.com\/images\/social_share_button.png\" alt=\"Share\" class=\"linksalpha_image\" \/>\n\t\t\t\t\t<\/a><script type=\"text\/javascript\" src=\"\/\/www.linksalpha.com\/scripts\/loader_iconbox.js?v=2.4\"><\/script><\/span><\/div><p>Com muito prazer que assumo o compromisso de levar a verdade de forma coerente e objetiva, acompanhando o dia \u2013 dia da Pol\u00edcia. Respeitando os Direitos \u00e9ticos e do Cidad\u00e3o. Divulgando as a\u00e7\u00f5es da Pol\u00edcia e cobrando provid\u00eancias a favor &hellip; <a href=\"http:\/\/www.blogdopilako.com.br\/wp\/2011\/06\/25\/a-policia-em-acao\/\">Continue lendo <span class=\"meta-nav\">&rarr;<\/span><\/a><\/p>\n\n\t\t\t\t<div class=\"mr_social_sharing_wrapper\">\n\t\t\t\t<!-- Social Sharing Toolkit v2.2 --><span class=\"mr_social_sharing_top\"><span style=\"display: inline-block; width: 55px; height: 62px; overflow: hidden;\"><div class=\"fb-like\" data-href=\"http:\/\/www.blogdopilako.com.br\/wp\/2011\/06\/25\/a-policia-em-acao\/\" data-send=\"false\" data-layout=\"box_count\" data-width=\"55\" data-show-faces=\"false\"><\/div><\/span><\/span><span class=\"mr_social_sharing_top\"><fb:share-button type=\"box_count\" href=\"http:\/\/www.blogdopilako.com.br\/wp\/2011\/06\/25\/a-policia-em-acao\/\"><\/fb:share-button><\/span><span class=\"mr_social_sharing\"><a rel=\"nofollow\" class=\"linksalpha_button linksalpha_link\" href=\"\/\/www.linksalpha.com\/social\/mobile\" data-url=\"http:\/\/www.blogdopilako.com.br\/wp\/2011\/06\/25\/a-policia-em-acao\/\" data-text=\"A pol\u00edcia em a\u00e7\u00e3o\" data-desc=\"Com muito prazer que assumo o compromisso de levar a verdade de forma coerente e objetiva, acompanhando o dia \u2013 dia da Pol\u00edcia. Respeitando os Direitos \u00e9ticos e do Cidad\u00e3o. Divulgando as a\u00e7\u00f5es da Pol\u00edcia e cobrando provid\u00eancias a favor da sociedade vitoriense. Com a Pol\u00edcia em A\u00e7\u00e3o! O\" data-image=\"\" data-button=\"none\">\n\t\t\t\t\t<img src=\"\/\/www.linksalpha.com\/images\/social_share_button.png\" alt=\"Share\" class=\"linksalpha_image\" \/>\n\t\t\t\t\t<\/a><script type=\"text\/javascript\" src=\"\/\/www.linksalpha.com\/scripts\/loader_iconbox.js?v=2.4\"><\/script><\/span><\/div>","protected":false},"author":4,"featured_media":0,"comment_status":"open","ping_status":"open","sticky":false,"template":"","format":"standard","meta":[],"categories":[16],"tags":[],"_links":{"self":[{"href":"http:\/\/www.blogdopilako.com.br\/wp\/wp-json\/wp\/v2\/posts\/453"}],"collection":[{"href":"http:\/\/www.blogdopilako.com.br\/wp\/wp-json\/wp\/v2\/posts"}],"about":[{"href":"http:\/\/www.blogdopilako.com.br\/wp\/wp-json\/wp\/v2\/types\/post"}],"author":[{"embeddable":true,"href":"http:\/\/www.blogdopilako.com.br\/wp\/wp-json\/wp\/v2\/users\/4"}],"replies":[{"embeddable":true,"href":"http:\/\/www.blogdopilako.com.br\/wp\/wp-json\/wp\/v2\/comments?post=453"}],"version-history":[{"count":5,"href":"http:\/\/www.blogdopilako.com.br\/wp\/wp-json\/wp\/v2\/posts\/453\/revisions"}],"predecessor-version":[{"id":496,"href":"http:\/\/www.blogdopilako.com.br\/wp\/wp-json\/wp\/v2\/posts\/453\/revisions\/496"}],"wp:attachment":[{"href":"http:\/\/www.blogdopilako.com.br\/wp\/wp-json\/wp\/v2\/media?parent=453"}],"wp:term":[{"taxonomy":"category","embeddable":true,"href":"http:\/\/www.blogdopilako.com.br\/wp\/wp-json\/wp\/v2\/categories?post=453"},{"taxonomy":"post_tag","embeddable":true,"href":"http:\/\/www.blogdopilako.com.br\/wp\/wp-json\/wp\/v2\/tags?post=453"}],"curies":[{"name":"wp","href":"https:\/\/api.w.org\/{rel}","templated":true}]}}