{"id":45059,"date":"2013-07-02T14:56:54","date_gmt":"2013-07-02T17:56:54","guid":{"rendered":"http:\/\/www.blogdopilako.com.br\/wp\/?p=45059"},"modified":"2013-07-02T15:22:06","modified_gmt":"2013-07-02T18:22:06","slug":"sobrinha-do-prefeito-nao-esta-nem-ai","status":"publish","type":"post","link":"http:\/\/www.blogdopilako.com.br\/wp\/2013\/07\/02\/sobrinha-do-prefeito-nao-esta-nem-ai\/","title":{"rendered":"Sobrinha do prefeito n\u00e3o est\u00e1 nem a\u00ed&#8230;"},"content":{"rendered":"\n\t\t\t\t<div class=\"mr_social_sharing_wrapper\">\n\t\t\t\t<!-- Social Sharing Toolkit v2.2 --><span class=\"mr_social_sharing_top\"><span style=\"display: inline-block; width: 55px; height: 62px; overflow: hidden;\"><div class=\"fb-like\" data-href=\"http:\/\/www.blogdopilako.com.br\/wp\/2013\/07\/02\/sobrinha-do-prefeito-nao-esta-nem-ai\/\" data-send=\"false\" data-layout=\"box_count\" data-width=\"55\" data-show-faces=\"false\"><\/div><\/span><\/span><span class=\"mr_social_sharing_top\"><fb:share-button type=\"box_count\" href=\"http:\/\/www.blogdopilako.com.br\/wp\/2013\/07\/02\/sobrinha-do-prefeito-nao-esta-nem-ai\/\"><\/fb:share-button><\/span><span class=\"mr_social_sharing\"><a rel=\"nofollow\" class=\"linksalpha_button linksalpha_link\" href=\"\/\/www.linksalpha.com\/social\/mobile\" data-url=\"http:\/\/www.blogdopilako.com.br\/wp\/2013\/07\/02\/sobrinha-do-prefeito-nao-esta-nem-ai\/\" data-text=\"Sobrinha do prefeito n\u00e3o est\u00e1 nem a\u00ed\u2026\" data-desc=\"Na manh\u00e3 de ontem (01) nossas lentes registraram nas proximidades do Viaduto do Caj\u00e1 uma porca se alimentando de lixo em plena via p\u00fablica, promovendo assim, a maior sujeira e imundice. Secret\u00e1ria de Sa\u00fade Dra. Veraluce Lira \u2013 Foto: Portal da Prefeitura de Vit\u00f3ria A Secret\u00e1ria de Municipal\" data-image=\"http:\/\/www.blogdopilako.com.br\/wp\/wp-content\/uploads\/porco29.jpg\" data-button=\"none\">\n\t\t\t\t\t<img src=\"\/\/www.linksalpha.com\/images\/social_share_button.png\" alt=\"Share\" class=\"linksalpha_image\" \/>\n\t\t\t\t\t<\/a><script type=\"text\/javascript\" src=\"\/\/www.linksalpha.com\/scripts\/loader_iconbox.js?v=2.4\"><\/script><\/span><\/div><p style=\"text-align: justify;\"><a href=\"http:\/\/www.blogdopilako.com.br\/wp\/wp-content\/uploads\/porco29.jpg\"><img loading=\"lazy\" class=\"aligncenter size-full wp-image-45074\" alt=\"porco\" src=\"http:\/\/www.blogdopilako.com.br\/wp\/wp-content\/uploads\/porco29.jpg\" width=\"586\" height=\"354\" \/><\/a><\/p>\n<p style=\"text-align: justify;\">Na manh\u00e3 de ontem (01) nossas lentes registraram nas proximidades do Viaduto do Caj\u00e1 uma <strong>porca<\/strong> se alimentando de <strong>lixo<\/strong> em plena via p\u00fablica, promovendo assim, a maior sujeira e imundice.<\/p>\n<div id=\"attachment_29099\" style=\"width: 195px\" class=\"wp-caption alignleft\"><a href=\"http:\/\/www.blogdopilako.com.br\/wp\/wp-content\/uploads\/secretaria-de-saude.jpg\"><img aria-describedby=\"caption-attachment-29099\" loading=\"lazy\" class=\"size-full wp-image-29099\" alt=\"Secret\u00e1ria de Sa\u00fade Dra. Veraluce Lira \u2013 Foto: Portal da Prefeitura de Vit\u00f3ria\" src=\"http:\/\/www.blogdopilako.com.br\/wp\/wp-content\/uploads\/secretaria-de-saude.jpg\" width=\"185\" height=\"259\" \/><\/a><p id=\"caption-attachment-29099\" class=\"wp-caption-text\">Secret\u00e1ria de Sa\u00fade Dra. Veraluce Lira \u2013 Foto: Portal da Prefeitura de Vit\u00f3ria<\/p><\/div>\n<p style=\"text-align: justify;\">A Secret\u00e1ria de Municipal de Sa\u00fade, sobrinha do prefeito Elias Lira, <strong>Veraluci Lira<\/strong> vem se esquivando da convoca\u00e7\u00e3o feita pelos Vereadores da cidade para dar as devidas explica\u00e7\u00f5es aos representantes do povo no que diz respeito aos desmandos na sua pasta. Tais como: \u00a0<strong>falta de medicamento nos postos de sa\u00fade<\/strong>, <strong>unidades de sa\u00fades fechadas<\/strong>, <strong>descartes de lixo hospitalar<\/strong>, <strong>profissionais de sa\u00fade que d\u00e3o apenas quatro horas de servi\u00e7os por semana e etc&#8230;<\/strong><\/p>\n<p style=\"text-align: justify;\">Pois bem, usando da \u201cprerrogativa\u201d de <span style=\"color: #0000ff;\"><strong>SOBRINHA DO PREFEITO<\/strong><\/span>, a secret\u00e1ria faz pouco caso para a C\u00e2mara e faz de conta que os vereadores n\u00e3o existem.<\/p>\n<p style=\"text-align: justify;\">O prefeito Elias Lira e sua sobrinha, veem demonstrando pouco \u201capetite\u201d para o trabalho, no que diz respeito \u00e0 gest\u00e3o p\u00fablica municipal.<\/p>\n<p style=\"text-align: justify;\">Apenas para refrescar a mem\u00f3ria dos internautas, mais uma vez iremos reproduzir a <strong>NOTA OFICIAL<\/strong> emitida pela Prefeitura, ainda no m\u00eas de Janeiro de 2013, relacionada \u00e0 retirada dos <strong>BICHOS NAS RUAS<\/strong>\u00a0 e que at\u00e9 agora o problema continua. Vejam a nota mais uma vez:<\/p>\n<blockquote>\n<p style=\"text-align: justify;\"><strong>Aten\u00e7\u00e3o vit\u00f3ria!\u00a0Aten\u00e7\u00e3o vitorienses.\u00a0<\/strong><\/p>\n<p style=\"text-align: justify;\">A Prefeitura da Vit\u00f3ria de Santo Ant\u00e3o comunica aos criadores de animais que, a partir do dia 01 de fevereiro, a Secretaria Municipal de Servi\u00e7os P\u00fablicos adotar\u00e1 todas as medidas cab\u00edveis para apreens\u00e3o de animais que estiverem soltos nas ruas, avenidas e pra\u00e7as da cidade.<\/p>\n<p style=\"text-align: justify;\">A prefeitura comunica tamb\u00e9m aos comerciantes ambulantes, que dever\u00e3o retirar suas barracas, carros de m\u00e3o, pain\u00e9is e cavaletes que se encontram nas cal\u00e7adas da Avenida Mariana Am\u00e1lia e demais \u00e1reas do centro da cidade, obstruindo a passagem de pedestres e contrariando o que disp\u00f5e os artigos 85 e 86 do C\u00f3digo de Postura do Munic\u00edpio, que garantem a ordem, a seguran\u00e7a, o livre tr\u00e2nsito e bem estar dos transeuntes.<\/p>\n<p style=\"text-align: justify;\">As medidas ser\u00e3o tomadas a partir de 01 de fevereiro deste ano, decorrente da necessidade de ordenamento das vias urbanas, em especial pela preserva\u00e7\u00e3o das condi\u00e7\u00f5es de higiene e sa\u00fade p\u00fablica, atendendo apelos da popula\u00e7\u00e3o e autoridades constitu\u00eddas.<\/p>\n<p style=\"text-align: justify;\">A Prefeitura da Vit\u00f3ria agradece, desde j\u00e1, pela aten\u00e7\u00e3o, colabora\u00e7\u00e3o e compreens\u00e3o de todos os ambulantes e criadores de animais.<\/p>\n<p style=\"text-align: justify;\">Evite constrangimento. Mantenha sua cidade limpa.<\/p>\n<p style=\"text-align: justify;\"><strong>Prefeitura da Vit\u00f3ria de Santo Ant\u00e3o<\/strong><\/p>\n<\/blockquote>\n\n\t\t\t\t<div class=\"mr_social_sharing_wrapper\">\n\t\t\t\t<!-- Social Sharing Toolkit v2.2 --><span class=\"mr_social_sharing_top\"><span style=\"display: inline-block; width: 55px; height: 62px; overflow: hidden;\"><div class=\"fb-like\" data-href=\"http:\/\/www.blogdopilako.com.br\/wp\/2013\/07\/02\/sobrinha-do-prefeito-nao-esta-nem-ai\/\" data-send=\"false\" data-layout=\"box_count\" data-width=\"55\" data-show-faces=\"false\"><\/div><\/span><\/span><span class=\"mr_social_sharing_top\"><fb:share-button type=\"box_count\" href=\"http:\/\/www.blogdopilako.com.br\/wp\/2013\/07\/02\/sobrinha-do-prefeito-nao-esta-nem-ai\/\"><\/fb:share-button><\/span><span class=\"mr_social_sharing\"><a rel=\"nofollow\" class=\"linksalpha_button linksalpha_link\" href=\"\/\/www.linksalpha.com\/social\/mobile\" data-url=\"http:\/\/www.blogdopilako.com.br\/wp\/2013\/07\/02\/sobrinha-do-prefeito-nao-esta-nem-ai\/\" data-text=\"Sobrinha do prefeito n\u00e3o est\u00e1 nem a\u00ed\u2026\" data-desc=\"Na manh\u00e3 de ontem (01) nossas lentes registraram nas proximidades do Viaduto do Caj\u00e1 uma porca se alimentando de lixo em plena via p\u00fablica, promovendo assim, a maior sujeira e imundice. Secret\u00e1ria de Sa\u00fade Dra. Veraluce Lira \u2013 Foto: Portal da Prefeitura de Vit\u00f3ria A Secret\u00e1ria de Municipal\" data-image=\"http:\/\/www.blogdopilako.com.br\/wp\/wp-content\/uploads\/porco29.jpg\" data-button=\"none\">\n\t\t\t\t\t<img src=\"\/\/www.linksalpha.com\/images\/social_share_button.png\" alt=\"Share\" class=\"linksalpha_image\" \/>\n\t\t\t\t\t<\/a><script type=\"text\/javascript\" src=\"\/\/www.linksalpha.com\/scripts\/loader_iconbox.js?v=2.4\"><\/script><\/span><\/div>","protected":false},"excerpt":{"rendered":"\n\t\t\t\t<div class=\"mr_social_sharing_wrapper\">\n\t\t\t\t<!-- Social Sharing Toolkit v2.2 --><span class=\"mr_social_sharing_top\"><span style=\"display: inline-block; width: 55px; height: 62px; overflow: hidden;\"><div class=\"fb-like\" data-href=\"http:\/\/www.blogdopilako.com.br\/wp\/2013\/07\/02\/sobrinha-do-prefeito-nao-esta-nem-ai\/\" data-send=\"false\" data-layout=\"box_count\" data-width=\"55\" data-show-faces=\"false\"><\/div><\/span><\/span><span class=\"mr_social_sharing_top\"><fb:share-button type=\"box_count\" href=\"http:\/\/www.blogdopilako.com.br\/wp\/2013\/07\/02\/sobrinha-do-prefeito-nao-esta-nem-ai\/\"><\/fb:share-button><\/span><span class=\"mr_social_sharing\"><a rel=\"nofollow\" class=\"linksalpha_button linksalpha_link\" href=\"\/\/www.linksalpha.com\/social\/mobile\" data-url=\"http:\/\/www.blogdopilako.com.br\/wp\/2013\/07\/02\/sobrinha-do-prefeito-nao-esta-nem-ai\/\" data-text=\"Sobrinha do prefeito n\u00e3o est\u00e1 nem a\u00ed\u2026\" data-desc=\"Na manh\u00e3 de ontem (01) nossas lentes registraram nas proximidades do Viaduto do Caj\u00e1 uma porca se alimentando de lixo em plena via p\u00fablica, promovendo assim, a maior sujeira e imundice. Secret\u00e1ria de Sa\u00fade Dra. Veraluce Lira \u2013 Foto: Portal da Prefeitura de Vit\u00f3ria A Secret\u00e1ria de Municipal\" data-image=\"\" data-button=\"none\">\n\t\t\t\t\t<img src=\"\/\/www.linksalpha.com\/images\/social_share_button.png\" alt=\"Share\" class=\"linksalpha_image\" \/>\n\t\t\t\t\t<\/a><script type=\"text\/javascript\" src=\"\/\/www.linksalpha.com\/scripts\/loader_iconbox.js?v=2.4\"><\/script><\/span><\/div><p>Na manh\u00e3 de ontem (01) nossas lentes registraram nas proximidades do Viaduto do Caj\u00e1 uma porca se alimentando de lixo em plena via p\u00fablica, promovendo assim, a maior sujeira e imundice. A Secret\u00e1ria de Municipal de Sa\u00fade, sobrinha do prefeito &hellip; <a href=\"http:\/\/www.blogdopilako.com.br\/wp\/2013\/07\/02\/sobrinha-do-prefeito-nao-esta-nem-ai\/\">Continue lendo <span class=\"meta-nav\">&rarr;<\/span><\/a><\/p>\n\n\t\t\t\t<div class=\"mr_social_sharing_wrapper\">\n\t\t\t\t<!-- Social Sharing Toolkit v2.2 --><span class=\"mr_social_sharing_top\"><span style=\"display: inline-block; width: 55px; height: 62px; overflow: hidden;\"><div class=\"fb-like\" data-href=\"http:\/\/www.blogdopilako.com.br\/wp\/2013\/07\/02\/sobrinha-do-prefeito-nao-esta-nem-ai\/\" data-send=\"false\" data-layout=\"box_count\" data-width=\"55\" data-show-faces=\"false\"><\/div><\/span><\/span><span class=\"mr_social_sharing_top\"><fb:share-button type=\"box_count\" href=\"http:\/\/www.blogdopilako.com.br\/wp\/2013\/07\/02\/sobrinha-do-prefeito-nao-esta-nem-ai\/\"><\/fb:share-button><\/span><span class=\"mr_social_sharing\"><a rel=\"nofollow\" class=\"linksalpha_button linksalpha_link\" href=\"\/\/www.linksalpha.com\/social\/mobile\" data-url=\"http:\/\/www.blogdopilako.com.br\/wp\/2013\/07\/02\/sobrinha-do-prefeito-nao-esta-nem-ai\/\" data-text=\"Sobrinha do prefeito n\u00e3o est\u00e1 nem a\u00ed\u2026\" data-desc=\"Na manh\u00e3 de ontem (01) nossas lentes registraram nas proximidades do Viaduto do Caj\u00e1 uma porca se alimentando de lixo em plena via p\u00fablica, promovendo assim, a maior sujeira e imundice. Secret\u00e1ria de Sa\u00fade Dra. Veraluce Lira \u2013 Foto: Portal da Prefeitura de Vit\u00f3ria A Secret\u00e1ria de Municipal\" data-image=\"\" data-button=\"none\">\n\t\t\t\t\t<img src=\"\/\/www.linksalpha.com\/images\/social_share_button.png\" alt=\"Share\" class=\"linksalpha_image\" \/>\n\t\t\t\t\t<\/a><script type=\"text\/javascript\" src=\"\/\/www.linksalpha.com\/scripts\/loader_iconbox.js?v=2.4\"><\/script><\/span><\/div>","protected":false},"author":4,"featured_media":0,"comment_status":"open","ping_status":"open","sticky":false,"template":"","format":"standard","meta":[],"categories":[21,22],"tags":[],"_links":{"self":[{"href":"http:\/\/www.blogdopilako.com.br\/wp\/wp-json\/wp\/v2\/posts\/45059"}],"collection":[{"href":"http:\/\/www.blogdopilako.com.br\/wp\/wp-json\/wp\/v2\/posts"}],"about":[{"href":"http:\/\/www.blogdopilako.com.br\/wp\/wp-json\/wp\/v2\/types\/post"}],"author":[{"embeddable":true,"href":"http:\/\/www.blogdopilako.com.br\/wp\/wp-json\/wp\/v2\/users\/4"}],"replies":[{"embeddable":true,"href":"http:\/\/www.blogdopilako.com.br\/wp\/wp-json\/wp\/v2\/comments?post=45059"}],"version-history":[{"count":5,"href":"http:\/\/www.blogdopilako.com.br\/wp\/wp-json\/wp\/v2\/posts\/45059\/revisions"}],"predecessor-version":[{"id":45076,"href":"http:\/\/www.blogdopilako.com.br\/wp\/wp-json\/wp\/v2\/posts\/45059\/revisions\/45076"}],"wp:attachment":[{"href":"http:\/\/www.blogdopilako.com.br\/wp\/wp-json\/wp\/v2\/media?parent=45059"}],"wp:term":[{"taxonomy":"category","embeddable":true,"href":"http:\/\/www.blogdopilako.com.br\/wp\/wp-json\/wp\/v2\/categories?post=45059"},{"taxonomy":"post_tag","embeddable":true,"href":"http:\/\/www.blogdopilako.com.br\/wp\/wp-json\/wp\/v2\/tags?post=45059"}],"curies":[{"name":"wp","href":"https:\/\/api.w.org\/{rel}","templated":true}]}}