{"id":4372,"date":"2011-08-29T17:09:38","date_gmt":"2011-08-29T20:09:38","guid":{"rendered":"http:\/\/www.blogdopilako.com.br\/wp\/?p=4372"},"modified":"2011-08-31T11:30:53","modified_gmt":"2011-08-31T14:30:53","slug":"balaio-de-gato-eleitoral","status":"publish","type":"post","link":"http:\/\/www.blogdopilako.com.br\/wp\/2011\/08\/29\/balaio-de-gato-eleitoral\/","title":{"rendered":"Balaio de gato eleitoral"},"content":{"rendered":"\n\t\t\t\t<div class=\"mr_social_sharing_wrapper\">\n\t\t\t\t<!-- Social Sharing Toolkit v2.2 --><span class=\"mr_social_sharing_top\"><span style=\"display: inline-block; width: 55px; height: 62px; overflow: hidden;\"><div class=\"fb-like\" data-href=\"http:\/\/www.blogdopilako.com.br\/wp\/2011\/08\/29\/balaio-de-gato-eleitoral\/\" data-send=\"false\" data-layout=\"box_count\" data-width=\"55\" data-show-faces=\"false\"><\/div><\/span><\/span><span class=\"mr_social_sharing_top\"><fb:share-button type=\"box_count\" href=\"http:\/\/www.blogdopilako.com.br\/wp\/2011\/08\/29\/balaio-de-gato-eleitoral\/\"><\/fb:share-button><\/span><span class=\"mr_social_sharing\"><a rel=\"nofollow\" class=\"linksalpha_button linksalpha_link\" href=\"\/\/www.linksalpha.com\/social\/mobile\" data-url=\"http:\/\/www.blogdopilako.com.br\/wp\/2011\/08\/29\/balaio-de-gato-eleitoral\/\" data-text=\"Balaio de gato eleitoral\" data-desc=\"Durante a era do Governo que Faz, o povo de Vit\u00f3ria ficou \u201cintoxicado\u201d de tanta politicagem na administra\u00e7\u00e3o, chegando ao ponto de se ter um mapa geopol\u00edtico da cidade lastreado com empregos da prefeitura. Muito bem, o tempo passou e estamos na era do Governo de Todos e parece que a pisada\" data-image=\"http:\/\/www.blogdopilako.com.br\/wp\/wp-content\/uploads\/santinhoedmoneves.jpg\" data-button=\"none\">\n\t\t\t\t\t<img src=\"\/\/www.linksalpha.com\/images\/social_share_button.png\" alt=\"Share\" class=\"linksalpha_image\" \/>\n\t\t\t\t\t<\/a><script type=\"text\/javascript\" src=\"\/\/www.linksalpha.com\/scripts\/loader_iconbox.js?v=2.4\"><\/script><\/span><\/div><div id=\"attachment_4433\" style=\"width: 239px\" class=\"wp-caption alignleft\"><a href=\"http:\/\/www.blogdopilako.com.br\/wp\/wp-content\/uploads\/santinhoedmoneves.jpg\"><img aria-describedby=\"caption-attachment-4433\" loading=\"lazy\" class=\"size-full wp-image-4433\" title=\"santinhoedmoneves\" src=\"http:\/\/www.blogdopilako.com.br\/wp\/wp-content\/uploads\/santinhoedmoneves.jpg\" alt=\"\" width=\"229\" height=\"528\" \/><\/a><p id=\"caption-attachment-4433\" class=\"wp-caption-text\">&quot;Santinho&quot; distribu\u00eddo durante a caminhada das Santas Miss\u00f5es, realizada no \u00faltimo domingo (28)<\/p><\/div>\n<p style=\"text-align: justify;\">Durante a era do <strong>Governo que Faz<\/strong>, o povo de Vit\u00f3ria ficou <em><strong>\u201cintoxicado\u201d<\/strong><\/em> de tanta politicagem na administra\u00e7\u00e3o, chegando ao ponto de se ter um mapa geopol\u00edtico da cidade lastreado com empregos da prefeitura. Muito bem, o tempo passou e estamos na era do <em><strong>Governo de Todos<\/strong><\/em> e parece que a pisada vai ser a mesma, o que se comenta nas mesas de bares e bancos de pra\u00e7a nas conversas pol\u00edticas, \u00e9 que pelo menos <strong>quatro secret\u00e1rios da prefeitura ser\u00e3o candidatos a vereador<\/strong> e outras duas secretarias pin\u00e7ariam em seus quadros auxiliares para disputar tamb\u00e9m, fala-se ainda que o atual <em><strong>\u201cministro da comunica\u00e7\u00e3o\u201d <\/strong><\/em>da atual gest\u00e3o, estaria esquentando o nome na r\u00e1dio atrav\u00e9s da sua empresa de publicidade. \u00c9 oportuno lembrar aos vitorienses que esse tipo de expediente, de antecipar a campanha s\u00f3 atrapalha a gest\u00e3o, de maneira que fica dif\u00edcil para o prefeito administrar quando seus auxiliares diretos e pr\u00f3ximos j\u00e1 est\u00e3o em campanha, sendo inclusive, proibido por lei. Se a gest\u00e3o do Prefeito j\u00e1 n\u00e3o est\u00e1 l\u00e1 essas coisas, imagine com esse <em><strong>\u201cbalaio de gato\u201d<\/strong><\/em> eleitoral dentro da Prefeitura.<\/p>\n\n\t\t\t\t<div class=\"mr_social_sharing_wrapper\">\n\t\t\t\t<!-- Social Sharing Toolkit v2.2 --><span class=\"mr_social_sharing_top\"><span style=\"display: inline-block; width: 55px; height: 62px; overflow: hidden;\"><div class=\"fb-like\" data-href=\"http:\/\/www.blogdopilako.com.br\/wp\/2011\/08\/29\/balaio-de-gato-eleitoral\/\" data-send=\"false\" data-layout=\"box_count\" data-width=\"55\" data-show-faces=\"false\"><\/div><\/span><\/span><span class=\"mr_social_sharing_top\"><fb:share-button type=\"box_count\" href=\"http:\/\/www.blogdopilako.com.br\/wp\/2011\/08\/29\/balaio-de-gato-eleitoral\/\"><\/fb:share-button><\/span><span class=\"mr_social_sharing\"><a rel=\"nofollow\" class=\"linksalpha_button linksalpha_link\" href=\"\/\/www.linksalpha.com\/social\/mobile\" data-url=\"http:\/\/www.blogdopilako.com.br\/wp\/2011\/08\/29\/balaio-de-gato-eleitoral\/\" data-text=\"Balaio de gato eleitoral\" data-desc=\"Durante a era do Governo que Faz, o povo de Vit\u00f3ria ficou \u201cintoxicado\u201d de tanta politicagem na administra\u00e7\u00e3o, chegando ao ponto de se ter um mapa geopol\u00edtico da cidade lastreado com empregos da prefeitura. Muito bem, o tempo passou e estamos na era do Governo de Todos e parece que a pisada\" data-image=\"http:\/\/www.blogdopilako.com.br\/wp\/wp-content\/uploads\/santinhoedmoneves.jpg\" data-button=\"none\">\n\t\t\t\t\t<img src=\"\/\/www.linksalpha.com\/images\/social_share_button.png\" alt=\"Share\" class=\"linksalpha_image\" \/>\n\t\t\t\t\t<\/a><script type=\"text\/javascript\" src=\"\/\/www.linksalpha.com\/scripts\/loader_iconbox.js?v=2.4\"><\/script><\/span><\/div>","protected":false},"excerpt":{"rendered":"\n\t\t\t\t<div class=\"mr_social_sharing_wrapper\">\n\t\t\t\t<!-- Social Sharing Toolkit v2.2 --><span class=\"mr_social_sharing_top\"><span style=\"display: inline-block; width: 55px; height: 62px; overflow: hidden;\"><div class=\"fb-like\" data-href=\"http:\/\/www.blogdopilako.com.br\/wp\/2011\/08\/29\/balaio-de-gato-eleitoral\/\" data-send=\"false\" data-layout=\"box_count\" data-width=\"55\" data-show-faces=\"false\"><\/div><\/span><\/span><span class=\"mr_social_sharing_top\"><fb:share-button type=\"box_count\" href=\"http:\/\/www.blogdopilako.com.br\/wp\/2011\/08\/29\/balaio-de-gato-eleitoral\/\"><\/fb:share-button><\/span><span class=\"mr_social_sharing\"><a rel=\"nofollow\" class=\"linksalpha_button linksalpha_link\" href=\"\/\/www.linksalpha.com\/social\/mobile\" data-url=\"http:\/\/www.blogdopilako.com.br\/wp\/2011\/08\/29\/balaio-de-gato-eleitoral\/\" data-text=\"Balaio de gato eleitoral\" data-desc=\"Durante a era do Governo que Faz, o povo de Vit\u00f3ria ficou \u201cintoxicado\u201d de tanta politicagem na administra\u00e7\u00e3o, chegando ao ponto de se ter um mapa geopol\u00edtico da cidade lastreado com empregos da prefeitura. Muito bem, o tempo passou e estamos na era do Governo de Todos e parece que a pisada\" data-image=\"\" data-button=\"none\">\n\t\t\t\t\t<img src=\"\/\/www.linksalpha.com\/images\/social_share_button.png\" alt=\"Share\" class=\"linksalpha_image\" \/>\n\t\t\t\t\t<\/a><script type=\"text\/javascript\" src=\"\/\/www.linksalpha.com\/scripts\/loader_iconbox.js?v=2.4\"><\/script><\/span><\/div><p>Durante a era do Governo que Faz, o povo de Vit\u00f3ria ficou \u201cintoxicado\u201d de tanta politicagem na administra\u00e7\u00e3o, chegando ao ponto de se ter um mapa geopol\u00edtico da cidade lastreado com empregos da prefeitura. Muito bem, o tempo passou e &hellip; <a href=\"http:\/\/www.blogdopilako.com.br\/wp\/2011\/08\/29\/balaio-de-gato-eleitoral\/\">Continue lendo <span class=\"meta-nav\">&rarr;<\/span><\/a><\/p>\n\n\t\t\t\t<div class=\"mr_social_sharing_wrapper\">\n\t\t\t\t<!-- Social Sharing Toolkit v2.2 --><span class=\"mr_social_sharing_top\"><span style=\"display: inline-block; width: 55px; height: 62px; overflow: hidden;\"><div class=\"fb-like\" data-href=\"http:\/\/www.blogdopilako.com.br\/wp\/2011\/08\/29\/balaio-de-gato-eleitoral\/\" data-send=\"false\" data-layout=\"box_count\" data-width=\"55\" data-show-faces=\"false\"><\/div><\/span><\/span><span class=\"mr_social_sharing_top\"><fb:share-button type=\"box_count\" href=\"http:\/\/www.blogdopilako.com.br\/wp\/2011\/08\/29\/balaio-de-gato-eleitoral\/\"><\/fb:share-button><\/span><span class=\"mr_social_sharing\"><a rel=\"nofollow\" class=\"linksalpha_button linksalpha_link\" href=\"\/\/www.linksalpha.com\/social\/mobile\" data-url=\"http:\/\/www.blogdopilako.com.br\/wp\/2011\/08\/29\/balaio-de-gato-eleitoral\/\" data-text=\"Balaio de gato eleitoral\" data-desc=\"Durante a era do Governo que Faz, o povo de Vit\u00f3ria ficou \u201cintoxicado\u201d de tanta politicagem na administra\u00e7\u00e3o, chegando ao ponto de se ter um mapa geopol\u00edtico da cidade lastreado com empregos da prefeitura. Muito bem, o tempo passou e estamos na era do Governo de Todos e parece que a pisada\" data-image=\"\" data-button=\"none\">\n\t\t\t\t\t<img src=\"\/\/www.linksalpha.com\/images\/social_share_button.png\" alt=\"Share\" class=\"linksalpha_image\" \/>\n\t\t\t\t\t<\/a><script type=\"text\/javascript\" src=\"\/\/www.linksalpha.com\/scripts\/loader_iconbox.js?v=2.4\"><\/script><\/span><\/div>","protected":false},"author":4,"featured_media":0,"comment_status":"open","ping_status":"open","sticky":false,"template":"","format":"standard","meta":[],"categories":[22],"tags":[],"_links":{"self":[{"href":"http:\/\/www.blogdopilako.com.br\/wp\/wp-json\/wp\/v2\/posts\/4372"}],"collection":[{"href":"http:\/\/www.blogdopilako.com.br\/wp\/wp-json\/wp\/v2\/posts"}],"about":[{"href":"http:\/\/www.blogdopilako.com.br\/wp\/wp-json\/wp\/v2\/types\/post"}],"author":[{"embeddable":true,"href":"http:\/\/www.blogdopilako.com.br\/wp\/wp-json\/wp\/v2\/users\/4"}],"replies":[{"embeddable":true,"href":"http:\/\/www.blogdopilako.com.br\/wp\/wp-json\/wp\/v2\/comments?post=4372"}],"version-history":[{"count":5,"href":"http:\/\/www.blogdopilako.com.br\/wp\/wp-json\/wp\/v2\/posts\/4372\/revisions"}],"predecessor-version":[{"id":4463,"href":"http:\/\/www.blogdopilako.com.br\/wp\/wp-json\/wp\/v2\/posts\/4372\/revisions\/4463"}],"wp:attachment":[{"href":"http:\/\/www.blogdopilako.com.br\/wp\/wp-json\/wp\/v2\/media?parent=4372"}],"wp:term":[{"taxonomy":"category","embeddable":true,"href":"http:\/\/www.blogdopilako.com.br\/wp\/wp-json\/wp\/v2\/categories?post=4372"},{"taxonomy":"post_tag","embeddable":true,"href":"http:\/\/www.blogdopilako.com.br\/wp\/wp-json\/wp\/v2\/tags?post=4372"}],"curies":[{"name":"wp","href":"https:\/\/api.w.org\/{rel}","templated":true}]}}