{"id":43436,"date":"2013-05-31T15:47:55","date_gmt":"2013-05-31T18:47:55","guid":{"rendered":"http:\/\/www.blogdopilako.com.br\/wp\/?p=43436"},"modified":"2013-05-31T15:47:55","modified_gmt":"2013-05-31T18:47:55","slug":"sindrome-do-panico","status":"publish","type":"post","link":"http:\/\/www.blogdopilako.com.br\/wp\/2013\/05\/31\/sindrome-do-panico\/","title":{"rendered":"S\u00edndrome do P\u00e2nico"},"content":{"rendered":"\n\t\t\t\t<div class=\"mr_social_sharing_wrapper\">\n\t\t\t\t<!-- Social Sharing Toolkit v2.2 --><span class=\"mr_social_sharing_top\"><span style=\"display: inline-block; width: 55px; height: 62px; overflow: hidden;\"><div class=\"fb-like\" data-href=\"http:\/\/www.blogdopilako.com.br\/wp\/2013\/05\/31\/sindrome-do-panico\/\" data-send=\"false\" data-layout=\"box_count\" data-width=\"55\" data-show-faces=\"false\"><\/div><\/span><\/span><span class=\"mr_social_sharing_top\"><fb:share-button type=\"box_count\" href=\"http:\/\/www.blogdopilako.com.br\/wp\/2013\/05\/31\/sindrome-do-panico\/\"><\/fb:share-button><\/span><span class=\"mr_social_sharing\"><a rel=\"nofollow\" class=\"linksalpha_button linksalpha_link\" href=\"\/\/www.linksalpha.com\/social\/mobile\" data-url=\"http:\/\/www.blogdopilako.com.br\/wp\/2013\/05\/31\/sindrome-do-panico\/\" data-text=\"S\u00edndrome do P\u00e2nico\" data-desc=\"A leitora Ana Paula solicitou como tema a S\u00edndrome do P\u00e2nico, vamos dialogar sobre este assunto que vem crescendo a cada dia, A s\u00edndrome do p\u00e2nico estar alicer\u00e7ada na ansiedade, podendo ser caracterizada como um transtorno psicol\u00f3gico, apresentando-se em situa\u00e7\u00f5es estranhas pelo corpo, s\u00e3o\" data-image=\"http:\/\/www.blogdopilako.com.br\/wp\/wp-content\/uploads\/panico.jpg\" data-button=\"none\">\n\t\t\t\t\t<img src=\"\/\/www.linksalpha.com\/images\/social_share_button.png\" alt=\"Share\" class=\"linksalpha_image\" \/>\n\t\t\t\t\t<\/a><script type=\"text\/javascript\" src=\"\/\/www.linksalpha.com\/scripts\/loader_iconbox.js?v=2.4\"><\/script><\/span><\/div><p style=\"text-align: justify;\"><a href=\"http:\/\/www.blogdopilako.com.br\/wp\/wp-content\/uploads\/panico.jpg\"><img loading=\"lazy\" class=\"aligncenter size-full wp-image-43437\" alt=\"panico\" src=\"http:\/\/www.blogdopilako.com.br\/wp\/wp-content\/uploads\/panico.jpg\" width=\"300\" height=\"290\" \/><\/a><\/p>\n<p style=\"text-align: justify;\">A leitora Ana Paula solicitou como tema a S\u00edndrome do P\u00e2nico, vamos dialogar sobre este assunto que vem crescendo a cada dia, A s\u00edndrome do p\u00e2nico estar alicer\u00e7ada na ansiedade, podendo ser caracterizada como um transtorno psicol\u00f3gico, apresentando-se em situa\u00e7\u00f5es estranhas pelo corpo, s\u00e3o rea\u00e7\u00f5es adversas, as pernas tremem, dificuldade para engolir, o grau de ansiedade torna-se maior, ocorre tamb\u00e9m o medo de sair de casa e consequentemente n\u00e3o ir trabalhar. Em muitos casos estas pessoas s\u00e3o encaminhadas para um cl\u00ednico, como os exames n\u00e3o detectam absolutamente nada considerando resultante daquele comportamento, aplica-se um medicamento para que durma e pronto. Est\u00e1 tudo errado.<\/p>\n<p style=\"text-align: justify;\">As ocorr\u00eancias nas crises de p\u00e2nico variam de pessoa para pessoa, tremores, formigamentos, falta de ar, dificuldade para engolir, sensa\u00e7\u00e3o de irritabilidade podem surgir com frequ\u00eancias. Ent\u00e3o, quando isto ocorre o que se faz? Nas crises de p\u00e2nico a ansiedade \u00e9 fator principal e rapidamente apresenta quadros interpretativos sempre com finalidades negativas, \u201cVou morrer\u201d, \u201cVou ficar louca\u201d, quando a crise passa fica a sensa\u00e7\u00e3o e espera de uma nova crise, para que todo este conflito n\u00e3o tome maiores dimens\u00f5es o ideal \u00e9 dar in\u00edcio ao processo de acompanhamento psicoterap\u00eautico. A vulnerabilidade e expectativa s\u00e3o intensas e agudas, com isto um quadro de fantasia se instala, podendo ocorrer a qualquer momento uma nova crise de p\u00e2nico, que na verdade nada mais \u00e9 que um intenso ataque de ansiedade. As causas mais comuns mostram que ap\u00f3s eventos conflitosos como doen\u00e7a, morte, separa\u00e7\u00e3o conjugal, crise profissional podem desencadear a s\u00edndrome do p\u00e2nico, estes fatores v\u00e3o depender do n\u00edvel de estresse e grau de vulnerabilidade de cada pessoa.<\/p>\n<p style=\"text-align: justify;\">O tratamento, este ser\u00e1 nosso tema na pr\u00f3xima sexta-feira.<\/p>\n<p><strong><img loading=\"lazy\" class=\"alignleft\" title=\"cleiton\" alt=\"\" src=\"http:\/\/www.blogdopilako.com.br\/wp\/wp-content\/uploads\/cleiton1-150x150.jpg\" width=\"150\" height=\"150\" \/><\/strong><\/p>\n<p>&nbsp;<\/p>\n<p><strong>Cleiton Nascimento<br \/>\n<\/strong><em id=\"__mceDel\">Psic\u00f3logo CRP02.14558<\/em><\/p>\n\n\t\t\t\t<div class=\"mr_social_sharing_wrapper\">\n\t\t\t\t<!-- Social Sharing Toolkit v2.2 --><span class=\"mr_social_sharing_top\"><span style=\"display: inline-block; width: 55px; height: 62px; overflow: hidden;\"><div class=\"fb-like\" data-href=\"http:\/\/www.blogdopilako.com.br\/wp\/2013\/05\/31\/sindrome-do-panico\/\" data-send=\"false\" data-layout=\"box_count\" data-width=\"55\" data-show-faces=\"false\"><\/div><\/span><\/span><span class=\"mr_social_sharing_top\"><fb:share-button type=\"box_count\" href=\"http:\/\/www.blogdopilako.com.br\/wp\/2013\/05\/31\/sindrome-do-panico\/\"><\/fb:share-button><\/span><span class=\"mr_social_sharing\"><a rel=\"nofollow\" class=\"linksalpha_button linksalpha_link\" href=\"\/\/www.linksalpha.com\/social\/mobile\" data-url=\"http:\/\/www.blogdopilako.com.br\/wp\/2013\/05\/31\/sindrome-do-panico\/\" data-text=\"S\u00edndrome do P\u00e2nico\" data-desc=\"A leitora Ana Paula solicitou como tema a S\u00edndrome do P\u00e2nico, vamos dialogar sobre este assunto que vem crescendo a cada dia, A s\u00edndrome do p\u00e2nico estar alicer\u00e7ada na ansiedade, podendo ser caracterizada como um transtorno psicol\u00f3gico, apresentando-se em situa\u00e7\u00f5es estranhas pelo corpo, s\u00e3o\" data-image=\"http:\/\/www.blogdopilako.com.br\/wp\/wp-content\/uploads\/panico.jpg\" data-button=\"none\">\n\t\t\t\t\t<img src=\"\/\/www.linksalpha.com\/images\/social_share_button.png\" alt=\"Share\" class=\"linksalpha_image\" \/>\n\t\t\t\t\t<\/a><script type=\"text\/javascript\" src=\"\/\/www.linksalpha.com\/scripts\/loader_iconbox.js?v=2.4\"><\/script><\/span><\/div>","protected":false},"excerpt":{"rendered":"\n\t\t\t\t<div class=\"mr_social_sharing_wrapper\">\n\t\t\t\t<!-- Social Sharing Toolkit v2.2 --><span class=\"mr_social_sharing_top\"><span style=\"display: inline-block; width: 55px; height: 62px; overflow: hidden;\"><div class=\"fb-like\" data-href=\"http:\/\/www.blogdopilako.com.br\/wp\/2013\/05\/31\/sindrome-do-panico\/\" data-send=\"false\" data-layout=\"box_count\" data-width=\"55\" data-show-faces=\"false\"><\/div><\/span><\/span><span class=\"mr_social_sharing_top\"><fb:share-button type=\"box_count\" href=\"http:\/\/www.blogdopilako.com.br\/wp\/2013\/05\/31\/sindrome-do-panico\/\"><\/fb:share-button><\/span><span class=\"mr_social_sharing\"><a rel=\"nofollow\" class=\"linksalpha_button linksalpha_link\" href=\"\/\/www.linksalpha.com\/social\/mobile\" data-url=\"http:\/\/www.blogdopilako.com.br\/wp\/2013\/05\/31\/sindrome-do-panico\/\" data-text=\"S\u00edndrome do P\u00e2nico\" data-desc=\"A leitora Ana Paula solicitou como tema a S\u00edndrome do P\u00e2nico, vamos dialogar sobre este assunto que vem crescendo a cada dia, A s\u00edndrome do p\u00e2nico estar alicer\u00e7ada na ansiedade, podendo ser caracterizada como um transtorno psicol\u00f3gico, apresentando-se em situa\u00e7\u00f5es estranhas pelo corpo, s\u00e3o\" data-image=\"\" data-button=\"none\">\n\t\t\t\t\t<img src=\"\/\/www.linksalpha.com\/images\/social_share_button.png\" alt=\"Share\" class=\"linksalpha_image\" \/>\n\t\t\t\t\t<\/a><script type=\"text\/javascript\" src=\"\/\/www.linksalpha.com\/scripts\/loader_iconbox.js?v=2.4\"><\/script><\/span><\/div><p>A leitora Ana Paula solicitou como tema a S\u00edndrome do P\u00e2nico, vamos dialogar sobre este assunto que vem crescendo a cada dia, A s\u00edndrome do p\u00e2nico estar alicer\u00e7ada na ansiedade, podendo ser caracterizada como um transtorno psicol\u00f3gico, apresentando-se em situa\u00e7\u00f5es &hellip; <a href=\"http:\/\/www.blogdopilako.com.br\/wp\/2013\/05\/31\/sindrome-do-panico\/\">Continue lendo <span class=\"meta-nav\">&rarr;<\/span><\/a><\/p>\n\n\t\t\t\t<div class=\"mr_social_sharing_wrapper\">\n\t\t\t\t<!-- Social Sharing Toolkit v2.2 --><span class=\"mr_social_sharing_top\"><span style=\"display: inline-block; width: 55px; height: 62px; overflow: hidden;\"><div class=\"fb-like\" data-href=\"http:\/\/www.blogdopilako.com.br\/wp\/2013\/05\/31\/sindrome-do-panico\/\" data-send=\"false\" data-layout=\"box_count\" data-width=\"55\" data-show-faces=\"false\"><\/div><\/span><\/span><span class=\"mr_social_sharing_top\"><fb:share-button type=\"box_count\" href=\"http:\/\/www.blogdopilako.com.br\/wp\/2013\/05\/31\/sindrome-do-panico\/\"><\/fb:share-button><\/span><span class=\"mr_social_sharing\"><a rel=\"nofollow\" class=\"linksalpha_button linksalpha_link\" href=\"\/\/www.linksalpha.com\/social\/mobile\" data-url=\"http:\/\/www.blogdopilako.com.br\/wp\/2013\/05\/31\/sindrome-do-panico\/\" data-text=\"S\u00edndrome do P\u00e2nico\" data-desc=\"A leitora Ana Paula solicitou como tema a S\u00edndrome do P\u00e2nico, vamos dialogar sobre este assunto que vem crescendo a cada dia, A s\u00edndrome do p\u00e2nico estar alicer\u00e7ada na ansiedade, podendo ser caracterizada como um transtorno psicol\u00f3gico, apresentando-se em situa\u00e7\u00f5es estranhas pelo corpo, s\u00e3o\" data-image=\"\" data-button=\"none\">\n\t\t\t\t\t<img src=\"\/\/www.linksalpha.com\/images\/social_share_button.png\" alt=\"Share\" class=\"linksalpha_image\" \/>\n\t\t\t\t\t<\/a><script type=\"text\/javascript\" src=\"\/\/www.linksalpha.com\/scripts\/loader_iconbox.js?v=2.4\"><\/script><\/span><\/div>","protected":false},"author":1,"featured_media":0,"comment_status":"open","ping_status":"open","sticky":false,"template":"","format":"standard","meta":[],"categories":[123],"tags":[],"_links":{"self":[{"href":"http:\/\/www.blogdopilako.com.br\/wp\/wp-json\/wp\/v2\/posts\/43436"}],"collection":[{"href":"http:\/\/www.blogdopilako.com.br\/wp\/wp-json\/wp\/v2\/posts"}],"about":[{"href":"http:\/\/www.blogdopilako.com.br\/wp\/wp-json\/wp\/v2\/types\/post"}],"author":[{"embeddable":true,"href":"http:\/\/www.blogdopilako.com.br\/wp\/wp-json\/wp\/v2\/users\/1"}],"replies":[{"embeddable":true,"href":"http:\/\/www.blogdopilako.com.br\/wp\/wp-json\/wp\/v2\/comments?post=43436"}],"version-history":[{"count":2,"href":"http:\/\/www.blogdopilako.com.br\/wp\/wp-json\/wp\/v2\/posts\/43436\/revisions"}],"predecessor-version":[{"id":43439,"href":"http:\/\/www.blogdopilako.com.br\/wp\/wp-json\/wp\/v2\/posts\/43436\/revisions\/43439"}],"wp:attachment":[{"href":"http:\/\/www.blogdopilako.com.br\/wp\/wp-json\/wp\/v2\/media?parent=43436"}],"wp:term":[{"taxonomy":"category","embeddable":true,"href":"http:\/\/www.blogdopilako.com.br\/wp\/wp-json\/wp\/v2\/categories?post=43436"},{"taxonomy":"post_tag","embeddable":true,"href":"http:\/\/www.blogdopilako.com.br\/wp\/wp-json\/wp\/v2\/tags?post=43436"}],"curies":[{"name":"wp","href":"https:\/\/api.w.org\/{rel}","templated":true}]}}