{"id":43361,"date":"2013-05-31T14:35:32","date_gmt":"2013-05-31T17:35:32","guid":{"rendered":"http:\/\/www.blogdopilako.com.br\/wp\/?p=43361"},"modified":"2013-05-31T14:35:32","modified_gmt":"2013-05-31T17:35:32","slug":"internauta-denuncia-propaganda-politica-em-posto-de-saude","status":"publish","type":"post","link":"http:\/\/www.blogdopilako.com.br\/wp\/2013\/05\/31\/internauta-denuncia-propaganda-politica-em-posto-de-saude\/","title":{"rendered":"Internauta denuncia propaganda pol\u00edtica em Posto de Sa\u00fade"},"content":{"rendered":"\n\t\t\t\t<div class=\"mr_social_sharing_wrapper\">\n\t\t\t\t<!-- Social Sharing Toolkit v2.2 --><span class=\"mr_social_sharing_top\"><span style=\"display: inline-block; width: 55px; height: 62px; overflow: hidden;\"><div class=\"fb-like\" data-href=\"http:\/\/www.blogdopilako.com.br\/wp\/2013\/05\/31\/internauta-denuncia-propaganda-politica-em-posto-de-saude\/\" data-send=\"false\" data-layout=\"box_count\" data-width=\"55\" data-show-faces=\"false\"><\/div><\/span><\/span><span class=\"mr_social_sharing_top\"><fb:share-button type=\"box_count\" href=\"http:\/\/www.blogdopilako.com.br\/wp\/2013\/05\/31\/internauta-denuncia-propaganda-politica-em-posto-de-saude\/\"><\/fb:share-button><\/span><span class=\"mr_social_sharing\"><a rel=\"nofollow\" class=\"linksalpha_button linksalpha_link\" href=\"\/\/www.linksalpha.com\/social\/mobile\" data-url=\"http:\/\/www.blogdopilako.com.br\/wp\/2013\/05\/31\/internauta-denuncia-propaganda-politica-em-posto-de-saude\/\" data-text=\"Internauta denuncia propaganda pol\u00edtica em Posto de Sa\u00fade\" data-desc=\"Recebemos da internauta Cleide Santos alguns registros fotogr\u00e1ficos com o seguinte coment\u00e1rio: \u201cNa comunidade Cajueiros o posto m\u00e9dico funciona numa casa toda pintada com \u00a0propaganda pol\u00edtica \u00a0do atual prefeito. E PODE? \u00c9 s\u00f3 ir l\u00e1 e ver\u201d.\" data-image=\"http:\/\/www.blogdopilako.com.br\/wp\/wp-content\/uploads\/7ca0257cd8aa0e59f85ce11e787afe9a.jpg\" data-button=\"none\">\n\t\t\t\t\t<img src=\"\/\/www.linksalpha.com\/images\/social_share_button.png\" alt=\"Share\" class=\"linksalpha_image\" \/>\n\t\t\t\t\t<\/a><script type=\"text\/javascript\" src=\"\/\/www.linksalpha.com\/scripts\/loader_iconbox.js?v=2.4\"><\/script><\/span><\/div><p><a href=\"http:\/\/www.blogdopilako.com.br\/wp\/wp-content\/uploads\/7ca0257cd8aa0e59f85ce11e787afe9a.jpg\"><a href=\"http:\/\/www.blogdopilako.com.br\/wp\/wp-content\/uploads\/7ca0257cd8aa0e59f85ce11e787afe9a.jpg\"><img loading=\"lazy\" class=\"aligncenter size-full wp-image-43378\" alt=\"7ca0257cd8aa0e59f85ce11e787afe9a\" src=\"http:\/\/www.blogdopilako.com.br\/wp\/wp-content\/uploads\/7ca0257cd8aa0e59f85ce11e787afe9a.jpg\" width=\"1024\" height=\"768\" \/><\/a><\/a><\/p>\n<p style=\"text-align: justify;\">Recebemos da internauta <strong>Cleide Santos<\/strong> alguns registros fotogr\u00e1ficos com o seguinte coment\u00e1rio:<\/p>\n<blockquote><p><span style=\"color: #0000ff;\"><strong>\u201cNa comunidade Cajueiros o posto m\u00e9dico funciona numa casa toda pintada com \u00a0propaganda pol\u00edtica \u00a0do atual prefeito. E PODE? \u00c9 s\u00f3 ir l\u00e1 e ver\u201d.<\/strong><\/span><\/p><\/blockquote>\n<p><a href=\"http:\/\/www.blogdopilako.com.br\/wp\/wp-content\/uploads\/c68cd72b14997ac826777ce108753455.jpg\"><img loading=\"lazy\" class=\"aligncenter size-full wp-image-43379\" alt=\"c68cd72b14997ac826777ce108753455\" src=\"http:\/\/www.blogdopilako.com.br\/wp\/wp-content\/uploads\/c68cd72b14997ac826777ce108753455.jpg\" width=\"1024\" height=\"768\" \/><\/a><\/p>\n\n\t\t\t\t<div class=\"mr_social_sharing_wrapper\">\n\t\t\t\t<!-- Social Sharing Toolkit v2.2 --><span class=\"mr_social_sharing_top\"><span style=\"display: inline-block; width: 55px; height: 62px; overflow: hidden;\"><div class=\"fb-like\" data-href=\"http:\/\/www.blogdopilako.com.br\/wp\/2013\/05\/31\/internauta-denuncia-propaganda-politica-em-posto-de-saude\/\" data-send=\"false\" data-layout=\"box_count\" data-width=\"55\" data-show-faces=\"false\"><\/div><\/span><\/span><span class=\"mr_social_sharing_top\"><fb:share-button type=\"box_count\" href=\"http:\/\/www.blogdopilako.com.br\/wp\/2013\/05\/31\/internauta-denuncia-propaganda-politica-em-posto-de-saude\/\"><\/fb:share-button><\/span><span class=\"mr_social_sharing\"><a rel=\"nofollow\" class=\"linksalpha_button linksalpha_link\" href=\"\/\/www.linksalpha.com\/social\/mobile\" data-url=\"http:\/\/www.blogdopilako.com.br\/wp\/2013\/05\/31\/internauta-denuncia-propaganda-politica-em-posto-de-saude\/\" data-text=\"Internauta denuncia propaganda pol\u00edtica em Posto de Sa\u00fade\" data-desc=\"Recebemos da internauta Cleide Santos alguns registros fotogr\u00e1ficos com o seguinte coment\u00e1rio: \u201cNa comunidade Cajueiros o posto m\u00e9dico funciona numa casa toda pintada com \u00a0propaganda pol\u00edtica \u00a0do atual prefeito. E PODE? \u00c9 s\u00f3 ir l\u00e1 e ver\u201d.\" data-image=\"http:\/\/www.blogdopilako.com.br\/wp\/wp-content\/uploads\/7ca0257cd8aa0e59f85ce11e787afe9a.jpg\" data-button=\"none\">\n\t\t\t\t\t<img src=\"\/\/www.linksalpha.com\/images\/social_share_button.png\" alt=\"Share\" class=\"linksalpha_image\" \/>\n\t\t\t\t\t<\/a><script type=\"text\/javascript\" src=\"\/\/www.linksalpha.com\/scripts\/loader_iconbox.js?v=2.4\"><\/script><\/span><\/div>","protected":false},"excerpt":{"rendered":"\n\t\t\t\t<div class=\"mr_social_sharing_wrapper\">\n\t\t\t\t<!-- Social Sharing Toolkit v2.2 --><span class=\"mr_social_sharing_top\"><span style=\"display: inline-block; width: 55px; height: 62px; overflow: hidden;\"><div class=\"fb-like\" data-href=\"http:\/\/www.blogdopilako.com.br\/wp\/2013\/05\/31\/internauta-denuncia-propaganda-politica-em-posto-de-saude\/\" data-send=\"false\" data-layout=\"box_count\" data-width=\"55\" data-show-faces=\"false\"><\/div><\/span><\/span><span class=\"mr_social_sharing_top\"><fb:share-button type=\"box_count\" href=\"http:\/\/www.blogdopilako.com.br\/wp\/2013\/05\/31\/internauta-denuncia-propaganda-politica-em-posto-de-saude\/\"><\/fb:share-button><\/span><span class=\"mr_social_sharing\"><a rel=\"nofollow\" class=\"linksalpha_button linksalpha_link\" href=\"\/\/www.linksalpha.com\/social\/mobile\" data-url=\"http:\/\/www.blogdopilako.com.br\/wp\/2013\/05\/31\/internauta-denuncia-propaganda-politica-em-posto-de-saude\/\" data-text=\"Internauta denuncia propaganda pol\u00edtica em Posto de Sa\u00fade\" data-desc=\"Recebemos da internauta Cleide Santos alguns registros fotogr\u00e1ficos com o seguinte coment\u00e1rio: \u201cNa comunidade Cajueiros o posto m\u00e9dico funciona numa casa toda pintada com \u00a0propaganda pol\u00edtica \u00a0do atual prefeito. E PODE? \u00c9 s\u00f3 ir l\u00e1 e ver\u201d.\" data-image=\"\" data-button=\"none\">\n\t\t\t\t\t<img src=\"\/\/www.linksalpha.com\/images\/social_share_button.png\" alt=\"Share\" class=\"linksalpha_image\" \/>\n\t\t\t\t\t<\/a><script type=\"text\/javascript\" src=\"\/\/www.linksalpha.com\/scripts\/loader_iconbox.js?v=2.4\"><\/script><\/span><\/div><p>Recebemos da internauta Cleide Santos alguns registros fotogr\u00e1ficos com o seguinte coment\u00e1rio: \u201cNa comunidade Cajueiros o posto m\u00e9dico funciona numa casa toda pintada com \u00a0propaganda pol\u00edtica \u00a0do atual prefeito. E PODE? \u00c9 s\u00f3 ir l\u00e1 e ver\u201d.<\/p>\n\n\t\t\t\t<div class=\"mr_social_sharing_wrapper\">\n\t\t\t\t<!-- Social Sharing Toolkit v2.2 --><span class=\"mr_social_sharing_top\"><span style=\"display: inline-block; width: 55px; height: 62px; overflow: hidden;\"><div class=\"fb-like\" data-href=\"http:\/\/www.blogdopilako.com.br\/wp\/2013\/05\/31\/internauta-denuncia-propaganda-politica-em-posto-de-saude\/\" data-send=\"false\" data-layout=\"box_count\" data-width=\"55\" data-show-faces=\"false\"><\/div><\/span><\/span><span class=\"mr_social_sharing_top\"><fb:share-button type=\"box_count\" href=\"http:\/\/www.blogdopilako.com.br\/wp\/2013\/05\/31\/internauta-denuncia-propaganda-politica-em-posto-de-saude\/\"><\/fb:share-button><\/span><span class=\"mr_social_sharing\"><a rel=\"nofollow\" class=\"linksalpha_button linksalpha_link\" href=\"\/\/www.linksalpha.com\/social\/mobile\" data-url=\"http:\/\/www.blogdopilako.com.br\/wp\/2013\/05\/31\/internauta-denuncia-propaganda-politica-em-posto-de-saude\/\" data-text=\"Internauta denuncia propaganda pol\u00edtica em Posto de Sa\u00fade\" data-desc=\"Recebemos da internauta Cleide Santos alguns registros fotogr\u00e1ficos com o seguinte coment\u00e1rio: \u201cNa comunidade Cajueiros o posto m\u00e9dico funciona numa casa toda pintada com \u00a0propaganda pol\u00edtica \u00a0do atual prefeito. E PODE? \u00c9 s\u00f3 ir l\u00e1 e ver\u201d.\" data-image=\"\" data-button=\"none\">\n\t\t\t\t\t<img src=\"\/\/www.linksalpha.com\/images\/social_share_button.png\" alt=\"Share\" class=\"linksalpha_image\" \/>\n\t\t\t\t\t<\/a><script type=\"text\/javascript\" src=\"\/\/www.linksalpha.com\/scripts\/loader_iconbox.js?v=2.4\"><\/script><\/span><\/div>","protected":false},"author":4,"featured_media":0,"comment_status":"open","ping_status":"open","sticky":false,"template":"","format":"standard","meta":[],"categories":[21,22],"tags":[],"_links":{"self":[{"href":"http:\/\/www.blogdopilako.com.br\/wp\/wp-json\/wp\/v2\/posts\/43361"}],"collection":[{"href":"http:\/\/www.blogdopilako.com.br\/wp\/wp-json\/wp\/v2\/posts"}],"about":[{"href":"http:\/\/www.blogdopilako.com.br\/wp\/wp-json\/wp\/v2\/types\/post"}],"author":[{"embeddable":true,"href":"http:\/\/www.blogdopilako.com.br\/wp\/wp-json\/wp\/v2\/users\/4"}],"replies":[{"embeddable":true,"href":"http:\/\/www.blogdopilako.com.br\/wp\/wp-json\/wp\/v2\/comments?post=43361"}],"version-history":[{"count":5,"href":"http:\/\/www.blogdopilako.com.br\/wp\/wp-json\/wp\/v2\/posts\/43361\/revisions"}],"predecessor-version":[{"id":43383,"href":"http:\/\/www.blogdopilako.com.br\/wp\/wp-json\/wp\/v2\/posts\/43361\/revisions\/43383"}],"wp:attachment":[{"href":"http:\/\/www.blogdopilako.com.br\/wp\/wp-json\/wp\/v2\/media?parent=43361"}],"wp:term":[{"taxonomy":"category","embeddable":true,"href":"http:\/\/www.blogdopilako.com.br\/wp\/wp-json\/wp\/v2\/categories?post=43361"},{"taxonomy":"post_tag","embeddable":true,"href":"http:\/\/www.blogdopilako.com.br\/wp\/wp-json\/wp\/v2\/tags?post=43361"}],"curies":[{"name":"wp","href":"https:\/\/api.w.org\/{rel}","templated":true}]}}