{"id":43330,"date":"2013-05-31T11:38:13","date_gmt":"2013-05-31T14:38:13","guid":{"rendered":"http:\/\/www.blogdopilako.com.br\/wp\/?p=43330"},"modified":"2013-05-31T17:22:51","modified_gmt":"2013-05-31T20:22:51","slug":"gabriel-no-estadio-dos-aflitos","status":"publish","type":"post","link":"http:\/\/www.blogdopilako.com.br\/wp\/2013\/05\/31\/gabriel-no-estadio-dos-aflitos\/","title":{"rendered":"Gabriel no Estadio dos Aflitos&#8230;"},"content":{"rendered":"\n\t\t\t\t<div class=\"mr_social_sharing_wrapper\">\n\t\t\t\t<!-- Social Sharing Toolkit v2.2 --><span class=\"mr_social_sharing_top\"><span style=\"display: inline-block; width: 55px; height: 62px; overflow: hidden;\"><div class=\"fb-like\" data-href=\"http:\/\/www.blogdopilako.com.br\/wp\/2013\/05\/31\/gabriel-no-estadio-dos-aflitos\/\" data-send=\"false\" data-layout=\"box_count\" data-width=\"55\" data-show-faces=\"false\"><\/div><\/span><\/span><span class=\"mr_social_sharing_top\"><fb:share-button type=\"box_count\" href=\"http:\/\/www.blogdopilako.com.br\/wp\/2013\/05\/31\/gabriel-no-estadio-dos-aflitos\/\"><\/fb:share-button><\/span><span class=\"mr_social_sharing\"><a rel=\"nofollow\" class=\"linksalpha_button linksalpha_link\" href=\"\/\/www.linksalpha.com\/social\/mobile\" data-url=\"http:\/\/www.blogdopilako.com.br\/wp\/2013\/05\/31\/gabriel-no-estadio-dos-aflitos\/\" data-text=\"Gabriel no Estadio dos Aflitos\u2026\" data-desc=\"O meu filho Gabriel (9 anos) \u00e9 torcedor do Clube N\u00e1utico Capibaribe. Assim que tomei conhecimento na quarta feira (29), de que o time alvirrubro estaria fazendo, naquele dia a sua pen\u00faltima partida no Est\u00e1dio dos Aflitos, senti-me na obriga\u00e7\u00e3o de apresentar, para Gabriel, \u00a0 \u00a0o campo \u00a0 que\" data-image=\"http:\/\/www.blogdopilako.com.br\/wp\/wp-content\/uploads\/IMG_5779_588x439.jpg\" data-button=\"none\">\n\t\t\t\t\t<img src=\"\/\/www.linksalpha.com\/images\/social_share_button.png\" alt=\"Share\" class=\"linksalpha_image\" \/>\n\t\t\t\t\t<\/a><script type=\"text\/javascript\" src=\"\/\/www.linksalpha.com\/scripts\/loader_iconbox.js?v=2.4\"><\/script><\/span><\/div><p style=\"text-align: justify;\"><a href=\"http:\/\/www.blogdopilako.com.br\/wp\/wp-content\/uploads\/IMG_5779_588x439.jpg\"><img loading=\"lazy\" class=\"aligncenter size-full wp-image-43344\" alt=\"IMG_5779_588x439\" src=\"http:\/\/www.blogdopilako.com.br\/wp\/wp-content\/uploads\/IMG_5779_588x439.jpg\" width=\"588\" height=\"439\" \/><\/a><\/p>\n<p style=\"text-align: justify;\">O meu filho Gabriel (9 anos) \u00e9 torcedor do <strong>Clube N\u00e1utico Capibaribe<\/strong>. Assim que tomei conhecimento na quarta feira (29), de que o time alvirrubro estaria fazendo, naquele dia a sua pen\u00faltima partida no <strong>Est\u00e1dio dos Aflitos<\/strong>, senti-me na obriga\u00e7\u00e3o de apresentar, para Gabriel, \u00a0 \u00a0o campo \u00a0 que serviu \u00a0de CASA DO \u00a0N\u00c1UTICO \u00a0durante muitas \u00a0d\u00e9cadas. A <strong>ARENA PERNAMBUCO<\/strong>, em breve,\u00a0 ser\u00e1 a \u201csala de visita\u201d dos alvirrubros.<\/p>\n<p style=\"text-align: justify;\">Pois bem, independente de ser a primeira vez de BIEL no Est\u00e1dio dos Aflitos, o <strong>TIMB\u00da<\/strong>\u00a0fez feio. Mesmo com todo apoio da torcida no in\u00edcio, o time parecia que estava com vontade de perder. Ap\u00f3s o terceiro gol do advers\u00e1rio (Vit\u00f3ria da Bahia) os torcedores perderam a paci\u00eancia e comeram a vaiar os jogadores do N\u00e1utico. Em alguns momentos a pr\u00f3pria torcida local chegou a gritar famoso ol\u00e9&#8230;.<\/p>\n<p style=\"text-align: justify;\">Sendo assim, mesmo com todo vexame do time vermelho e branco o meu Gabriel, \u00a0no futuro, quando a referencia do N\u00e1utico for a famosa ARENA PERNAMBUCO, \u00a0ele poder\u00e1 dizer que chegou a conhecer a primeira \u201ccasa dos alvirrubros\u2019.<\/p>\n<p><object width=\"600\" height=\"338\" classid=\"clsid:d27cdb6e-ae6d-11cf-96b8-444553540000\" codebase=\"http:\/\/download.macromedia.com\/pub\/shockwave\/cabs\/flash\/swflash.cab#version=6,0,40,0\"><param name=\"allowFullScreen\" value=\"true\" \/><param name=\"allowscriptaccess\" value=\"always\" \/><param name=\"src\" value=\"http:\/\/www.youtube.com\/v\/v1xI6mevYxQ?hl=pt_BR&amp;version=3\" \/><param name=\"allowfullscreen\" value=\"true\" \/><embed width=\"600\" height=\"338\" type=\"application\/x-shockwave-flash\" src=\"http:\/\/www.youtube.com\/v\/v1xI6mevYxQ?hl=pt_BR&amp;version=3\" allowFullScreen=\"true\" allowscriptaccess=\"always\" allowfullscreen=\"true\" \/><\/object><br \/>\n\n\t\t<style type=\"text\/css\">\n\t\t\t#gallery-1 {\n\t\t\t\tmargin: auto;\n\t\t\t}\n\t\t\t#gallery-1 .gallery-item {\n\t\t\t\tfloat: left;\n\t\t\t\tmargin-top: 10px;\n\t\t\t\ttext-align: center;\n\t\t\t\twidth: 25%;\n\t\t\t}\n\t\t\t#gallery-1 img {\n\t\t\t\tborder: 2px solid #cfcfcf;\n\t\t\t}\n\t\t\t#gallery-1 .gallery-caption {\n\t\t\t\tmargin-left: 0;\n\t\t\t}\n\t\t\t\/* see gallery_shortcode() in wp-includes\/media.php *\/\n\t\t<\/style>\n\t\t<div id='gallery-1' class='gallery galleryid-43330 gallery-columns-4 gallery-size-thumbnail'><dl class='gallery-item'>\n\t\t\t<dt class='gallery-icon '>\n\t\t\t\t<a href='http:\/\/www.blogdopilako.com.br\/wp\/wp-content\/uploads\/IMG_5796_588x439.jpg'>IMG_5796_588x439<\/a>\n\t\t\t<\/dt><\/dl><dl class='gallery-item'>\n\t\t\t<dt class='gallery-icon '>\n\t\t\t\t<a href='http:\/\/www.blogdopilako.com.br\/wp\/wp-content\/uploads\/IMG_5808_588x439.jpg'>IMG_5808_588x439<\/a>\n\t\t\t<\/dt><\/dl><dl class='gallery-item'>\n\t\t\t<dt class='gallery-icon '>\n\t\t\t\t<a href='http:\/\/www.blogdopilako.com.br\/wp\/wp-content\/uploads\/IMG_5779_588x439.jpg'>IMG_5779_588x439<\/a>\n\t\t\t<\/dt><\/dl><dl class='gallery-item'>\n\t\t\t<dt class='gallery-icon '>\n\t\t\t\t<a href='http:\/\/www.blogdopilako.com.br\/wp\/wp-content\/uploads\/IMG_5797_588x439.jpg'>IMG_5797_588x439<\/a>\n\t\t\t<\/dt><\/dl><br style=\"clear: both\" \/><dl class='gallery-item'>\n\t\t\t<dt class='gallery-icon '>\n\t\t\t\t<a href='http:\/\/www.blogdopilako.com.br\/wp\/wp-content\/uploads\/IMG_5809_588x439.jpg'>IMG_5809_588x439<\/a>\n\t\t\t<\/dt><\/dl><dl class='gallery-item'>\n\t\t\t<dt class='gallery-icon '>\n\t\t\t\t<a href='http:\/\/www.blogdopilako.com.br\/wp\/wp-content\/uploads\/IMG_5795_588x439.jpg'>IMG_5795_588x439<\/a>\n\t\t\t<\/dt><\/dl><dl class='gallery-item'>\n\t\t\t<dt class='gallery-icon '>\n\t\t\t\t<a href='http:\/\/www.blogdopilako.com.br\/wp\/wp-content\/uploads\/IMG_5789_588x439.jpg'>IMG_5789_588x439<\/a>\n\t\t\t<\/dt><\/dl><dl class='gallery-item'>\n\t\t\t<dt class='gallery-icon '>\n\t\t\t\t<a href='http:\/\/www.blogdopilako.com.br\/wp\/wp-content\/uploads\/IMG_5790_588x439.jpg'>IMG_5790_588x439<\/a>\n\t\t\t<\/dt><\/dl><br style=\"clear: both\" \/><dl class='gallery-item'>\n\t\t\t<dt class='gallery-icon '>\n\t\t\t\t<a href='http:\/\/www.blogdopilako.com.br\/wp\/wp-content\/uploads\/IMG_5800_588x439.jpg'>IMG_5800_588x439<\/a>\n\t\t\t<\/dt><\/dl><dl class='gallery-item'>\n\t\t\t<dt class='gallery-icon '>\n\t\t\t\t<a href='http:\/\/www.blogdopilako.com.br\/wp\/wp-content\/uploads\/IMG_5792_588x439.jpg'>IMG_5792_588x439<\/a>\n\t\t\t<\/dt><\/dl><dl class='gallery-item'>\n\t\t\t<dt class='gallery-icon '>\n\t\t\t\t<a href='http:\/\/www.blogdopilako.com.br\/wp\/wp-content\/uploads\/IMG_5807_588x439.jpg'>IMG_5807_588x439<\/a>\n\t\t\t<\/dt><\/dl><dl class='gallery-item'>\n\t\t\t<dt class='gallery-icon '>\n\t\t\t\t<a href='http:\/\/www.blogdopilako.com.br\/wp\/wp-content\/uploads\/IMG_5798_588x439.jpg'>IMG_5798_588x439<\/a>\n\t\t\t<\/dt><\/dl><br style=\"clear: both\" \/><dl class='gallery-item'>\n\t\t\t<dt class='gallery-icon '>\n\t\t\t\t<a href='http:\/\/www.blogdopilako.com.br\/wp\/wp-content\/uploads\/IMG_5794_588x439.jpg'>IMG_5794_588x439<\/a>\n\t\t\t<\/dt><\/dl>\n\t\t\t<br style='clear: both' \/>\n\t\t<\/div>\n<\/p>\n\n\t\t\t\t<div class=\"mr_social_sharing_wrapper\">\n\t\t\t\t<!-- Social Sharing Toolkit v2.2 --><span class=\"mr_social_sharing_top\"><span style=\"display: inline-block; width: 55px; height: 62px; overflow: hidden;\"><div class=\"fb-like\" data-href=\"http:\/\/www.blogdopilako.com.br\/wp\/2013\/05\/31\/gabriel-no-estadio-dos-aflitos\/\" data-send=\"false\" data-layout=\"box_count\" data-width=\"55\" data-show-faces=\"false\"><\/div><\/span><\/span><span class=\"mr_social_sharing_top\"><fb:share-button type=\"box_count\" href=\"http:\/\/www.blogdopilako.com.br\/wp\/2013\/05\/31\/gabriel-no-estadio-dos-aflitos\/\"><\/fb:share-button><\/span><span class=\"mr_social_sharing\"><a rel=\"nofollow\" class=\"linksalpha_button linksalpha_link\" href=\"\/\/www.linksalpha.com\/social\/mobile\" data-url=\"http:\/\/www.blogdopilako.com.br\/wp\/2013\/05\/31\/gabriel-no-estadio-dos-aflitos\/\" data-text=\"Gabriel no Estadio dos Aflitos\u2026\" data-desc=\"O meu filho Gabriel (9 anos) \u00e9 torcedor do Clube N\u00e1utico Capibaribe. Assim que tomei conhecimento na quarta feira (29), de que o time alvirrubro estaria fazendo, naquele dia a sua pen\u00faltima partida no Est\u00e1dio dos Aflitos, senti-me na obriga\u00e7\u00e3o de apresentar, para Gabriel, \u00a0 \u00a0o campo \u00a0 que\" data-image=\"http:\/\/www.blogdopilako.com.br\/wp\/wp-content\/uploads\/IMG_5779_588x439.jpg\" data-button=\"none\">\n\t\t\t\t\t<img src=\"\/\/www.linksalpha.com\/images\/social_share_button.png\" alt=\"Share\" class=\"linksalpha_image\" \/>\n\t\t\t\t\t<\/a><script type=\"text\/javascript\" src=\"\/\/www.linksalpha.com\/scripts\/loader_iconbox.js?v=2.4\"><\/script><\/span><\/div>","protected":false},"excerpt":{"rendered":"\n\t\t\t\t<div class=\"mr_social_sharing_wrapper\">\n\t\t\t\t<!-- Social Sharing Toolkit v2.2 --><span class=\"mr_social_sharing_top\"><span style=\"display: inline-block; width: 55px; height: 62px; overflow: hidden;\"><div class=\"fb-like\" data-href=\"http:\/\/www.blogdopilako.com.br\/wp\/2013\/05\/31\/gabriel-no-estadio-dos-aflitos\/\" data-send=\"false\" data-layout=\"box_count\" data-width=\"55\" data-show-faces=\"false\"><\/div><\/span><\/span><span class=\"mr_social_sharing_top\"><fb:share-button type=\"box_count\" href=\"http:\/\/www.blogdopilako.com.br\/wp\/2013\/05\/31\/gabriel-no-estadio-dos-aflitos\/\"><\/fb:share-button><\/span><span class=\"mr_social_sharing\"><a rel=\"nofollow\" class=\"linksalpha_button linksalpha_link\" href=\"\/\/www.linksalpha.com\/social\/mobile\" data-url=\"http:\/\/www.blogdopilako.com.br\/wp\/2013\/05\/31\/gabriel-no-estadio-dos-aflitos\/\" data-text=\"Gabriel no Estadio dos Aflitos\u2026\" data-desc=\"O meu filho Gabriel (9 anos) \u00e9 torcedor do Clube N\u00e1utico Capibaribe. Assim que tomei conhecimento na quarta feira (29), de que o time alvirrubro estaria fazendo, naquele dia a sua pen\u00faltima partida no Est\u00e1dio dos Aflitos, senti-me na obriga\u00e7\u00e3o de apresentar, para Gabriel, \u00a0 \u00a0o campo \u00a0 que\" data-image=\"\" data-button=\"none\">\n\t\t\t\t\t<img src=\"\/\/www.linksalpha.com\/images\/social_share_button.png\" alt=\"Share\" class=\"linksalpha_image\" \/>\n\t\t\t\t\t<\/a><script type=\"text\/javascript\" src=\"\/\/www.linksalpha.com\/scripts\/loader_iconbox.js?v=2.4\"><\/script><\/span><\/div><p>O meu filho Gabriel (9 anos) \u00e9 torcedor do Clube N\u00e1utico Capibaribe. Assim que tomei conhecimento na quarta feira (29), de que o time alvirrubro estaria fazendo, naquele dia a sua pen\u00faltima partida no Est\u00e1dio dos Aflitos, senti-me na obriga\u00e7\u00e3o &hellip; <a href=\"http:\/\/www.blogdopilako.com.br\/wp\/2013\/05\/31\/gabriel-no-estadio-dos-aflitos\/\">Continue lendo <span class=\"meta-nav\">&rarr;<\/span><\/a><\/p>\n\n\t\t\t\t<div class=\"mr_social_sharing_wrapper\">\n\t\t\t\t<!-- Social Sharing Toolkit v2.2 --><span class=\"mr_social_sharing_top\"><span style=\"display: inline-block; width: 55px; height: 62px; overflow: hidden;\"><div class=\"fb-like\" data-href=\"http:\/\/www.blogdopilako.com.br\/wp\/2013\/05\/31\/gabriel-no-estadio-dos-aflitos\/\" data-send=\"false\" data-layout=\"box_count\" data-width=\"55\" data-show-faces=\"false\"><\/div><\/span><\/span><span class=\"mr_social_sharing_top\"><fb:share-button type=\"box_count\" href=\"http:\/\/www.blogdopilako.com.br\/wp\/2013\/05\/31\/gabriel-no-estadio-dos-aflitos\/\"><\/fb:share-button><\/span><span class=\"mr_social_sharing\"><a rel=\"nofollow\" class=\"linksalpha_button linksalpha_link\" href=\"\/\/www.linksalpha.com\/social\/mobile\" data-url=\"http:\/\/www.blogdopilako.com.br\/wp\/2013\/05\/31\/gabriel-no-estadio-dos-aflitos\/\" data-text=\"Gabriel no Estadio dos Aflitos\u2026\" data-desc=\"O meu filho Gabriel (9 anos) \u00e9 torcedor do Clube N\u00e1utico Capibaribe. Assim que tomei conhecimento na quarta feira (29), de que o time alvirrubro estaria fazendo, naquele dia a sua pen\u00faltima partida no Est\u00e1dio dos Aflitos, senti-me na obriga\u00e7\u00e3o de apresentar, para Gabriel, \u00a0 \u00a0o campo \u00a0 que\" data-image=\"\" data-button=\"none\">\n\t\t\t\t\t<img src=\"\/\/www.linksalpha.com\/images\/social_share_button.png\" alt=\"Share\" class=\"linksalpha_image\" \/>\n\t\t\t\t\t<\/a><script type=\"text\/javascript\" src=\"\/\/www.linksalpha.com\/scripts\/loader_iconbox.js?v=2.4\"><\/script><\/span><\/div>","protected":false},"author":4,"featured_media":0,"comment_status":"open","ping_status":"open","sticky":false,"template":"","format":"standard","meta":[],"categories":[22],"tags":[],"_links":{"self":[{"href":"http:\/\/www.blogdopilako.com.br\/wp\/wp-json\/wp\/v2\/posts\/43330"}],"collection":[{"href":"http:\/\/www.blogdopilako.com.br\/wp\/wp-json\/wp\/v2\/posts"}],"about":[{"href":"http:\/\/www.blogdopilako.com.br\/wp\/wp-json\/wp\/v2\/types\/post"}],"author":[{"embeddable":true,"href":"http:\/\/www.blogdopilako.com.br\/wp\/wp-json\/wp\/v2\/users\/4"}],"replies":[{"embeddable":true,"href":"http:\/\/www.blogdopilako.com.br\/wp\/wp-json\/wp\/v2\/comments?post=43330"}],"version-history":[{"count":7,"href":"http:\/\/www.blogdopilako.com.br\/wp\/wp-json\/wp\/v2\/posts\/43330\/revisions"}],"predecessor-version":[{"id":43462,"href":"http:\/\/www.blogdopilako.com.br\/wp\/wp-json\/wp\/v2\/posts\/43330\/revisions\/43462"}],"wp:attachment":[{"href":"http:\/\/www.blogdopilako.com.br\/wp\/wp-json\/wp\/v2\/media?parent=43330"}],"wp:term":[{"taxonomy":"category","embeddable":true,"href":"http:\/\/www.blogdopilako.com.br\/wp\/wp-json\/wp\/v2\/categories?post=43330"},{"taxonomy":"post_tag","embeddable":true,"href":"http:\/\/www.blogdopilako.com.br\/wp\/wp-json\/wp\/v2\/tags?post=43330"}],"curies":[{"name":"wp","href":"https:\/\/api.w.org\/{rel}","templated":true}]}}