{"id":42143,"date":"2013-05-09T14:48:04","date_gmt":"2013-05-09T17:48:04","guid":{"rendered":"http:\/\/www.blogdopilako.com.br\/wp\/?p=42143"},"modified":"2013-05-10T14:06:12","modified_gmt":"2013-05-10T17:06:12","slug":"o-decimo-primeiro-a-responder-foi-o-sosigenes-bittencourt","status":"publish","type":"post","link":"http:\/\/www.blogdopilako.com.br\/wp\/2013\/05\/09\/o-decimo-primeiro-a-responder-foi-o-sosigenes-bittencourt\/","title":{"rendered":"O d\u00e9cimo primeiro a responder foi Sos\u00edgenes Bittencourt"},"content":{"rendered":"\n\t\t\t\t<div class=\"mr_social_sharing_wrapper\">\n\t\t\t\t<!-- Social Sharing Toolkit v2.2 --><span class=\"mr_social_sharing_top\"><span style=\"display: inline-block; width: 55px; height: 62px; overflow: hidden;\"><div class=\"fb-like\" data-href=\"http:\/\/www.blogdopilako.com.br\/wp\/2013\/05\/09\/o-decimo-primeiro-a-responder-foi-o-sosigenes-bittencourt\/\" data-send=\"false\" data-layout=\"box_count\" data-width=\"55\" data-show-faces=\"false\"><\/div><\/span><\/span><span class=\"mr_social_sharing_top\"><fb:share-button type=\"box_count\" href=\"http:\/\/www.blogdopilako.com.br\/wp\/2013\/05\/09\/o-decimo-primeiro-a-responder-foi-o-sosigenes-bittencourt\/\"><\/fb:share-button><\/span><span class=\"mr_social_sharing\"><a rel=\"nofollow\" class=\"linksalpha_button linksalpha_link\" href=\"\/\/www.linksalpha.com\/social\/mobile\" data-url=\"http:\/\/www.blogdopilako.com.br\/wp\/2013\/05\/09\/o-decimo-primeiro-a-responder-foi-o-sosigenes-bittencourt\/\" data-text=\"O d\u00e9cimo primeiro a responder foi Sos\u00edgenes Bittencourt\" data-desc=\"No transcorrer desta semana estaremos postando os coment\u00e1rios dos nossos \u201cconvocados\u201d \u00a0\u00e0 responder, minhas \u201cprovoca\u00e7\u00f5es\u201d, relacionada com a distor\u00e7\u00e3o existente na nossa cidade na quest\u00e3o: quantidade de blogs\u00a0versus\u00a0quantidade de habitantes. Postarei na sequencia do recebimento das\" data-image=\"http:\/\/www.blogdopilako.com.br\/wp\/wp-content\/uploads\/sosigenes-bittencourt.jpg\" data-button=\"none\">\n\t\t\t\t\t<img src=\"\/\/www.linksalpha.com\/images\/social_share_button.png\" alt=\"Share\" class=\"linksalpha_image\" \/>\n\t\t\t\t\t<\/a><script type=\"text\/javascript\" src=\"\/\/www.linksalpha.com\/scripts\/loader_iconbox.js?v=2.4\"><\/script><\/span><\/div><p style=\"text-align: justify;\">No transcorrer desta semana estaremos postando os coment\u00e1rios dos nossos \u201cconvocados\u201d \u00a0\u00e0 responder, minhas \u201cprovoca\u00e7\u00f5es\u201d, relacionada com a distor\u00e7\u00e3o existente na nossa cidade na quest\u00e3o: quantidade de blogs\u00a0<em>versus<\/em>\u00a0quantidade de habitantes.<\/p>\n<p style=\"text-align: justify;\">Postarei na sequencia do recebimento das respostas. Para entender melhor ler mat\u00e9ria: Quem saberia responder?<\/p>\n<p style=\"text-align: justify;\">O d\u00e9cimo primeiro a responder foi <strong>Sos\u00edgenes Bittencourt<\/strong>:<\/p>\n<p style=\"text-align: justify;\"><a href=\"http:\/\/www.blogdopilako.com.br\/wp\/wp-content\/uploads\/sosigenes-bittencourt.jpg\"><img loading=\"lazy\" class=\"aligncenter size-full wp-image-12109\" alt=\"sosigenes-bittencourt\" src=\"http:\/\/www.blogdopilako.com.br\/wp\/wp-content\/uploads\/sosigenes-bittencourt.jpg\" width=\"272\" height=\"249\" \/><\/a><\/p>\n<blockquote>\n<p style=\"text-align: justify;\">Esta \u00e9 uma abordagem que precisava ser postada. A quest\u00e3o \u00e9, sobretudo, o TEMOR DA REDA\u00c7\u00c3O. Tenho comprovado isso quando sou contratado para ministrar aulas de T\u00e9cnica de Reda\u00e7\u00e3o.<\/p>\n<p style=\"text-align: justify;\">Para voc\u00ea ter uma no\u00e7\u00e3o do p\u00e2nico que \u00e9 escrever, quando ensinava Portugu\u00eas no Col\u00e9gio 3 de Agosto, l\u00e1 pela d\u00e9cada de 80, na hora da Reda\u00e7\u00e3o, a turma gemia mais do que bacurinho na faca. Certa vez, uma aluna que havia namorado com todo o quarteir\u00e3o, que estalava beijos no canteiro da Pra\u00e7a Le\u00e3o Coroado de se ouvir no Trepa-Bode, quando pedi que fizesse uma REDA\u00c7\u00c3O sobre o AMOR, alegou que era T\u00cdMIDA.<\/p>\n<p style=\"text-align: justify;\">Contudo, esse temor, aqui na Comunidade, n\u00e3o se justifica, pois o clima tem sido de absoluto respeito entre os comentaristas. Aqui n\u00e3o \u00e9 sala de aula, \u00e9 um centro de debates, de discuss\u00e3o tem\u00e1tica. Tanto que j\u00e1 vi Gato com \u201cJ\u201d e Jacar\u00e9 com \u201cG\u201d e n\u00e3o dei um pio. Seria um espet\u00e1culo que pelo menos 500 olheiros emitissem suas ideias. Mesmo porque imagino que tem muita gente talentosa nos observando.<\/p>\n<p style=\"text-align: justify;\">Quanto \u00e0 quest\u00e3o de n\u00e3o se emitir reflex\u00e3o sobre Vit\u00f3ria de Santo Ant\u00e3o, as pessoas s\u00e3o v\u00edtimas de DESENCANTO ou COMPROMETIMENTO. Umas s\u00e3o DESENCANTADAS, n\u00e3o acreditam no Munic\u00edpio, pelo menos at\u00e9 a sua morte. Outras s\u00e3o COMPROMETIDAS, dependem dos pol\u00edticos ou vivem de Pol\u00edtica. Como eu n\u00e3o me insiro em qualquer dos casos, j\u00e1 fui comparado ao poeta baiano Greg\u00f3rio de Matos Guerra (1636-1695), apelidado de \u201cBoca do Inferno\u201d, porque ridicularizava a elite do seu tempo.<\/p>\n<p style=\"text-align: justify;\"><strong>Sos\u00edgenes Bittencourt<\/strong><\/p>\n<\/blockquote>\n\n\t\t\t\t<div class=\"mr_social_sharing_wrapper\">\n\t\t\t\t<!-- Social Sharing Toolkit v2.2 --><span class=\"mr_social_sharing_top\"><span style=\"display: inline-block; width: 55px; height: 62px; overflow: hidden;\"><div class=\"fb-like\" data-href=\"http:\/\/www.blogdopilako.com.br\/wp\/2013\/05\/09\/o-decimo-primeiro-a-responder-foi-o-sosigenes-bittencourt\/\" data-send=\"false\" data-layout=\"box_count\" data-width=\"55\" data-show-faces=\"false\"><\/div><\/span><\/span><span class=\"mr_social_sharing_top\"><fb:share-button type=\"box_count\" href=\"http:\/\/www.blogdopilako.com.br\/wp\/2013\/05\/09\/o-decimo-primeiro-a-responder-foi-o-sosigenes-bittencourt\/\"><\/fb:share-button><\/span><span class=\"mr_social_sharing\"><a rel=\"nofollow\" class=\"linksalpha_button linksalpha_link\" href=\"\/\/www.linksalpha.com\/social\/mobile\" data-url=\"http:\/\/www.blogdopilako.com.br\/wp\/2013\/05\/09\/o-decimo-primeiro-a-responder-foi-o-sosigenes-bittencourt\/\" data-text=\"O d\u00e9cimo primeiro a responder foi Sos\u00edgenes Bittencourt\" data-desc=\"No transcorrer desta semana estaremos postando os coment\u00e1rios dos nossos \u201cconvocados\u201d \u00a0\u00e0 responder, minhas \u201cprovoca\u00e7\u00f5es\u201d, relacionada com a distor\u00e7\u00e3o existente na nossa cidade na quest\u00e3o: quantidade de blogs\u00a0versus\u00a0quantidade de habitantes. Postarei na sequencia do recebimento das\" data-image=\"http:\/\/www.blogdopilako.com.br\/wp\/wp-content\/uploads\/sosigenes-bittencourt.jpg\" data-button=\"none\">\n\t\t\t\t\t<img src=\"\/\/www.linksalpha.com\/images\/social_share_button.png\" alt=\"Share\" class=\"linksalpha_image\" \/>\n\t\t\t\t\t<\/a><script type=\"text\/javascript\" src=\"\/\/www.linksalpha.com\/scripts\/loader_iconbox.js?v=2.4\"><\/script><\/span><\/div>","protected":false},"excerpt":{"rendered":"\n\t\t\t\t<div class=\"mr_social_sharing_wrapper\">\n\t\t\t\t<!-- Social Sharing Toolkit v2.2 --><span class=\"mr_social_sharing_top\"><span style=\"display: inline-block; width: 55px; height: 62px; overflow: hidden;\"><div class=\"fb-like\" data-href=\"http:\/\/www.blogdopilako.com.br\/wp\/2013\/05\/09\/o-decimo-primeiro-a-responder-foi-o-sosigenes-bittencourt\/\" data-send=\"false\" data-layout=\"box_count\" data-width=\"55\" data-show-faces=\"false\"><\/div><\/span><\/span><span class=\"mr_social_sharing_top\"><fb:share-button type=\"box_count\" href=\"http:\/\/www.blogdopilako.com.br\/wp\/2013\/05\/09\/o-decimo-primeiro-a-responder-foi-o-sosigenes-bittencourt\/\"><\/fb:share-button><\/span><span class=\"mr_social_sharing\"><a rel=\"nofollow\" class=\"linksalpha_button linksalpha_link\" href=\"\/\/www.linksalpha.com\/social\/mobile\" data-url=\"http:\/\/www.blogdopilako.com.br\/wp\/2013\/05\/09\/o-decimo-primeiro-a-responder-foi-o-sosigenes-bittencourt\/\" data-text=\"O d\u00e9cimo primeiro a responder foi Sos\u00edgenes Bittencourt\" data-desc=\"No transcorrer desta semana estaremos postando os coment\u00e1rios dos nossos \u201cconvocados\u201d \u00a0\u00e0 responder, minhas \u201cprovoca\u00e7\u00f5es\u201d, relacionada com a distor\u00e7\u00e3o existente na nossa cidade na quest\u00e3o: quantidade de blogs\u00a0versus\u00a0quantidade de habitantes. Postarei na sequencia do recebimento das\" data-image=\"\" data-button=\"none\">\n\t\t\t\t\t<img src=\"\/\/www.linksalpha.com\/images\/social_share_button.png\" alt=\"Share\" class=\"linksalpha_image\" \/>\n\t\t\t\t\t<\/a><script type=\"text\/javascript\" src=\"\/\/www.linksalpha.com\/scripts\/loader_iconbox.js?v=2.4\"><\/script><\/span><\/div><p>No transcorrer desta semana estaremos postando os coment\u00e1rios dos nossos \u201cconvocados\u201d \u00a0\u00e0 responder, minhas \u201cprovoca\u00e7\u00f5es\u201d, relacionada com a distor\u00e7\u00e3o existente na nossa cidade na quest\u00e3o: quantidade de blogs\u00a0versus\u00a0quantidade de habitantes. Postarei na sequencia do recebimento das respostas. Para entender melhor &hellip; <a href=\"http:\/\/www.blogdopilako.com.br\/wp\/2013\/05\/09\/o-decimo-primeiro-a-responder-foi-o-sosigenes-bittencourt\/\">Continue lendo <span class=\"meta-nav\">&rarr;<\/span><\/a><\/p>\n\n\t\t\t\t<div class=\"mr_social_sharing_wrapper\">\n\t\t\t\t<!-- Social Sharing Toolkit v2.2 --><span class=\"mr_social_sharing_top\"><span style=\"display: inline-block; width: 55px; height: 62px; overflow: hidden;\"><div class=\"fb-like\" data-href=\"http:\/\/www.blogdopilako.com.br\/wp\/2013\/05\/09\/o-decimo-primeiro-a-responder-foi-o-sosigenes-bittencourt\/\" data-send=\"false\" data-layout=\"box_count\" data-width=\"55\" data-show-faces=\"false\"><\/div><\/span><\/span><span class=\"mr_social_sharing_top\"><fb:share-button type=\"box_count\" href=\"http:\/\/www.blogdopilako.com.br\/wp\/2013\/05\/09\/o-decimo-primeiro-a-responder-foi-o-sosigenes-bittencourt\/\"><\/fb:share-button><\/span><span class=\"mr_social_sharing\"><a rel=\"nofollow\" class=\"linksalpha_button linksalpha_link\" href=\"\/\/www.linksalpha.com\/social\/mobile\" data-url=\"http:\/\/www.blogdopilako.com.br\/wp\/2013\/05\/09\/o-decimo-primeiro-a-responder-foi-o-sosigenes-bittencourt\/\" data-text=\"O d\u00e9cimo primeiro a responder foi Sos\u00edgenes Bittencourt\" data-desc=\"No transcorrer desta semana estaremos postando os coment\u00e1rios dos nossos \u201cconvocados\u201d \u00a0\u00e0 responder, minhas \u201cprovoca\u00e7\u00f5es\u201d, relacionada com a distor\u00e7\u00e3o existente na nossa cidade na quest\u00e3o: quantidade de blogs\u00a0versus\u00a0quantidade de habitantes. Postarei na sequencia do recebimento das\" data-image=\"\" data-button=\"none\">\n\t\t\t\t\t<img src=\"\/\/www.linksalpha.com\/images\/social_share_button.png\" alt=\"Share\" class=\"linksalpha_image\" \/>\n\t\t\t\t\t<\/a><script type=\"text\/javascript\" src=\"\/\/www.linksalpha.com\/scripts\/loader_iconbox.js?v=2.4\"><\/script><\/span><\/div>","protected":false},"author":4,"featured_media":0,"comment_status":"open","ping_status":"open","sticky":false,"template":"","format":"standard","meta":[],"categories":[21,22],"tags":[],"_links":{"self":[{"href":"http:\/\/www.blogdopilako.com.br\/wp\/wp-json\/wp\/v2\/posts\/42143"}],"collection":[{"href":"http:\/\/www.blogdopilako.com.br\/wp\/wp-json\/wp\/v2\/posts"}],"about":[{"href":"http:\/\/www.blogdopilako.com.br\/wp\/wp-json\/wp\/v2\/types\/post"}],"author":[{"embeddable":true,"href":"http:\/\/www.blogdopilako.com.br\/wp\/wp-json\/wp\/v2\/users\/4"}],"replies":[{"embeddable":true,"href":"http:\/\/www.blogdopilako.com.br\/wp\/wp-json\/wp\/v2\/comments?post=42143"}],"version-history":[{"count":5,"href":"http:\/\/www.blogdopilako.com.br\/wp\/wp-json\/wp\/v2\/posts\/42143\/revisions"}],"predecessor-version":[{"id":42145,"href":"http:\/\/www.blogdopilako.com.br\/wp\/wp-json\/wp\/v2\/posts\/42143\/revisions\/42145"}],"wp:attachment":[{"href":"http:\/\/www.blogdopilako.com.br\/wp\/wp-json\/wp\/v2\/media?parent=42143"}],"wp:term":[{"taxonomy":"category","embeddable":true,"href":"http:\/\/www.blogdopilako.com.br\/wp\/wp-json\/wp\/v2\/categories?post=42143"},{"taxonomy":"post_tag","embeddable":true,"href":"http:\/\/www.blogdopilako.com.br\/wp\/wp-json\/wp\/v2\/tags?post=42143"}],"curies":[{"name":"wp","href":"https:\/\/api.w.org\/{rel}","templated":true}]}}