{"id":42121,"date":"2013-05-09T16:00:03","date_gmt":"2013-05-09T19:00:03","guid":{"rendered":"http:\/\/www.blogdopilako.com.br\/wp\/?p=42121"},"modified":"2013-05-09T17:07:42","modified_gmt":"2013-05-09T20:07:42","slug":"faltam-lhes-vergonha-na-cara","status":"publish","type":"post","link":"http:\/\/www.blogdopilako.com.br\/wp\/2013\/05\/09\/faltam-lhes-vergonha-na-cara\/","title":{"rendered":"Faltam-lhes VERGONHA na cara&#8230;"},"content":{"rendered":"\n\t\t\t\t<div class=\"mr_social_sharing_wrapper\">\n\t\t\t\t<!-- Social Sharing Toolkit v2.2 --><span class=\"mr_social_sharing_top\"><span style=\"display: inline-block; width: 55px; height: 62px; overflow: hidden;\"><div class=\"fb-like\" data-href=\"http:\/\/www.blogdopilako.com.br\/wp\/2013\/05\/09\/faltam-lhes-vergonha-na-cara\/\" data-send=\"false\" data-layout=\"box_count\" data-width=\"55\" data-show-faces=\"false\"><\/div><\/span><\/span><span class=\"mr_social_sharing_top\"><fb:share-button type=\"box_count\" href=\"http:\/\/www.blogdopilako.com.br\/wp\/2013\/05\/09\/faltam-lhes-vergonha-na-cara\/\"><\/fb:share-button><\/span><span class=\"mr_social_sharing\"><a rel=\"nofollow\" class=\"linksalpha_button linksalpha_link\" href=\"\/\/www.linksalpha.com\/social\/mobile\" data-url=\"http:\/\/www.blogdopilako.com.br\/wp\/2013\/05\/09\/faltam-lhes-vergonha-na-cara\/\" data-text=\"Faltam-lhes VERGONHA na cara\u2026\" data-desc=\"Sempre que temos oportunidade estamos a reclamar, quer seja aqui pelo blog ou at\u00e9 mesmo de viva-voz, com o desleixo da Prefeitura para com as pra\u00e7as da cidade. Disse outro, que a popula\u00e7\u00e3o vitoriense, apesar de ser detentoras de um conjunto de pra\u00e7as bem localizadas, no presente momento, s\u00f3\" data-image=\"http:\/\/www.blogdopilako.com.br\/wp\/wp-content\/uploads\/estacao1.jpg\" data-button=\"none\">\n\t\t\t\t\t<img src=\"\/\/www.linksalpha.com\/images\/social_share_button.png\" alt=\"Share\" class=\"linksalpha_image\" \/>\n\t\t\t\t\t<\/a><script type=\"text\/javascript\" src=\"\/\/www.linksalpha.com\/scripts\/loader_iconbox.js?v=2.4\"><\/script><\/span><\/div><p style=\"text-align: justify;\"><a href=\"http:\/\/www.blogdopilako.com.br\/wp\/wp-content\/uploads\/estacao1.jpg\"><img loading=\"lazy\" class=\"aligncenter size-full wp-image-42154\" alt=\"estacao\" src=\"http:\/\/www.blogdopilako.com.br\/wp\/wp-content\/uploads\/estacao1.jpg\" width=\"576\" height=\"323\" \/><\/a><\/p>\n<p style=\"text-align: justify;\">Sempre que temos oportunidade estamos a reclamar, quer seja aqui pelo blog ou at\u00e9 mesmo de viva-voz, com o desleixo da Prefeitura para com as pra\u00e7as da cidade. Disse outro, que a popula\u00e7\u00e3o vitoriense, apesar de ser detentoras de um conjunto de pra\u00e7as bem localizadas, no presente momento, s\u00f3 tem o direito de utilizar-se, de maneira digna, apenas duas pra\u00e7as (Matriz e Bela Vista).<\/p>\n<p style=\"text-align: justify;\">Disse tamb\u00e9m, que Elias Lira entrou para a hist\u00f3ria da cidade como o Prefeito que mais abandonou pra\u00e7as na Vit\u00f3ria. \u00c9 bem verdade, que o atual gestor tem nas m\u00e3os a chance de \u201cpedir desculpas\u201d \u00e0 popula\u00e7\u00e3o, j\u00e1 que ainda tem pela frente mais de tr\u00eas anos de governo.<\/p>\n<p style=\"text-align: justify;\">Muito bem, hoje (09) pela manh\u00e3 ao caminhar no entorno do Pr\u00e9dio da Antiga Esta\u00e7\u00e3o Ferrovi\u00e1ria (tamb\u00e9m abandonada por Elias) me deparei com uma cena que bem demonstra o CINISMOS\u00a0 dos condutores da \u201cnova\u201d gest\u00e3o do Governo de Todos.<\/p>\n<p style=\"text-align: justify;\">O muro, que antes (s\u00e9culo 20) \u00a0servia de prote\u00e7\u00e3o \u00e0 popula\u00e7\u00e3o, principalmente para as crian\u00e7as em virtude do intenso tr\u00e1fego de locomotivas que tinha a ela atrelados in\u00fameros vag\u00f5es, como tamb\u00e9m emoldurava o cen\u00e1rio rom\u00e2ntico dos casais apaixonados que trocavam juras de amor contemplando a bel\u00edssima pra\u00e7a inaugurada em 1954 pelo saudoso prefeito Manuel de Holanda, \u00a0hoje tem seus \u00a0pilares, j\u00e1 desgastados pela a\u00e7\u00e3o impiedosa do tempo em parceria com a falta de manuten\u00e7\u00e3o, est\u00e3o sendo usado como suporte para \u00a0lixeira, \u00a0tendo como detalhe, \u00a0o arame segurando a mesma.<\/p>\n<p style=\"text-align: justify;\"><a href=\"http:\/\/www.blogdopilako.com.br\/wp\/wp-content\/uploads\/lixo-estacao2.jpg\"><img loading=\"lazy\" class=\"aligncenter size-full wp-image-42159\" alt=\"lixo-estacao2\" src=\"http:\/\/www.blogdopilako.com.br\/wp\/wp-content\/uploads\/lixo-estacao2.jpg\" width=\"578\" height=\"432\" \/><\/a><\/p>\n<p style=\"text-align: justify;\"><a href=\"http:\/\/www.blogdopilako.com.br\/wp\/wp-content\/uploads\/lixo-estacao.jpg\"><img loading=\"lazy\" class=\"aligncenter size-full wp-image-42160\" alt=\"lixo-estacao\" src=\"http:\/\/www.blogdopilako.com.br\/wp\/wp-content\/uploads\/lixo-estacao.jpg\" width=\"584\" height=\"408\" \/><\/a><\/p>\n<p style=\"text-align: justify;\">Sendo assim, esta \u00e9 mais \u00a0uma \u00a0triste hist\u00f3ria \u00a0de nossa cidade, protagonizada pelos \u00a0que se \u00a0auto intitulam \u00a0arautos da moralidade e propagam, de maneira enganosa, \u00a0um \u00a0\u201cexcesso\u201d de sentimento \u00a0nativista latente no peito.<\/p>\n\n\t\t\t\t<div class=\"mr_social_sharing_wrapper\">\n\t\t\t\t<!-- Social Sharing Toolkit v2.2 --><span class=\"mr_social_sharing_top\"><span style=\"display: inline-block; width: 55px; height: 62px; overflow: hidden;\"><div class=\"fb-like\" data-href=\"http:\/\/www.blogdopilako.com.br\/wp\/2013\/05\/09\/faltam-lhes-vergonha-na-cara\/\" data-send=\"false\" data-layout=\"box_count\" data-width=\"55\" data-show-faces=\"false\"><\/div><\/span><\/span><span class=\"mr_social_sharing_top\"><fb:share-button type=\"box_count\" href=\"http:\/\/www.blogdopilako.com.br\/wp\/2013\/05\/09\/faltam-lhes-vergonha-na-cara\/\"><\/fb:share-button><\/span><span class=\"mr_social_sharing\"><a rel=\"nofollow\" class=\"linksalpha_button linksalpha_link\" href=\"\/\/www.linksalpha.com\/social\/mobile\" data-url=\"http:\/\/www.blogdopilako.com.br\/wp\/2013\/05\/09\/faltam-lhes-vergonha-na-cara\/\" data-text=\"Faltam-lhes VERGONHA na cara\u2026\" data-desc=\"Sempre que temos oportunidade estamos a reclamar, quer seja aqui pelo blog ou at\u00e9 mesmo de viva-voz, com o desleixo da Prefeitura para com as pra\u00e7as da cidade. Disse outro, que a popula\u00e7\u00e3o vitoriense, apesar de ser detentoras de um conjunto de pra\u00e7as bem localizadas, no presente momento, s\u00f3\" data-image=\"http:\/\/www.blogdopilako.com.br\/wp\/wp-content\/uploads\/estacao1.jpg\" data-button=\"none\">\n\t\t\t\t\t<img src=\"\/\/www.linksalpha.com\/images\/social_share_button.png\" alt=\"Share\" class=\"linksalpha_image\" \/>\n\t\t\t\t\t<\/a><script type=\"text\/javascript\" src=\"\/\/www.linksalpha.com\/scripts\/loader_iconbox.js?v=2.4\"><\/script><\/span><\/div>","protected":false},"excerpt":{"rendered":"\n\t\t\t\t<div class=\"mr_social_sharing_wrapper\">\n\t\t\t\t<!-- Social Sharing Toolkit v2.2 --><span class=\"mr_social_sharing_top\"><span style=\"display: inline-block; width: 55px; height: 62px; overflow: hidden;\"><div class=\"fb-like\" data-href=\"http:\/\/www.blogdopilako.com.br\/wp\/2013\/05\/09\/faltam-lhes-vergonha-na-cara\/\" data-send=\"false\" data-layout=\"box_count\" data-width=\"55\" data-show-faces=\"false\"><\/div><\/span><\/span><span class=\"mr_social_sharing_top\"><fb:share-button type=\"box_count\" href=\"http:\/\/www.blogdopilako.com.br\/wp\/2013\/05\/09\/faltam-lhes-vergonha-na-cara\/\"><\/fb:share-button><\/span><span class=\"mr_social_sharing\"><a rel=\"nofollow\" class=\"linksalpha_button linksalpha_link\" href=\"\/\/www.linksalpha.com\/social\/mobile\" data-url=\"http:\/\/www.blogdopilako.com.br\/wp\/2013\/05\/09\/faltam-lhes-vergonha-na-cara\/\" data-text=\"Faltam-lhes VERGONHA na cara\u2026\" data-desc=\"Sempre que temos oportunidade estamos a reclamar, quer seja aqui pelo blog ou at\u00e9 mesmo de viva-voz, com o desleixo da Prefeitura para com as pra\u00e7as da cidade. Disse outro, que a popula\u00e7\u00e3o vitoriense, apesar de ser detentoras de um conjunto de pra\u00e7as bem localizadas, no presente momento, s\u00f3\" data-image=\"\" data-button=\"none\">\n\t\t\t\t\t<img src=\"\/\/www.linksalpha.com\/images\/social_share_button.png\" alt=\"Share\" class=\"linksalpha_image\" \/>\n\t\t\t\t\t<\/a><script type=\"text\/javascript\" src=\"\/\/www.linksalpha.com\/scripts\/loader_iconbox.js?v=2.4\"><\/script><\/span><\/div><p>Sempre que temos oportunidade estamos a reclamar, quer seja aqui pelo blog ou at\u00e9 mesmo de viva-voz, com o desleixo da Prefeitura para com as pra\u00e7as da cidade. Disse outro, que a popula\u00e7\u00e3o vitoriense, apesar de ser detentoras de um &hellip; <a href=\"http:\/\/www.blogdopilako.com.br\/wp\/2013\/05\/09\/faltam-lhes-vergonha-na-cara\/\">Continue lendo <span class=\"meta-nav\">&rarr;<\/span><\/a><\/p>\n\n\t\t\t\t<div class=\"mr_social_sharing_wrapper\">\n\t\t\t\t<!-- Social Sharing Toolkit v2.2 --><span class=\"mr_social_sharing_top\"><span style=\"display: inline-block; width: 55px; height: 62px; overflow: hidden;\"><div class=\"fb-like\" data-href=\"http:\/\/www.blogdopilako.com.br\/wp\/2013\/05\/09\/faltam-lhes-vergonha-na-cara\/\" data-send=\"false\" data-layout=\"box_count\" data-width=\"55\" data-show-faces=\"false\"><\/div><\/span><\/span><span class=\"mr_social_sharing_top\"><fb:share-button type=\"box_count\" href=\"http:\/\/www.blogdopilako.com.br\/wp\/2013\/05\/09\/faltam-lhes-vergonha-na-cara\/\"><\/fb:share-button><\/span><span class=\"mr_social_sharing\"><a rel=\"nofollow\" class=\"linksalpha_button linksalpha_link\" href=\"\/\/www.linksalpha.com\/social\/mobile\" data-url=\"http:\/\/www.blogdopilako.com.br\/wp\/2013\/05\/09\/faltam-lhes-vergonha-na-cara\/\" data-text=\"Faltam-lhes VERGONHA na cara\u2026\" data-desc=\"Sempre que temos oportunidade estamos a reclamar, quer seja aqui pelo blog ou at\u00e9 mesmo de viva-voz, com o desleixo da Prefeitura para com as pra\u00e7as da cidade. Disse outro, que a popula\u00e7\u00e3o vitoriense, apesar de ser detentoras de um conjunto de pra\u00e7as bem localizadas, no presente momento, s\u00f3\" data-image=\"\" data-button=\"none\">\n\t\t\t\t\t<img src=\"\/\/www.linksalpha.com\/images\/social_share_button.png\" alt=\"Share\" class=\"linksalpha_image\" \/>\n\t\t\t\t\t<\/a><script type=\"text\/javascript\" src=\"\/\/www.linksalpha.com\/scripts\/loader_iconbox.js?v=2.4\"><\/script><\/span><\/div>","protected":false},"author":4,"featured_media":0,"comment_status":"open","ping_status":"open","sticky":false,"template":"","format":"standard","meta":[],"categories":[21,22],"tags":[],"_links":{"self":[{"href":"http:\/\/www.blogdopilako.com.br\/wp\/wp-json\/wp\/v2\/posts\/42121"}],"collection":[{"href":"http:\/\/www.blogdopilako.com.br\/wp\/wp-json\/wp\/v2\/posts"}],"about":[{"href":"http:\/\/www.blogdopilako.com.br\/wp\/wp-json\/wp\/v2\/types\/post"}],"author":[{"embeddable":true,"href":"http:\/\/www.blogdopilako.com.br\/wp\/wp-json\/wp\/v2\/users\/4"}],"replies":[{"embeddable":true,"href":"http:\/\/www.blogdopilako.com.br\/wp\/wp-json\/wp\/v2\/comments?post=42121"}],"version-history":[{"count":11,"href":"http:\/\/www.blogdopilako.com.br\/wp\/wp-json\/wp\/v2\/posts\/42121\/revisions"}],"predecessor-version":[{"id":42156,"href":"http:\/\/www.blogdopilako.com.br\/wp\/wp-json\/wp\/v2\/posts\/42121\/revisions\/42156"}],"wp:attachment":[{"href":"http:\/\/www.blogdopilako.com.br\/wp\/wp-json\/wp\/v2\/media?parent=42121"}],"wp:term":[{"taxonomy":"category","embeddable":true,"href":"http:\/\/www.blogdopilako.com.br\/wp\/wp-json\/wp\/v2\/categories?post=42121"},{"taxonomy":"post_tag","embeddable":true,"href":"http:\/\/www.blogdopilako.com.br\/wp\/wp-json\/wp\/v2\/tags?post=42121"}],"curies":[{"name":"wp","href":"https:\/\/api.w.org\/{rel}","templated":true}]}}