{"id":41351,"date":"2013-04-25T15:45:35","date_gmt":"2013-04-25T18:45:35","guid":{"rendered":"http:\/\/www.blogdopilako.com.br\/wp\/?p=41351"},"modified":"2015-06-11T10:38:16","modified_gmt":"2015-06-11T13:38:16","slug":"apelidos-vitoriense-pirrita","status":"publish","type":"post","link":"http:\/\/www.blogdopilako.com.br\/wp\/2013\/04\/25\/apelidos-vitoriense-pirrita\/","title":{"rendered":"Apelidos Vitorienses: PIRRITA."},"content":{"rendered":"\n\t\t\t\t<div class=\"mr_social_sharing_wrapper\">\n\t\t\t\t<!-- Social Sharing Toolkit v2.2 --><span class=\"mr_social_sharing_top\"><span style=\"display: inline-block; width: 55px; height: 62px; overflow: hidden;\"><div class=\"fb-like\" data-href=\"http:\/\/www.blogdopilako.com.br\/wp\/2013\/04\/25\/apelidos-vitoriense-pirrita\/\" data-send=\"false\" data-layout=\"box_count\" data-width=\"55\" data-show-faces=\"false\"><\/div><\/span><\/span><span class=\"mr_social_sharing_top\"><fb:share-button type=\"box_count\" href=\"http:\/\/www.blogdopilako.com.br\/wp\/2013\/04\/25\/apelidos-vitoriense-pirrita\/\"><\/fb:share-button><\/span><span class=\"mr_social_sharing\"><a rel=\"nofollow\" class=\"linksalpha_button linksalpha_link\" href=\"\/\/www.linksalpha.com\/social\/mobile\" data-url=\"http:\/\/www.blogdopilako.com.br\/wp\/2013\/04\/25\/apelidos-vitoriense-pirrita\/\" data-text=\"Apelidos Vitorienses: PIRRITA.\" data-desc=\"Dando continuidade a nossa Coluna de APELIDOS VITORIENSES, onde procuramos revelar a origem dos vitorienses que s\u00e3o mais conhecidos na cidade pelo apelido de que pelo pr\u00f3prio nome, destacaremos no dia de hoje, a origem do apelido do nosso amigo Manuel Jos\u00e9 Santiago da Silva. Contou-nos o amigo\" data-image=\"http:\/\/www.blogdopilako.com.br\/wp\/wp-content\/uploads\/pirrita.jpg\" data-button=\"none\">\n\t\t\t\t\t<img src=\"\/\/www.linksalpha.com\/images\/social_share_button.png\" alt=\"Share\" class=\"linksalpha_image\" \/>\n\t\t\t\t\t<\/a><script type=\"text\/javascript\" src=\"\/\/www.linksalpha.com\/scripts\/loader_iconbox.js?v=2.4\"><\/script><\/span><\/div><p style=\"text-align: justify;\"><a href=\"http:\/\/www.blogdopilako.com.br\/wp\/wp-content\/uploads\/pirrita.jpg\"><img loading=\"lazy\" class=\"aligncenter size-full wp-image-41373\" src=\"http:\/\/www.blogdopilako.com.br\/wp\/wp-content\/uploads\/pirrita.jpg\" alt=\"pirrita\" width=\"575\" height=\"319\" \/><\/a><\/p>\n<p style=\"text-align: justify;\">Dando continuidade a nossa Coluna de <strong>APELIDOS VITORIENSES<\/strong>, onde procuramos revelar a origem dos vitorienses que s\u00e3o mais conhecidos na cidade pelo <strong>apelido<\/strong> de que pelo pr\u00f3prio nome, destacaremos no dia de hoje, a origem do apelido do nosso amigo <strong>Manuel Jos\u00e9 Santiago da Silva<\/strong>.<\/p>\n<p style=\"text-align: justify;\">Contou-nos o amigo <strong>Pirrita<\/strong> que seu apelido vem desde os tempos de crian\u00e7a, quando batia uma bolinha nos campos de peladas da cidade, principalmente por tr\u00e1s do restaurante Gamela de Ouro.<\/p>\n<p style=\"text-align: justify;\">Pelo fato de Pirrita estar sempre participando das\u00a0 peladas de futebol, ao lado de colegas mais velhos, e sempre dando <em>&#8220;ol\u00e9<\/em>&#8221; nos maiores, j\u00e1 que sempre foi bom de bola, o ent\u00e3o colega da \u00e9poca, j\u00e1 falecido, <strong>Marquinhos de Otoni<\/strong>, \u201cbatizou-o\u201d de <strong>PIRRITA<\/strong>, por ser o menor da turma.<\/p>\n<p style=\"text-align: justify;\">Nessa mesma \u00e9poca, o amigo PIRRITA foi \u201calertado\u201d, pelo tamb\u00e9m colega de futebol e hoje professor e fil\u00f3sofo vitoriense,\u00a0<strong>Sos\u00edgenes Bittencourt<\/strong>, que a pron\u00fancia de seu apelido, deveria ser: <strong>PERRITA<\/strong> e n\u00e3o <strong>PIRRITA<\/strong>.<\/p>\n<p style=\"text-align: justify;\">Sendo assim, o amigo Manuel Jos\u00e9 Santiago da Silva entra para\u00a0 hist\u00f3ria de nossa cidade como mais um\u00a0 vitorienses que \u00e9 mais conhecido pelo APELIDO\u00a0 de que pelo pr\u00f3prio nome.<\/p>\n<p style=\"text-align: justify;\"><object width=\"600\" height=\"338\" classid=\"clsid:d27cdb6e-ae6d-11cf-96b8-444553540000\" codebase=\"http:\/\/download.macromedia.com\/pub\/shockwave\/cabs\/flash\/swflash.cab#version=6,0,40,0\"><param name=\"allowFullScreen\" value=\"true\" \/><param name=\"allowscriptaccess\" value=\"always\" \/><param name=\"src\" value=\"http:\/\/www.youtube.com\/v\/QBVqRph1hsg?version=3&amp;hl=pt_BR\" \/><param name=\"allowfullscreen\" value=\"true\" \/><embed width=\"600\" height=\"338\" type=\"application\/x-shockwave-flash\" src=\"http:\/\/www.youtube.com\/v\/QBVqRph1hsg?version=3&amp;hl=pt_BR\" allowfullscreen=\"allowfullscreen\" allowscriptaccess=\"always\" allowfullscreen=\"allowfullscreen\" \/><\/object><\/p>\n<p><strong>Veja outros Apelidos Vitorienses:<\/strong><\/p>\n<ul>\n<li><a href=\"http:\/\/www.blogdopilako.com.br\/wp\/2013\/03\/21\/apelidos-vitoriense-baleado-2\/\" target=\"_blank\">Baleado<\/a><\/li>\n<li><a href=\"http:\/\/www.blogdopilako.com.br\/wp\/2013\/02\/22\/apelidos-vitorienses-joao-de-qualidade\/\">Jo\u00e3o de Qualidade<\/a><\/li>\n<li><a href=\"http:\/\/www.blogdopilako.com.br\/wp\/2012\/12\/05\/apelidos-vitorienses-robo-ou-americano\/\" target=\"_blank\">ROB\u00d4 ou AMERICANO?<\/a><\/li>\n<li><a href=\"http:\/\/www.blogdopilako.com.br\/wp\/2012\/11\/29\/apelidos-vitoriense-olho-de-pires\/\" target=\"_blank\">Olho de Pires<\/a><\/li>\n<li><a href=\"http:\/\/www.blogdopilako.com.br\/wp\/2012\/11\/21\/apelidos-vitorienses-lavoura\/\" target=\"_blank\">Lavoura<\/a><\/li>\n<li><a href=\"http:\/\/www.blogdopilako.com.br\/wp\/2012\/11\/14\/apelidos-vitorienses-antonio-tripa\/\" target=\"_blank\">Ant\u00f4nio Tripa<\/a><\/li>\n<li><a href=\"http:\/\/www.blogdopilako.com.br\/wp\/2012\/10\/10\/apelidos-vitoriense-jose-mariano-de-barros-neto-toco\/\">T\u00f4co Mariano<\/a><\/li>\n<li><a href=\"http:\/\/www.blogdopilako.com.br\/wp\/2012\/09\/13\/apelidos-vitorienses-manga-rosa\/\">Manga Rosa<\/a><\/li>\n<li><a href=\"http:\/\/www.blogdopilako.com.br\/wp\/2012\/09\/05\/apelidos-vitoriense-china-contador\/\">China Contador<\/a><\/li>\n<li><a href=\"http:\/\/www.blogdopilako.com.br\/wp\/2012\/07\/31\/apelidos-vitorienses-paulino-moleza\/\">Paulinho Moleza<\/a><\/li>\n<li><a href=\"http:\/\/www.blogdopilako.com.br\/wp\/2012\/07\/11\/apelidos-vitorienses-a-jaca-de-heleno-foi-heranca-de-seu-biu\/\">Heleno da Jaca<\/a><\/li>\n<li><a href=\"http:\/\/www.blogdopilako.com.br\/wp\/2012\/06\/21\/apelidos-vitorienses-josimar-cavalcanti-da-silva-o-batfino\/\">BatFino<\/a><\/li>\n<li><a href=\"http:\/\/www.blogdopilako.com.br\/wp\/2012\/06\/05\/nova-coluna-apelidos-vitorienes\/\">Pilako<\/a><\/li>\n<\/ul>\n\n\t\t\t\t<div class=\"mr_social_sharing_wrapper\">\n\t\t\t\t<!-- Social Sharing Toolkit v2.2 --><span class=\"mr_social_sharing_top\"><span style=\"display: inline-block; width: 55px; height: 62px; overflow: hidden;\"><div class=\"fb-like\" data-href=\"http:\/\/www.blogdopilako.com.br\/wp\/2013\/04\/25\/apelidos-vitoriense-pirrita\/\" data-send=\"false\" data-layout=\"box_count\" data-width=\"55\" data-show-faces=\"false\"><\/div><\/span><\/span><span class=\"mr_social_sharing_top\"><fb:share-button type=\"box_count\" href=\"http:\/\/www.blogdopilako.com.br\/wp\/2013\/04\/25\/apelidos-vitoriense-pirrita\/\"><\/fb:share-button><\/span><span class=\"mr_social_sharing\"><a rel=\"nofollow\" class=\"linksalpha_button linksalpha_link\" href=\"\/\/www.linksalpha.com\/social\/mobile\" data-url=\"http:\/\/www.blogdopilako.com.br\/wp\/2013\/04\/25\/apelidos-vitoriense-pirrita\/\" data-text=\"Apelidos Vitorienses: PIRRITA.\" data-desc=\"Dando continuidade a nossa Coluna de APELIDOS VITORIENSES, onde procuramos revelar a origem dos vitorienses que s\u00e3o mais conhecidos na cidade pelo apelido de que pelo pr\u00f3prio nome, destacaremos no dia de hoje, a origem do apelido do nosso amigo Manuel Jos\u00e9 Santiago da Silva. Contou-nos o amigo\" data-image=\"http:\/\/www.blogdopilako.com.br\/wp\/wp-content\/uploads\/pirrita.jpg\" data-button=\"none\">\n\t\t\t\t\t<img src=\"\/\/www.linksalpha.com\/images\/social_share_button.png\" alt=\"Share\" class=\"linksalpha_image\" \/>\n\t\t\t\t\t<\/a><script type=\"text\/javascript\" src=\"\/\/www.linksalpha.com\/scripts\/loader_iconbox.js?v=2.4\"><\/script><\/span><\/div>","protected":false},"excerpt":{"rendered":"\n\t\t\t\t<div class=\"mr_social_sharing_wrapper\">\n\t\t\t\t<!-- Social Sharing Toolkit v2.2 --><span class=\"mr_social_sharing_top\"><span style=\"display: inline-block; width: 55px; height: 62px; overflow: hidden;\"><div class=\"fb-like\" data-href=\"http:\/\/www.blogdopilako.com.br\/wp\/2013\/04\/25\/apelidos-vitoriense-pirrita\/\" data-send=\"false\" data-layout=\"box_count\" data-width=\"55\" data-show-faces=\"false\"><\/div><\/span><\/span><span class=\"mr_social_sharing_top\"><fb:share-button type=\"box_count\" href=\"http:\/\/www.blogdopilako.com.br\/wp\/2013\/04\/25\/apelidos-vitoriense-pirrita\/\"><\/fb:share-button><\/span><span class=\"mr_social_sharing\"><a rel=\"nofollow\" class=\"linksalpha_button linksalpha_link\" href=\"\/\/www.linksalpha.com\/social\/mobile\" data-url=\"http:\/\/www.blogdopilako.com.br\/wp\/2013\/04\/25\/apelidos-vitoriense-pirrita\/\" data-text=\"Apelidos Vitorienses: PIRRITA.\" data-desc=\"Dando continuidade a nossa Coluna de APELIDOS VITORIENSES, onde procuramos revelar a origem dos vitorienses que s\u00e3o mais conhecidos na cidade pelo apelido de que pelo pr\u00f3prio nome, destacaremos no dia de hoje, a origem do apelido do nosso amigo Manuel Jos\u00e9 Santiago da Silva. Contou-nos o amigo\" data-image=\"\" data-button=\"none\">\n\t\t\t\t\t<img src=\"\/\/www.linksalpha.com\/images\/social_share_button.png\" alt=\"Share\" class=\"linksalpha_image\" \/>\n\t\t\t\t\t<\/a><script type=\"text\/javascript\" src=\"\/\/www.linksalpha.com\/scripts\/loader_iconbox.js?v=2.4\"><\/script><\/span><\/div><p>Dando continuidade a nossa Coluna de APELIDOS VITORIENSES, onde procuramos revelar a origem dos vitorienses que s\u00e3o mais conhecidos na cidade pelo apelido de que pelo pr\u00f3prio nome, destacaremos no dia de hoje, a origem do apelido do nosso amigo &hellip; <a href=\"http:\/\/www.blogdopilako.com.br\/wp\/2013\/04\/25\/apelidos-vitoriense-pirrita\/\">Continue lendo <span class=\"meta-nav\">&rarr;<\/span><\/a><\/p>\n\n\t\t\t\t<div class=\"mr_social_sharing_wrapper\">\n\t\t\t\t<!-- Social Sharing Toolkit v2.2 --><span class=\"mr_social_sharing_top\"><span style=\"display: inline-block; width: 55px; height: 62px; overflow: hidden;\"><div class=\"fb-like\" data-href=\"http:\/\/www.blogdopilako.com.br\/wp\/2013\/04\/25\/apelidos-vitoriense-pirrita\/\" data-send=\"false\" data-layout=\"box_count\" data-width=\"55\" data-show-faces=\"false\"><\/div><\/span><\/span><span class=\"mr_social_sharing_top\"><fb:share-button type=\"box_count\" href=\"http:\/\/www.blogdopilako.com.br\/wp\/2013\/04\/25\/apelidos-vitoriense-pirrita\/\"><\/fb:share-button><\/span><span class=\"mr_social_sharing\"><a rel=\"nofollow\" class=\"linksalpha_button linksalpha_link\" href=\"\/\/www.linksalpha.com\/social\/mobile\" data-url=\"http:\/\/www.blogdopilako.com.br\/wp\/2013\/04\/25\/apelidos-vitoriense-pirrita\/\" data-text=\"Apelidos Vitorienses: PIRRITA.\" data-desc=\"Dando continuidade a nossa Coluna de APELIDOS VITORIENSES, onde procuramos revelar a origem dos vitorienses que s\u00e3o mais conhecidos na cidade pelo apelido de que pelo pr\u00f3prio nome, destacaremos no dia de hoje, a origem do apelido do nosso amigo Manuel Jos\u00e9 Santiago da Silva. Contou-nos o amigo\" data-image=\"\" data-button=\"none\">\n\t\t\t\t\t<img src=\"\/\/www.linksalpha.com\/images\/social_share_button.png\" alt=\"Share\" class=\"linksalpha_image\" \/>\n\t\t\t\t\t<\/a><script type=\"text\/javascript\" src=\"\/\/www.linksalpha.com\/scripts\/loader_iconbox.js?v=2.4\"><\/script><\/span><\/div>","protected":false},"author":4,"featured_media":0,"comment_status":"open","ping_status":"open","sticky":false,"template":"","format":"standard","meta":[],"categories":[124],"tags":[],"_links":{"self":[{"href":"http:\/\/www.blogdopilako.com.br\/wp\/wp-json\/wp\/v2\/posts\/41351"}],"collection":[{"href":"http:\/\/www.blogdopilako.com.br\/wp\/wp-json\/wp\/v2\/posts"}],"about":[{"href":"http:\/\/www.blogdopilako.com.br\/wp\/wp-json\/wp\/v2\/types\/post"}],"author":[{"embeddable":true,"href":"http:\/\/www.blogdopilako.com.br\/wp\/wp-json\/wp\/v2\/users\/4"}],"replies":[{"embeddable":true,"href":"http:\/\/www.blogdopilako.com.br\/wp\/wp-json\/wp\/v2\/comments?post=41351"}],"version-history":[{"count":7,"href":"http:\/\/www.blogdopilako.com.br\/wp\/wp-json\/wp\/v2\/posts\/41351\/revisions"}],"predecessor-version":[{"id":76703,"href":"http:\/\/www.blogdopilako.com.br\/wp\/wp-json\/wp\/v2\/posts\/41351\/revisions\/76703"}],"wp:attachment":[{"href":"http:\/\/www.blogdopilako.com.br\/wp\/wp-json\/wp\/v2\/media?parent=41351"}],"wp:term":[{"taxonomy":"category","embeddable":true,"href":"http:\/\/www.blogdopilako.com.br\/wp\/wp-json\/wp\/v2\/categories?post=41351"},{"taxonomy":"post_tag","embeddable":true,"href":"http:\/\/www.blogdopilako.com.br\/wp\/wp-json\/wp\/v2\/tags?post=41351"}],"curies":[{"name":"wp","href":"https:\/\/api.w.org\/{rel}","templated":true}]}}