{"id":39203,"date":"2013-03-18T11:06:17","date_gmt":"2013-03-18T14:06:17","guid":{"rendered":"http:\/\/www.blogdopilako.com.br\/wp\/?p=39203"},"modified":"2013-03-18T11:28:42","modified_gmt":"2013-03-18T14:28:42","slug":"edicao-especial-do-jornal-o-vitoriense-depoimentos-10","status":"publish","type":"post","link":"http:\/\/www.blogdopilako.com.br\/wp\/2013\/03\/18\/edicao-especial-do-jornal-o-vitoriense-depoimentos-10\/","title":{"rendered":"Edi\u00e7\u00e3o Especial do Jornal O Vitoriense: depoimentos"},"content":{"rendered":"\n\t\t\t\t<div class=\"mr_social_sharing_wrapper\">\n\t\t\t\t<!-- Social Sharing Toolkit v2.2 --><span class=\"mr_social_sharing_top\"><span style=\"display: inline-block; width: 55px; height: 62px; overflow: hidden;\"><div class=\"fb-like\" data-href=\"http:\/\/www.blogdopilako.com.br\/wp\/2013\/03\/18\/edicao-especial-do-jornal-o-vitoriense-depoimentos-10\/\" data-send=\"false\" data-layout=\"box_count\" data-width=\"55\" data-show-faces=\"false\"><\/div><\/span><\/span><span class=\"mr_social_sharing_top\"><fb:share-button type=\"box_count\" href=\"http:\/\/www.blogdopilako.com.br\/wp\/2013\/03\/18\/edicao-especial-do-jornal-o-vitoriense-depoimentos-10\/\"><\/fb:share-button><\/span><span class=\"mr_social_sharing\"><a rel=\"nofollow\" class=\"linksalpha_button linksalpha_link\" href=\"\/\/www.linksalpha.com\/social\/mobile\" data-url=\"http:\/\/www.blogdopilako.com.br\/wp\/2013\/03\/18\/edicao-especial-do-jornal-o-vitoriense-depoimentos-10\/\" data-text=\"Edi\u00e7\u00e3o Especial do Jornal O Vitoriense: depoimentos\" data-desc=\"Estamos postando, mais uma homenagem publicada na edi\u00e7\u00e3o especial do\u00a0Jornal \"O Vitoriense\"\u00a0editada pelo Instituto Hist\u00f3rico da Vit\u00f3ria em comemora\u00e7\u00e3o aos escritores vitorienses\u00a0Pedro Ferrer\u00a0e\u00a0Luciene Freitas, agraciados pela\u00a0APL\u00a0(Academia Pernambucana de Letras), onde v\u00e1rias pessoas\" data-image=\"http:\/\/www.blogdopilako.com.br\/wp\/wp-content\/uploads\/severina-moura5.jpg\" data-button=\"none\">\n\t\t\t\t\t<img src=\"\/\/www.linksalpha.com\/images\/social_share_button.png\" alt=\"Share\" class=\"linksalpha_image\" \/>\n\t\t\t\t\t<\/a><script type=\"text\/javascript\" src=\"\/\/www.linksalpha.com\/scripts\/loader_iconbox.js?v=2.4\"><\/script><\/span><\/div><p>Estamos postando, mais uma homenagem publicada na edi\u00e7\u00e3o especial do\u00a0<strong>Jornal &#8220;O Vitoriense&#8221;<\/strong>\u00a0editada pelo Instituto Hist\u00f3rico da Vit\u00f3ria em comemora\u00e7\u00e3o aos escritores vitorienses\u00a0<strong>Pedro Ferrer<\/strong>\u00a0e\u00a0<strong>Luciene Freitas<\/strong>, agraciados pela\u00a0<strong>APL<\/strong>\u00a0(Academia Pernambucana de Letras), onde v\u00e1rias pessoas escreveram suas impress\u00f5es sobre o auspicioso acontecimento. Leia:<\/p>\n<p><a href=\"http:\/\/www.blogdopilako.com.br\/wp\/wp-content\/uploads\/severina-moura5.jpg\"><img loading=\"lazy\" class=\"aligncenter size-full wp-image-39206\" alt=\"severina-moura\" src=\"http:\/\/www.blogdopilako.com.br\/wp\/wp-content\/uploads\/severina-moura5.jpg\" width=\"472\" height=\"1012\" \/><\/a><\/p>\n\n\t\t\t\t<div class=\"mr_social_sharing_wrapper\">\n\t\t\t\t<!-- Social Sharing Toolkit v2.2 --><span class=\"mr_social_sharing_top\"><span style=\"display: inline-block; width: 55px; height: 62px; overflow: hidden;\"><div class=\"fb-like\" data-href=\"http:\/\/www.blogdopilako.com.br\/wp\/2013\/03\/18\/edicao-especial-do-jornal-o-vitoriense-depoimentos-10\/\" data-send=\"false\" data-layout=\"box_count\" data-width=\"55\" data-show-faces=\"false\"><\/div><\/span><\/span><span class=\"mr_social_sharing_top\"><fb:share-button type=\"box_count\" href=\"http:\/\/www.blogdopilako.com.br\/wp\/2013\/03\/18\/edicao-especial-do-jornal-o-vitoriense-depoimentos-10\/\"><\/fb:share-button><\/span><span class=\"mr_social_sharing\"><a rel=\"nofollow\" class=\"linksalpha_button linksalpha_link\" href=\"\/\/www.linksalpha.com\/social\/mobile\" data-url=\"http:\/\/www.blogdopilako.com.br\/wp\/2013\/03\/18\/edicao-especial-do-jornal-o-vitoriense-depoimentos-10\/\" data-text=\"Edi\u00e7\u00e3o Especial do Jornal O Vitoriense: depoimentos\" data-desc=\"Estamos postando, mais uma homenagem publicada na edi\u00e7\u00e3o especial do\u00a0Jornal \"O Vitoriense\"\u00a0editada pelo Instituto Hist\u00f3rico da Vit\u00f3ria em comemora\u00e7\u00e3o aos escritores vitorienses\u00a0Pedro Ferrer\u00a0e\u00a0Luciene Freitas, agraciados pela\u00a0APL\u00a0(Academia Pernambucana de Letras), onde v\u00e1rias pessoas\" data-image=\"http:\/\/www.blogdopilako.com.br\/wp\/wp-content\/uploads\/severina-moura5.jpg\" data-button=\"none\">\n\t\t\t\t\t<img src=\"\/\/www.linksalpha.com\/images\/social_share_button.png\" alt=\"Share\" class=\"linksalpha_image\" \/>\n\t\t\t\t\t<\/a><script type=\"text\/javascript\" src=\"\/\/www.linksalpha.com\/scripts\/loader_iconbox.js?v=2.4\"><\/script><\/span><\/div>","protected":false},"excerpt":{"rendered":"\n\t\t\t\t<div class=\"mr_social_sharing_wrapper\">\n\t\t\t\t<!-- Social Sharing Toolkit v2.2 --><span class=\"mr_social_sharing_top\"><span style=\"display: inline-block; width: 55px; height: 62px; overflow: hidden;\"><div class=\"fb-like\" data-href=\"http:\/\/www.blogdopilako.com.br\/wp\/2013\/03\/18\/edicao-especial-do-jornal-o-vitoriense-depoimentos-10\/\" data-send=\"false\" data-layout=\"box_count\" data-width=\"55\" data-show-faces=\"false\"><\/div><\/span><\/span><span class=\"mr_social_sharing_top\"><fb:share-button type=\"box_count\" href=\"http:\/\/www.blogdopilako.com.br\/wp\/2013\/03\/18\/edicao-especial-do-jornal-o-vitoriense-depoimentos-10\/\"><\/fb:share-button><\/span><span class=\"mr_social_sharing\"><a rel=\"nofollow\" class=\"linksalpha_button linksalpha_link\" href=\"\/\/www.linksalpha.com\/social\/mobile\" data-url=\"http:\/\/www.blogdopilako.com.br\/wp\/2013\/03\/18\/edicao-especial-do-jornal-o-vitoriense-depoimentos-10\/\" data-text=\"Edi\u00e7\u00e3o Especial do Jornal O Vitoriense: depoimentos\" data-desc=\"Estamos postando, mais uma homenagem publicada na edi\u00e7\u00e3o especial do\u00a0Jornal \"O Vitoriense\"\u00a0editada pelo Instituto Hist\u00f3rico da Vit\u00f3ria em comemora\u00e7\u00e3o aos escritores vitorienses\u00a0Pedro Ferrer\u00a0e\u00a0Luciene Freitas, agraciados pela\u00a0APL\u00a0(Academia Pernambucana de Letras), onde v\u00e1rias pessoas\" data-image=\"\" data-button=\"none\">\n\t\t\t\t\t<img src=\"\/\/www.linksalpha.com\/images\/social_share_button.png\" alt=\"Share\" class=\"linksalpha_image\" \/>\n\t\t\t\t\t<\/a><script type=\"text\/javascript\" src=\"\/\/www.linksalpha.com\/scripts\/loader_iconbox.js?v=2.4\"><\/script><\/span><\/div><p>Estamos postando, mais uma homenagem publicada na edi\u00e7\u00e3o especial do\u00a0Jornal &#8220;O Vitoriense&#8221;\u00a0editada pelo Instituto Hist\u00f3rico da Vit\u00f3ria em comemora\u00e7\u00e3o aos escritores vitorienses\u00a0Pedro Ferrer\u00a0e\u00a0Luciene Freitas, agraciados pela\u00a0APL\u00a0(Academia Pernambucana de Letras), onde v\u00e1rias pessoas escreveram suas impress\u00f5es sobre o auspicioso acontecimento. Leia:<\/p>\n\n\t\t\t\t<div class=\"mr_social_sharing_wrapper\">\n\t\t\t\t<!-- Social Sharing Toolkit v2.2 --><span class=\"mr_social_sharing_top\"><span style=\"display: inline-block; width: 55px; height: 62px; overflow: hidden;\"><div class=\"fb-like\" data-href=\"http:\/\/www.blogdopilako.com.br\/wp\/2013\/03\/18\/edicao-especial-do-jornal-o-vitoriense-depoimentos-10\/\" data-send=\"false\" data-layout=\"box_count\" data-width=\"55\" data-show-faces=\"false\"><\/div><\/span><\/span><span class=\"mr_social_sharing_top\"><fb:share-button type=\"box_count\" href=\"http:\/\/www.blogdopilako.com.br\/wp\/2013\/03\/18\/edicao-especial-do-jornal-o-vitoriense-depoimentos-10\/\"><\/fb:share-button><\/span><span class=\"mr_social_sharing\"><a rel=\"nofollow\" class=\"linksalpha_button linksalpha_link\" href=\"\/\/www.linksalpha.com\/social\/mobile\" data-url=\"http:\/\/www.blogdopilako.com.br\/wp\/2013\/03\/18\/edicao-especial-do-jornal-o-vitoriense-depoimentos-10\/\" data-text=\"Edi\u00e7\u00e3o Especial do Jornal O Vitoriense: depoimentos\" data-desc=\"Estamos postando, mais uma homenagem publicada na edi\u00e7\u00e3o especial do\u00a0Jornal \"O Vitoriense\"\u00a0editada pelo Instituto Hist\u00f3rico da Vit\u00f3ria em comemora\u00e7\u00e3o aos escritores vitorienses\u00a0Pedro Ferrer\u00a0e\u00a0Luciene Freitas, agraciados pela\u00a0APL\u00a0(Academia Pernambucana de Letras), onde v\u00e1rias pessoas\" data-image=\"\" data-button=\"none\">\n\t\t\t\t\t<img src=\"\/\/www.linksalpha.com\/images\/social_share_button.png\" alt=\"Share\" class=\"linksalpha_image\" \/>\n\t\t\t\t\t<\/a><script type=\"text\/javascript\" src=\"\/\/www.linksalpha.com\/scripts\/loader_iconbox.js?v=2.4\"><\/script><\/span><\/div>","protected":false},"author":4,"featured_media":0,"comment_status":"open","ping_status":"open","sticky":false,"template":"","format":"standard","meta":[],"categories":[22],"tags":[],"_links":{"self":[{"href":"http:\/\/www.blogdopilako.com.br\/wp\/wp-json\/wp\/v2\/posts\/39203"}],"collection":[{"href":"http:\/\/www.blogdopilako.com.br\/wp\/wp-json\/wp\/v2\/posts"}],"about":[{"href":"http:\/\/www.blogdopilako.com.br\/wp\/wp-json\/wp\/v2\/types\/post"}],"author":[{"embeddable":true,"href":"http:\/\/www.blogdopilako.com.br\/wp\/wp-json\/wp\/v2\/users\/4"}],"replies":[{"embeddable":true,"href":"http:\/\/www.blogdopilako.com.br\/wp\/wp-json\/wp\/v2\/comments?post=39203"}],"version-history":[{"count":3,"href":"http:\/\/www.blogdopilako.com.br\/wp\/wp-json\/wp\/v2\/posts\/39203\/revisions"}],"predecessor-version":[{"id":39208,"href":"http:\/\/www.blogdopilako.com.br\/wp\/wp-json\/wp\/v2\/posts\/39203\/revisions\/39208"}],"wp:attachment":[{"href":"http:\/\/www.blogdopilako.com.br\/wp\/wp-json\/wp\/v2\/media?parent=39203"}],"wp:term":[{"taxonomy":"category","embeddable":true,"href":"http:\/\/www.blogdopilako.com.br\/wp\/wp-json\/wp\/v2\/categories?post=39203"},{"taxonomy":"post_tag","embeddable":true,"href":"http:\/\/www.blogdopilako.com.br\/wp\/wp-json\/wp\/v2\/tags?post=39203"}],"curies":[{"name":"wp","href":"https:\/\/api.w.org\/{rel}","templated":true}]}}