{"id":38649,"date":"2013-03-07T15:00:05","date_gmt":"2013-03-07T18:00:05","guid":{"rendered":"http:\/\/www.blogdopilako.com.br\/wp\/?p=38649"},"modified":"2013-03-07T15:19:35","modified_gmt":"2013-03-07T18:19:35","slug":"internauta-faz-comentario-sobre-a-compesa","status":"publish","type":"post","link":"http:\/\/www.blogdopilako.com.br\/wp\/2013\/03\/07\/internauta-faz-comentario-sobre-a-compesa\/","title":{"rendered":"Internauta faz coment\u00e1rio sobre a COMPESA"},"content":{"rendered":"\n\t\t\t\t<div class=\"mr_social_sharing_wrapper\">\n\t\t\t\t<!-- Social Sharing Toolkit v2.2 --><span class=\"mr_social_sharing_top\"><span style=\"display: inline-block; width: 55px; height: 62px; overflow: hidden;\"><div class=\"fb-like\" data-href=\"http:\/\/www.blogdopilako.com.br\/wp\/2013\/03\/07\/internauta-faz-comentario-sobre-a-compesa\/\" data-send=\"false\" data-layout=\"box_count\" data-width=\"55\" data-show-faces=\"false\"><\/div><\/span><\/span><span class=\"mr_social_sharing_top\"><fb:share-button type=\"box_count\" href=\"http:\/\/www.blogdopilako.com.br\/wp\/2013\/03\/07\/internauta-faz-comentario-sobre-a-compesa\/\"><\/fb:share-button><\/span><span class=\"mr_social_sharing\"><a rel=\"nofollow\" class=\"linksalpha_button linksalpha_link\" href=\"\/\/www.linksalpha.com\/social\/mobile\" data-url=\"http:\/\/www.blogdopilako.com.br\/wp\/2013\/03\/07\/internauta-faz-comentario-sobre-a-compesa\/\" data-text=\"Internauta faz coment\u00e1rio sobre a COMPESA\" data-desc=\"Assisti a mat\u00e9ria com extrema indigna\u00e7\u00e3o. A incompetente COMPESA culpa o aclamado \u201cdesenvolvimento\u201d da Vit\u00f3ria de Santo Ant\u00e3o em substitui\u00e7\u00e3o a incapacidade da Companhia em solucionar o hist\u00f3rico problema da falta d\u2019\u00e1gua no munic\u00edpio. Cresci e me tornei gente no bairro do Jardim\" data-image=\"\" data-button=\"none\">\n\t\t\t\t\t<img src=\"\/\/www.linksalpha.com\/images\/social_share_button.png\" alt=\"Share\" class=\"linksalpha_image\" \/>\n\t\t\t\t\t<\/a><script type=\"text\/javascript\" src=\"\/\/www.linksalpha.com\/scripts\/loader_iconbox.js?v=2.4\"><\/script><\/span><\/div><p style=\"text-align: justify;\">Assisti a mat\u00e9ria com extrema indigna\u00e7\u00e3o. A incompetente COMPESA culpa o aclamado \u201cdesenvolvimento\u201d da Vit\u00f3ria de Santo Ant\u00e3o em substitui\u00e7\u00e3o a incapacidade da Companhia em solucionar o hist\u00f3rico problema da falta d\u2019\u00e1gua no munic\u00edpio.<\/p>\n<p style=\"text-align: justify;\">Cresci e me tornei gente no bairro do Jardim Ipiranga, um dos mais populosos da cidade e, desde crian\u00e7a carregava \u00e1gua junto a meus pais. E a \u00e9poca, Vit\u00f3ria n\u00e3o tinha Sadia, Kraft Foods\u2026<\/p>\n<p style=\"text-align: justify;\">Infelizmente, nossa prov\u00edncia e desprovida de verdadeiros representantes p\u00fablicos que briguem por nossa popula\u00e7\u00e3o e garanta seus direitos. Uma l\u00e1stima!<\/p>\n<p style=\"text-align: justify;\"><strong>Melicio Oliveira<\/strong><\/p>\n\n\t\t\t\t<div class=\"mr_social_sharing_wrapper\">\n\t\t\t\t<!-- Social Sharing Toolkit v2.2 --><span class=\"mr_social_sharing_top\"><span style=\"display: inline-block; width: 55px; height: 62px; overflow: hidden;\"><div class=\"fb-like\" data-href=\"http:\/\/www.blogdopilako.com.br\/wp\/2013\/03\/07\/internauta-faz-comentario-sobre-a-compesa\/\" data-send=\"false\" data-layout=\"box_count\" data-width=\"55\" data-show-faces=\"false\"><\/div><\/span><\/span><span class=\"mr_social_sharing_top\"><fb:share-button type=\"box_count\" href=\"http:\/\/www.blogdopilako.com.br\/wp\/2013\/03\/07\/internauta-faz-comentario-sobre-a-compesa\/\"><\/fb:share-button><\/span><span class=\"mr_social_sharing\"><a rel=\"nofollow\" class=\"linksalpha_button linksalpha_link\" href=\"\/\/www.linksalpha.com\/social\/mobile\" data-url=\"http:\/\/www.blogdopilako.com.br\/wp\/2013\/03\/07\/internauta-faz-comentario-sobre-a-compesa\/\" data-text=\"Internauta faz coment\u00e1rio sobre a COMPESA\" data-desc=\"Assisti a mat\u00e9ria com extrema indigna\u00e7\u00e3o. A incompetente COMPESA culpa o aclamado \u201cdesenvolvimento\u201d da Vit\u00f3ria de Santo Ant\u00e3o em substitui\u00e7\u00e3o a incapacidade da Companhia em solucionar o hist\u00f3rico problema da falta d\u2019\u00e1gua no munic\u00edpio. Cresci e me tornei gente no bairro do Jardim\" data-image=\"\" data-button=\"none\">\n\t\t\t\t\t<img src=\"\/\/www.linksalpha.com\/images\/social_share_button.png\" alt=\"Share\" class=\"linksalpha_image\" \/>\n\t\t\t\t\t<\/a><script type=\"text\/javascript\" src=\"\/\/www.linksalpha.com\/scripts\/loader_iconbox.js?v=2.4\"><\/script><\/span><\/div>","protected":false},"excerpt":{"rendered":"\n\t\t\t\t<div class=\"mr_social_sharing_wrapper\">\n\t\t\t\t<!-- Social Sharing Toolkit v2.2 --><span class=\"mr_social_sharing_top\"><span style=\"display: inline-block; width: 55px; height: 62px; overflow: hidden;\"><div class=\"fb-like\" data-href=\"http:\/\/www.blogdopilako.com.br\/wp\/2013\/03\/07\/internauta-faz-comentario-sobre-a-compesa\/\" data-send=\"false\" data-layout=\"box_count\" data-width=\"55\" data-show-faces=\"false\"><\/div><\/span><\/span><span class=\"mr_social_sharing_top\"><fb:share-button type=\"box_count\" href=\"http:\/\/www.blogdopilako.com.br\/wp\/2013\/03\/07\/internauta-faz-comentario-sobre-a-compesa\/\"><\/fb:share-button><\/span><span class=\"mr_social_sharing\"><a rel=\"nofollow\" class=\"linksalpha_button linksalpha_link\" href=\"\/\/www.linksalpha.com\/social\/mobile\" data-url=\"http:\/\/www.blogdopilako.com.br\/wp\/2013\/03\/07\/internauta-faz-comentario-sobre-a-compesa\/\" data-text=\"Internauta faz coment\u00e1rio sobre a COMPESA\" data-desc=\"Assisti a mat\u00e9ria com extrema indigna\u00e7\u00e3o. A incompetente COMPESA culpa o aclamado \u201cdesenvolvimento\u201d da Vit\u00f3ria de Santo Ant\u00e3o em substitui\u00e7\u00e3o a incapacidade da Companhia em solucionar o hist\u00f3rico problema da falta d\u2019\u00e1gua no munic\u00edpio. Cresci e me tornei gente no bairro do Jardim\" data-image=\"\" data-button=\"none\">\n\t\t\t\t\t<img src=\"\/\/www.linksalpha.com\/images\/social_share_button.png\" alt=\"Share\" class=\"linksalpha_image\" \/>\n\t\t\t\t\t<\/a><script type=\"text\/javascript\" src=\"\/\/www.linksalpha.com\/scripts\/loader_iconbox.js?v=2.4\"><\/script><\/span><\/div><p>Assisti a mat\u00e9ria com extrema indigna\u00e7\u00e3o. A incompetente COMPESA culpa o aclamado \u201cdesenvolvimento\u201d da Vit\u00f3ria de Santo Ant\u00e3o em substitui\u00e7\u00e3o a incapacidade da Companhia em solucionar o hist\u00f3rico problema da falta d\u2019\u00e1gua no munic\u00edpio. Cresci e me tornei gente no &hellip; <a href=\"http:\/\/www.blogdopilako.com.br\/wp\/2013\/03\/07\/internauta-faz-comentario-sobre-a-compesa\/\">Continue lendo <span class=\"meta-nav\">&rarr;<\/span><\/a><\/p>\n\n\t\t\t\t<div class=\"mr_social_sharing_wrapper\">\n\t\t\t\t<!-- Social Sharing Toolkit v2.2 --><span class=\"mr_social_sharing_top\"><span style=\"display: inline-block; width: 55px; height: 62px; overflow: hidden;\"><div class=\"fb-like\" data-href=\"http:\/\/www.blogdopilako.com.br\/wp\/2013\/03\/07\/internauta-faz-comentario-sobre-a-compesa\/\" data-send=\"false\" data-layout=\"box_count\" data-width=\"55\" data-show-faces=\"false\"><\/div><\/span><\/span><span class=\"mr_social_sharing_top\"><fb:share-button type=\"box_count\" href=\"http:\/\/www.blogdopilako.com.br\/wp\/2013\/03\/07\/internauta-faz-comentario-sobre-a-compesa\/\"><\/fb:share-button><\/span><span class=\"mr_social_sharing\"><a rel=\"nofollow\" class=\"linksalpha_button linksalpha_link\" href=\"\/\/www.linksalpha.com\/social\/mobile\" data-url=\"http:\/\/www.blogdopilako.com.br\/wp\/2013\/03\/07\/internauta-faz-comentario-sobre-a-compesa\/\" data-text=\"Internauta faz coment\u00e1rio sobre a COMPESA\" data-desc=\"Assisti a mat\u00e9ria com extrema indigna\u00e7\u00e3o. A incompetente COMPESA culpa o aclamado \u201cdesenvolvimento\u201d da Vit\u00f3ria de Santo Ant\u00e3o em substitui\u00e7\u00e3o a incapacidade da Companhia em solucionar o hist\u00f3rico problema da falta d\u2019\u00e1gua no munic\u00edpio. Cresci e me tornei gente no bairro do Jardim\" data-image=\"\" data-button=\"none\">\n\t\t\t\t\t<img src=\"\/\/www.linksalpha.com\/images\/social_share_button.png\" alt=\"Share\" class=\"linksalpha_image\" \/>\n\t\t\t\t\t<\/a><script type=\"text\/javascript\" src=\"\/\/www.linksalpha.com\/scripts\/loader_iconbox.js?v=2.4\"><\/script><\/span><\/div>","protected":false},"author":4,"featured_media":0,"comment_status":"open","ping_status":"open","sticky":false,"template":"","format":"standard","meta":[],"categories":[21,22],"tags":[],"_links":{"self":[{"href":"http:\/\/www.blogdopilako.com.br\/wp\/wp-json\/wp\/v2\/posts\/38649"}],"collection":[{"href":"http:\/\/www.blogdopilako.com.br\/wp\/wp-json\/wp\/v2\/posts"}],"about":[{"href":"http:\/\/www.blogdopilako.com.br\/wp\/wp-json\/wp\/v2\/types\/post"}],"author":[{"embeddable":true,"href":"http:\/\/www.blogdopilako.com.br\/wp\/wp-json\/wp\/v2\/users\/4"}],"replies":[{"embeddable":true,"href":"http:\/\/www.blogdopilako.com.br\/wp\/wp-json\/wp\/v2\/comments?post=38649"}],"version-history":[{"count":2,"href":"http:\/\/www.blogdopilako.com.br\/wp\/wp-json\/wp\/v2\/posts\/38649\/revisions"}],"predecessor-version":[{"id":38658,"href":"http:\/\/www.blogdopilako.com.br\/wp\/wp-json\/wp\/v2\/posts\/38649\/revisions\/38658"}],"wp:attachment":[{"href":"http:\/\/www.blogdopilako.com.br\/wp\/wp-json\/wp\/v2\/media?parent=38649"}],"wp:term":[{"taxonomy":"category","embeddable":true,"href":"http:\/\/www.blogdopilako.com.br\/wp\/wp-json\/wp\/v2\/categories?post=38649"},{"taxonomy":"post_tag","embeddable":true,"href":"http:\/\/www.blogdopilako.com.br\/wp\/wp-json\/wp\/v2\/tags?post=38649"}],"curies":[{"name":"wp","href":"https:\/\/api.w.org\/{rel}","templated":true}]}}