{"id":38616,"date":"2013-03-07T10:05:21","date_gmt":"2013-03-07T13:05:21","guid":{"rendered":"http:\/\/www.blogdopilako.com.br\/wp\/?p=38616"},"modified":"2013-03-14T10:37:41","modified_gmt":"2013-03-14T13:37:41","slug":"recordar-e-viver","status":"publish","type":"post","link":"http:\/\/www.blogdopilako.com.br\/wp\/2013\/03\/07\/recordar-e-viver\/","title":{"rendered":"Recordar \u00e9 Viver"},"content":{"rendered":"\n\t\t\t\t<div class=\"mr_social_sharing_wrapper\">\n\t\t\t\t<!-- Social Sharing Toolkit v2.2 --><span class=\"mr_social_sharing_top\"><span style=\"display: inline-block; width: 55px; height: 62px; overflow: hidden;\"><div class=\"fb-like\" data-href=\"http:\/\/www.blogdopilako.com.br\/wp\/2013\/03\/07\/recordar-e-viver\/\" data-send=\"false\" data-layout=\"box_count\" data-width=\"55\" data-show-faces=\"false\"><\/div><\/span><\/span><span class=\"mr_social_sharing_top\"><fb:share-button type=\"box_count\" href=\"http:\/\/www.blogdopilako.com.br\/wp\/2013\/03\/07\/recordar-e-viver\/\"><\/fb:share-button><\/span><span class=\"mr_social_sharing\"><a rel=\"nofollow\" class=\"linksalpha_button linksalpha_link\" href=\"\/\/www.linksalpha.com\/social\/mobile\" data-url=\"http:\/\/www.blogdopilako.com.br\/wp\/2013\/03\/07\/recordar-e-viver\/\" data-text=\"Recordar \u00e9 Viver\" data-desc=\"A nossa vida \u00e9 feita de tempo. No mais, daquilo que fazemos com o tempo de que dispomos. Relembrar o passado \u00e9 alargar o tempo de vida. Ao contr\u00e1rio do que prega o Capitalismo, tempo n\u00e3o \u00e9 dinheiro, tempo \u00e9 o tecido de nossas vidas. E a\u00ed, eu me lembro das meninas que me causaram \"frisson\"\" data-image=\"http:\/\/1.bp.blogspot.com\/-b5harTKg_lU\/UTiBQg3t59I\/AAAAAAAAMwM\/EbTGyCD_jo8\/s320\/Igreja+da+Matriz.JPG\" data-button=\"none\">\n\t\t\t\t\t<img src=\"\/\/www.linksalpha.com\/images\/social_share_button.png\" alt=\"Share\" class=\"linksalpha_image\" \/>\n\t\t\t\t\t<\/a><script type=\"text\/javascript\" src=\"\/\/www.linksalpha.com\/scripts\/loader_iconbox.js?v=2.4\"><\/script><\/span><\/div><div><img class=\"aligncenter\" alt=\"\" src=\"http:\/\/1.bp.blogspot.com\/-b5harTKg_lU\/UTiBQg3t59I\/AAAAAAAAMwM\/EbTGyCD_jo8\/s320\/Igreja+da+Matriz.JPG\" \/><\/div>\n<p style=\"text-align: justify;\">A nossa vida \u00e9 feita de tempo. No mais, daquilo que fazemos com o tempo de que dispomos. Relembrar o passado \u00e9 alargar o tempo de vida. Ao contr\u00e1rio do que prega o Capitalismo, tempo n\u00e3o \u00e9 dinheiro, tempo \u00e9 o tecido de nossas vidas.<\/p>\n<p style=\"text-align: justify;\">E a\u00ed, eu me lembro das meninas que me causaram &#8220;frisson&#8221; h\u00e1 40 anos. Onde estar\u00e3o\u00a0Lucinha Freire\u00a0e\u00a0Ladjane Duarte? Por onde andar\u00e1\u00a0Dinha Ferraz? Em que c\u00e9u, em que mundo se escondem, as meninas da Escola Paroquial, sobretudo a sobrinha de padre\u00a0Renato da Cunha Cavalcanti, que a desejei, um dia, quando sexo era pecado e t\u00ednhamos medo de Deus.<\/p>\n<p style=\"text-align: justify;\"><strong>Sos\u00edgenes Bittencourt<\/strong><\/p>\n\n\t\t\t\t<div class=\"mr_social_sharing_wrapper\">\n\t\t\t\t<!-- Social Sharing Toolkit v2.2 --><span class=\"mr_social_sharing_top\"><span style=\"display: inline-block; width: 55px; height: 62px; overflow: hidden;\"><div class=\"fb-like\" data-href=\"http:\/\/www.blogdopilako.com.br\/wp\/2013\/03\/07\/recordar-e-viver\/\" data-send=\"false\" data-layout=\"box_count\" data-width=\"55\" data-show-faces=\"false\"><\/div><\/span><\/span><span class=\"mr_social_sharing_top\"><fb:share-button type=\"box_count\" href=\"http:\/\/www.blogdopilako.com.br\/wp\/2013\/03\/07\/recordar-e-viver\/\"><\/fb:share-button><\/span><span class=\"mr_social_sharing\"><a rel=\"nofollow\" class=\"linksalpha_button linksalpha_link\" href=\"\/\/www.linksalpha.com\/social\/mobile\" data-url=\"http:\/\/www.blogdopilako.com.br\/wp\/2013\/03\/07\/recordar-e-viver\/\" data-text=\"Recordar \u00e9 Viver\" data-desc=\"A nossa vida \u00e9 feita de tempo. No mais, daquilo que fazemos com o tempo de que dispomos. Relembrar o passado \u00e9 alargar o tempo de vida. Ao contr\u00e1rio do que prega o Capitalismo, tempo n\u00e3o \u00e9 dinheiro, tempo \u00e9 o tecido de nossas vidas. E a\u00ed, eu me lembro das meninas que me causaram \"frisson\"\" data-image=\"http:\/\/1.bp.blogspot.com\/-b5harTKg_lU\/UTiBQg3t59I\/AAAAAAAAMwM\/EbTGyCD_jo8\/s320\/Igreja+da+Matriz.JPG\" data-button=\"none\">\n\t\t\t\t\t<img src=\"\/\/www.linksalpha.com\/images\/social_share_button.png\" alt=\"Share\" class=\"linksalpha_image\" \/>\n\t\t\t\t\t<\/a><script type=\"text\/javascript\" src=\"\/\/www.linksalpha.com\/scripts\/loader_iconbox.js?v=2.4\"><\/script><\/span><\/div>","protected":false},"excerpt":{"rendered":"\n\t\t\t\t<div class=\"mr_social_sharing_wrapper\">\n\t\t\t\t<!-- Social Sharing Toolkit v2.2 --><span class=\"mr_social_sharing_top\"><span style=\"display: inline-block; width: 55px; height: 62px; overflow: hidden;\"><div class=\"fb-like\" data-href=\"http:\/\/www.blogdopilako.com.br\/wp\/2013\/03\/07\/recordar-e-viver\/\" data-send=\"false\" data-layout=\"box_count\" data-width=\"55\" data-show-faces=\"false\"><\/div><\/span><\/span><span class=\"mr_social_sharing_top\"><fb:share-button type=\"box_count\" href=\"http:\/\/www.blogdopilako.com.br\/wp\/2013\/03\/07\/recordar-e-viver\/\"><\/fb:share-button><\/span><span class=\"mr_social_sharing\"><a rel=\"nofollow\" class=\"linksalpha_button linksalpha_link\" href=\"\/\/www.linksalpha.com\/social\/mobile\" data-url=\"http:\/\/www.blogdopilako.com.br\/wp\/2013\/03\/07\/recordar-e-viver\/\" data-text=\"Recordar \u00e9 Viver\" data-desc=\"A nossa vida \u00e9 feita de tempo. No mais, daquilo que fazemos com o tempo de que dispomos. Relembrar o passado \u00e9 alargar o tempo de vida. Ao contr\u00e1rio do que prega o Capitalismo, tempo n\u00e3o \u00e9 dinheiro, tempo \u00e9 o tecido de nossas vidas. E a\u00ed, eu me lembro das meninas que me causaram \"frisson\"\" data-image=\"\" data-button=\"none\">\n\t\t\t\t\t<img src=\"\/\/www.linksalpha.com\/images\/social_share_button.png\" alt=\"Share\" class=\"linksalpha_image\" \/>\n\t\t\t\t\t<\/a><script type=\"text\/javascript\" src=\"\/\/www.linksalpha.com\/scripts\/loader_iconbox.js?v=2.4\"><\/script><\/span><\/div><p>A nossa vida \u00e9 feita de tempo. No mais, daquilo que fazemos com o tempo de que dispomos. Relembrar o passado \u00e9 alargar o tempo de vida. Ao contr\u00e1rio do que prega o Capitalismo, tempo n\u00e3o \u00e9 dinheiro, tempo \u00e9 &hellip; <a href=\"http:\/\/www.blogdopilako.com.br\/wp\/2013\/03\/07\/recordar-e-viver\/\">Continue lendo <span class=\"meta-nav\">&rarr;<\/span><\/a><\/p>\n\n\t\t\t\t<div class=\"mr_social_sharing_wrapper\">\n\t\t\t\t<!-- Social Sharing Toolkit v2.2 --><span class=\"mr_social_sharing_top\"><span style=\"display: inline-block; width: 55px; height: 62px; overflow: hidden;\"><div class=\"fb-like\" data-href=\"http:\/\/www.blogdopilako.com.br\/wp\/2013\/03\/07\/recordar-e-viver\/\" data-send=\"false\" data-layout=\"box_count\" data-width=\"55\" data-show-faces=\"false\"><\/div><\/span><\/span><span class=\"mr_social_sharing_top\"><fb:share-button type=\"box_count\" href=\"http:\/\/www.blogdopilako.com.br\/wp\/2013\/03\/07\/recordar-e-viver\/\"><\/fb:share-button><\/span><span class=\"mr_social_sharing\"><a rel=\"nofollow\" class=\"linksalpha_button linksalpha_link\" href=\"\/\/www.linksalpha.com\/social\/mobile\" data-url=\"http:\/\/www.blogdopilako.com.br\/wp\/2013\/03\/07\/recordar-e-viver\/\" data-text=\"Recordar \u00e9 Viver\" data-desc=\"A nossa vida \u00e9 feita de tempo. No mais, daquilo que fazemos com o tempo de que dispomos. Relembrar o passado \u00e9 alargar o tempo de vida. Ao contr\u00e1rio do que prega o Capitalismo, tempo n\u00e3o \u00e9 dinheiro, tempo \u00e9 o tecido de nossas vidas. E a\u00ed, eu me lembro das meninas que me causaram \"frisson\"\" data-image=\"\" data-button=\"none\">\n\t\t\t\t\t<img src=\"\/\/www.linksalpha.com\/images\/social_share_button.png\" alt=\"Share\" class=\"linksalpha_image\" \/>\n\t\t\t\t\t<\/a><script type=\"text\/javascript\" src=\"\/\/www.linksalpha.com\/scripts\/loader_iconbox.js?v=2.4\"><\/script><\/span><\/div>","protected":false},"author":4,"featured_media":0,"comment_status":"open","ping_status":"open","sticky":false,"template":"","format":"standard","meta":[],"categories":[20],"tags":[],"_links":{"self":[{"href":"http:\/\/www.blogdopilako.com.br\/wp\/wp-json\/wp\/v2\/posts\/38616"}],"collection":[{"href":"http:\/\/www.blogdopilako.com.br\/wp\/wp-json\/wp\/v2\/posts"}],"about":[{"href":"http:\/\/www.blogdopilako.com.br\/wp\/wp-json\/wp\/v2\/types\/post"}],"author":[{"embeddable":true,"href":"http:\/\/www.blogdopilako.com.br\/wp\/wp-json\/wp\/v2\/users\/4"}],"replies":[{"embeddable":true,"href":"http:\/\/www.blogdopilako.com.br\/wp\/wp-json\/wp\/v2\/comments?post=38616"}],"version-history":[{"count":3,"href":"http:\/\/www.blogdopilako.com.br\/wp\/wp-json\/wp\/v2\/posts\/38616\/revisions"}],"predecessor-version":[{"id":38618,"href":"http:\/\/www.blogdopilako.com.br\/wp\/wp-json\/wp\/v2\/posts\/38616\/revisions\/38618"}],"wp:attachment":[{"href":"http:\/\/www.blogdopilako.com.br\/wp\/wp-json\/wp\/v2\/media?parent=38616"}],"wp:term":[{"taxonomy":"category","embeddable":true,"href":"http:\/\/www.blogdopilako.com.br\/wp\/wp-json\/wp\/v2\/categories?post=38616"},{"taxonomy":"post_tag","embeddable":true,"href":"http:\/\/www.blogdopilako.com.br\/wp\/wp-json\/wp\/v2\/tags?post=38616"}],"curies":[{"name":"wp","href":"https:\/\/api.w.org\/{rel}","templated":true}]}}