{"id":3724,"date":"2011-08-17T11:49:55","date_gmt":"2011-08-17T14:49:55","guid":{"rendered":"http:\/\/www.blogdopilako.com.br\/wp\/?p=3724"},"modified":"2011-08-17T11:50:36","modified_gmt":"2011-08-17T14:50:36","slug":"almir-brito-e-o-samba-em-preludio","status":"publish","type":"post","link":"http:\/\/www.blogdopilako.com.br\/wp\/2011\/08\/17\/almir-brito-e-o-samba-em-preludio\/","title":{"rendered":"Almir Brito e o Samba em Prel\u00fadio"},"content":{"rendered":"\n\t\t\t\t<div class=\"mr_social_sharing_wrapper\">\n\t\t\t\t<!-- Social Sharing Toolkit v2.2 --><span class=\"mr_social_sharing_top\"><span style=\"display: inline-block; width: 55px; height: 62px; overflow: hidden;\"><div class=\"fb-like\" data-href=\"http:\/\/www.blogdopilako.com.br\/wp\/2011\/08\/17\/almir-brito-e-o-samba-em-preludio\/\" data-send=\"false\" data-layout=\"box_count\" data-width=\"55\" data-show-faces=\"false\"><\/div><\/span><\/span><span class=\"mr_social_sharing_top\"><fb:share-button type=\"box_count\" href=\"http:\/\/www.blogdopilako.com.br\/wp\/2011\/08\/17\/almir-brito-e-o-samba-em-preludio\/\"><\/fb:share-button><\/span><span class=\"mr_social_sharing\"><a rel=\"nofollow\" class=\"linksalpha_button linksalpha_link\" href=\"\/\/www.linksalpha.com\/social\/mobile\" data-url=\"http:\/\/www.blogdopilako.com.br\/wp\/2011\/08\/17\/almir-brito-e-o-samba-em-preludio\/\" data-text=\"Almir Brito e o Samba em Prel\u00fadio\" data-desc=\"O vitoriense Almir Brito no seu cd instrumental TODOS OS TONS, vem com a can\u00e7\u00e3o de Tom Jobim e Vinicius de Moraes, SAMBA EM PREL\u00daDIO. Gostou da m\u00fasica? -\u00a0Baixe a MP3 Aldenisio Tavares \u00a0\" data-image=\"http:\/\/www.blogdopilako.com.br\/wp\/wp-content\/uploads\/almir1.jpg\" data-button=\"none\">\n\t\t\t\t\t<img src=\"\/\/www.linksalpha.com\/images\/social_share_button.png\" alt=\"Share\" class=\"linksalpha_image\" \/>\n\t\t\t\t\t<\/a><script type=\"text\/javascript\" src=\"\/\/www.linksalpha.com\/scripts\/loader_iconbox.js?v=2.4\"><\/script><\/span><\/div><p><a href=\"http:\/\/www.blogdopilako.com.br\/wp\/wp-content\/uploads\/almir1.jpg\"><img loading=\"lazy\" class=\"aligncenter size-full wp-image-2494\" title=\"almir\" src=\"http:\/\/www.blogdopilako.com.br\/wp\/wp-content\/uploads\/almir1.jpg\" alt=\"\" width=\"431\" height=\"436\" \/><\/a><\/p>\n<p style=\"text-align: justify;\">O vitoriense <strong>Almir Brito<\/strong> no seu cd instrumental <strong>TODOS OS TONS<\/strong>, vem com a can\u00e7\u00e3o de Tom Jobim e Vinicius de Moraes,<strong> SAMBA EM PREL\u00daDIO.<\/strong><\/p>\n<p><strong><strong>[powerpress url=..\/mp3\/preludio.mp3]<br \/>\n<\/strong><\/strong><strong>Gostou da m\u00fasica? &#8211;\u00a0<a href=\"http:\/\/www.blogdopilako.com.br\/mp3\/preludio.mp3\" target=\"_blank\">Baixe a MP3<\/a><\/strong><\/p>\n<p><strong>Aldenisio Tavares<\/strong><\/p>\n<p>&nbsp;<\/p>\n\n\t\t\t\t<div class=\"mr_social_sharing_wrapper\">\n\t\t\t\t<!-- Social Sharing Toolkit v2.2 --><span class=\"mr_social_sharing_top\"><span style=\"display: inline-block; width: 55px; height: 62px; overflow: hidden;\"><div class=\"fb-like\" data-href=\"http:\/\/www.blogdopilako.com.br\/wp\/2011\/08\/17\/almir-brito-e-o-samba-em-preludio\/\" data-send=\"false\" data-layout=\"box_count\" data-width=\"55\" data-show-faces=\"false\"><\/div><\/span><\/span><span class=\"mr_social_sharing_top\"><fb:share-button type=\"box_count\" href=\"http:\/\/www.blogdopilako.com.br\/wp\/2011\/08\/17\/almir-brito-e-o-samba-em-preludio\/\"><\/fb:share-button><\/span><span class=\"mr_social_sharing\"><a rel=\"nofollow\" class=\"linksalpha_button linksalpha_link\" href=\"\/\/www.linksalpha.com\/social\/mobile\" data-url=\"http:\/\/www.blogdopilako.com.br\/wp\/2011\/08\/17\/almir-brito-e-o-samba-em-preludio\/\" data-text=\"Almir Brito e o Samba em Prel\u00fadio\" data-desc=\"O vitoriense Almir Brito no seu cd instrumental TODOS OS TONS, vem com a can\u00e7\u00e3o de Tom Jobim e Vinicius de Moraes, SAMBA EM PREL\u00daDIO. Gostou da m\u00fasica? -\u00a0Baixe a MP3 Aldenisio Tavares \u00a0\" data-image=\"http:\/\/www.blogdopilako.com.br\/wp\/wp-content\/uploads\/almir1.jpg\" data-button=\"none\">\n\t\t\t\t\t<img src=\"\/\/www.linksalpha.com\/images\/social_share_button.png\" alt=\"Share\" class=\"linksalpha_image\" \/>\n\t\t\t\t\t<\/a><script type=\"text\/javascript\" src=\"\/\/www.linksalpha.com\/scripts\/loader_iconbox.js?v=2.4\"><\/script><\/span><\/div>","protected":false},"excerpt":{"rendered":"\n\t\t\t\t<div class=\"mr_social_sharing_wrapper\">\n\t\t\t\t<!-- Social Sharing Toolkit v2.2 --><span class=\"mr_social_sharing_top\"><span style=\"display: inline-block; width: 55px; height: 62px; overflow: hidden;\"><div class=\"fb-like\" data-href=\"http:\/\/www.blogdopilako.com.br\/wp\/2011\/08\/17\/almir-brito-e-o-samba-em-preludio\/\" data-send=\"false\" data-layout=\"box_count\" data-width=\"55\" data-show-faces=\"false\"><\/div><\/span><\/span><span class=\"mr_social_sharing_top\"><fb:share-button type=\"box_count\" href=\"http:\/\/www.blogdopilako.com.br\/wp\/2011\/08\/17\/almir-brito-e-o-samba-em-preludio\/\"><\/fb:share-button><\/span><span class=\"mr_social_sharing\"><a rel=\"nofollow\" class=\"linksalpha_button linksalpha_link\" href=\"\/\/www.linksalpha.com\/social\/mobile\" data-url=\"http:\/\/www.blogdopilako.com.br\/wp\/2011\/08\/17\/almir-brito-e-o-samba-em-preludio\/\" data-text=\"Almir Brito e o Samba em Prel\u00fadio\" data-desc=\"O vitoriense Almir Brito no seu cd instrumental TODOS OS TONS, vem com a can\u00e7\u00e3o de Tom Jobim e Vinicius de Moraes, SAMBA EM PREL\u00daDIO. Gostou da m\u00fasica? -\u00a0Baixe a MP3 Aldenisio Tavares \u00a0\" data-image=\"\" data-button=\"none\">\n\t\t\t\t\t<img src=\"\/\/www.linksalpha.com\/images\/social_share_button.png\" alt=\"Share\" class=\"linksalpha_image\" \/>\n\t\t\t\t\t<\/a><script type=\"text\/javascript\" src=\"\/\/www.linksalpha.com\/scripts\/loader_iconbox.js?v=2.4\"><\/script><\/span><\/div><p>O vitoriense Almir Brito no seu cd instrumental TODOS OS TONS, vem com a can\u00e7\u00e3o de Tom Jobim e Vinicius de Moraes, SAMBA EM PREL\u00daDIO. [powerpress url=..\/mp3\/preludio.mp3] Gostou da m\u00fasica? &#8211;\u00a0Baixe a MP3 Aldenisio Tavares &nbsp;<\/p>\n\n\t\t\t\t<div class=\"mr_social_sharing_wrapper\">\n\t\t\t\t<!-- Social Sharing Toolkit v2.2 --><span class=\"mr_social_sharing_top\"><span style=\"display: inline-block; width: 55px; height: 62px; overflow: hidden;\"><div class=\"fb-like\" data-href=\"http:\/\/www.blogdopilako.com.br\/wp\/2011\/08\/17\/almir-brito-e-o-samba-em-preludio\/\" data-send=\"false\" data-layout=\"box_count\" data-width=\"55\" data-show-faces=\"false\"><\/div><\/span><\/span><span class=\"mr_social_sharing_top\"><fb:share-button type=\"box_count\" href=\"http:\/\/www.blogdopilako.com.br\/wp\/2011\/08\/17\/almir-brito-e-o-samba-em-preludio\/\"><\/fb:share-button><\/span><span class=\"mr_social_sharing\"><a rel=\"nofollow\" class=\"linksalpha_button linksalpha_link\" href=\"\/\/www.linksalpha.com\/social\/mobile\" data-url=\"http:\/\/www.blogdopilako.com.br\/wp\/2011\/08\/17\/almir-brito-e-o-samba-em-preludio\/\" data-text=\"Almir Brito e o Samba em Prel\u00fadio\" data-desc=\"O vitoriense Almir Brito no seu cd instrumental TODOS OS TONS, vem com a can\u00e7\u00e3o de Tom Jobim e Vinicius de Moraes, SAMBA EM PREL\u00daDIO. Gostou da m\u00fasica? -\u00a0Baixe a MP3 Aldenisio Tavares \u00a0\" data-image=\"\" data-button=\"none\">\n\t\t\t\t\t<img src=\"\/\/www.linksalpha.com\/images\/social_share_button.png\" alt=\"Share\" class=\"linksalpha_image\" \/>\n\t\t\t\t\t<\/a><script type=\"text\/javascript\" src=\"\/\/www.linksalpha.com\/scripts\/loader_iconbox.js?v=2.4\"><\/script><\/span><\/div>","protected":false},"author":4,"featured_media":0,"comment_status":"open","ping_status":"open","sticky":false,"template":"","format":"standard","meta":[],"categories":[17],"tags":[],"_links":{"self":[{"href":"http:\/\/www.blogdopilako.com.br\/wp\/wp-json\/wp\/v2\/posts\/3724"}],"collection":[{"href":"http:\/\/www.blogdopilako.com.br\/wp\/wp-json\/wp\/v2\/posts"}],"about":[{"href":"http:\/\/www.blogdopilako.com.br\/wp\/wp-json\/wp\/v2\/types\/post"}],"author":[{"embeddable":true,"href":"http:\/\/www.blogdopilako.com.br\/wp\/wp-json\/wp\/v2\/users\/4"}],"replies":[{"embeddable":true,"href":"http:\/\/www.blogdopilako.com.br\/wp\/wp-json\/wp\/v2\/comments?post=3724"}],"version-history":[{"count":3,"href":"http:\/\/www.blogdopilako.com.br\/wp\/wp-json\/wp\/v2\/posts\/3724\/revisions"}],"predecessor-version":[{"id":5973,"href":"http:\/\/www.blogdopilako.com.br\/wp\/wp-json\/wp\/v2\/posts\/3724\/revisions\/5973"}],"wp:attachment":[{"href":"http:\/\/www.blogdopilako.com.br\/wp\/wp-json\/wp\/v2\/media?parent=3724"}],"wp:term":[{"taxonomy":"category","embeddable":true,"href":"http:\/\/www.blogdopilako.com.br\/wp\/wp-json\/wp\/v2\/categories?post=3724"},{"taxonomy":"post_tag","embeddable":true,"href":"http:\/\/www.blogdopilako.com.br\/wp\/wp-json\/wp\/v2\/tags?post=3724"}],"curies":[{"name":"wp","href":"https:\/\/api.w.org\/{rel}","templated":true}]}}