{"id":33694,"date":"2012-12-31T11:30:31","date_gmt":"2012-12-31T14:30:31","guid":{"rendered":"http:\/\/www.blogdopilako.com.br\/wp\/?p=33694"},"modified":"2012-12-31T11:38:18","modified_gmt":"2012-12-31T14:38:18","slug":"retrospectiva-2012-o-fato-mais-positivo-do-ano","status":"publish","type":"post","link":"http:\/\/www.blogdopilako.com.br\/wp\/2012\/12\/31\/retrospectiva-2012-o-fato-mais-positivo-do-ano\/","title":{"rendered":"RETROSPECTIVA 2012: O Fato mais Positivo do Ano"},"content":{"rendered":"\n\t\t\t\t<div class=\"mr_social_sharing_wrapper\">\n\t\t\t\t<!-- Social Sharing Toolkit v2.2 --><span class=\"mr_social_sharing_top\"><span style=\"display: inline-block; width: 55px; height: 62px; overflow: hidden;\"><div class=\"fb-like\" data-href=\"http:\/\/www.blogdopilako.com.br\/wp\/2012\/12\/31\/retrospectiva-2012-o-fato-mais-positivo-do-ano\/\" data-send=\"false\" data-layout=\"box_count\" data-width=\"55\" data-show-faces=\"false\"><\/div><\/span><\/span><span class=\"mr_social_sharing_top\"><fb:share-button type=\"box_count\" href=\"http:\/\/www.blogdopilako.com.br\/wp\/2012\/12\/31\/retrospectiva-2012-o-fato-mais-positivo-do-ano\/\"><\/fb:share-button><\/span><span class=\"mr_social_sharing\"><a rel=\"nofollow\" class=\"linksalpha_button linksalpha_link\" href=\"\/\/www.linksalpha.com\/social\/mobile\" data-url=\"http:\/\/www.blogdopilako.com.br\/wp\/2012\/12\/31\/retrospectiva-2012-o-fato-mais-positivo-do-ano\/\" data-text=\"RETROSPECTIVA 2012: O Fato mais Positivo do Ano\" data-desc=\"Assinalamos como fato mais positivo\u00a0em nossa cidade no ano de 2012 a realiza\u00e7\u00e3o dos programas eleitorais gratuitos na TV nas elei\u00e7\u00f5es municipais, sob o crivo da Justi\u00e7a Eleitoral. A TV Vit\u00f3ria, ap\u00f3s esquivasse da obriga\u00e7\u00e3o, em duas elei\u00e7\u00f5es (2004 e 2008), n\u00e3o teve outra alternativa,\" data-image=\"http:\/\/www.blogdopilako.com.br\/wp\/wp-content\/uploads\/POSICT.jpg\" data-button=\"none\">\n\t\t\t\t\t<img src=\"\/\/www.linksalpha.com\/images\/social_share_button.png\" alt=\"Share\" class=\"linksalpha_image\" \/>\n\t\t\t\t\t<\/a><script type=\"text\/javascript\" src=\"\/\/www.linksalpha.com\/scripts\/loader_iconbox.js?v=2.4\"><\/script><\/span><\/div><p><a href=\"http:\/\/www.blogdopilako.com.br\/wp\/wp-content\/uploads\/POSICT.jpg\"><img loading=\"lazy\" class=\"size-full wp-image-33705 aligncenter\" alt=\"POSICT\" src=\"http:\/\/www.blogdopilako.com.br\/wp\/wp-content\/uploads\/POSICT.jpg\" width=\"610\" height=\"150\" \/><\/a><\/p>\n<p style=\"text-align: center;\"><a href=\"http:\/\/www.blogdopilako.com.br\/wp\/wp-content\/uploads\/Hor\u00e1rio-Eleitoral-Gratuito.jpg\"><img loading=\"lazy\" class=\" wp-image-33706 aligncenter\" alt=\"Hor\u00e1rio Eleitoral Gratuito\" src=\"http:\/\/www.blogdopilako.com.br\/wp\/wp-content\/uploads\/Hor\u00e1rio-Eleitoral-Gratuito.jpg\" width=\"335\" height=\"252\" \/><\/a><\/p>\n<p style=\"text-align: justify;\">Assinalamos como fato mais <strong>positivo<\/strong>\u00a0em nossa cidade no ano de 2012 a <strong>realiza\u00e7\u00e3o dos programas eleitorais gratuitos na TV<\/strong> nas elei\u00e7\u00f5es municipais, sob o crivo da Justi\u00e7a Eleitoral. A <strong>TV Vit\u00f3ria<\/strong>, ap\u00f3s esquivasse da obriga\u00e7\u00e3o, em duas elei\u00e7\u00f5es (2004 e 2008), n\u00e3o teve outra alternativa, ap\u00f3s o nosso blog abrir contagem regressiva para o in\u00edcio das transmiss\u00f5es, como tamb\u00e9m, alertar todas as autoridades competentes envolvidas no processo. O nosso \u00a0 &#8220;grito&#8221; \u00a0despertou na \u00a0 popula\u00e7\u00e3o \u00a0\u00e0 \u00a0vigil\u00e2ncia do cumprimento da Lei Eleitoral.<\/p>\n\n\t\t\t\t<div class=\"mr_social_sharing_wrapper\">\n\t\t\t\t<!-- Social Sharing Toolkit v2.2 --><span class=\"mr_social_sharing_top\"><span style=\"display: inline-block; width: 55px; height: 62px; overflow: hidden;\"><div class=\"fb-like\" data-href=\"http:\/\/www.blogdopilako.com.br\/wp\/2012\/12\/31\/retrospectiva-2012-o-fato-mais-positivo-do-ano\/\" data-send=\"false\" data-layout=\"box_count\" data-width=\"55\" data-show-faces=\"false\"><\/div><\/span><\/span><span class=\"mr_social_sharing_top\"><fb:share-button type=\"box_count\" href=\"http:\/\/www.blogdopilako.com.br\/wp\/2012\/12\/31\/retrospectiva-2012-o-fato-mais-positivo-do-ano\/\"><\/fb:share-button><\/span><span class=\"mr_social_sharing\"><a rel=\"nofollow\" class=\"linksalpha_button linksalpha_link\" href=\"\/\/www.linksalpha.com\/social\/mobile\" data-url=\"http:\/\/www.blogdopilako.com.br\/wp\/2012\/12\/31\/retrospectiva-2012-o-fato-mais-positivo-do-ano\/\" data-text=\"RETROSPECTIVA 2012: O Fato mais Positivo do Ano\" data-desc=\"Assinalamos como fato mais positivo\u00a0em nossa cidade no ano de 2012 a realiza\u00e7\u00e3o dos programas eleitorais gratuitos na TV nas elei\u00e7\u00f5es municipais, sob o crivo da Justi\u00e7a Eleitoral. A TV Vit\u00f3ria, ap\u00f3s esquivasse da obriga\u00e7\u00e3o, em duas elei\u00e7\u00f5es (2004 e 2008), n\u00e3o teve outra alternativa,\" data-image=\"http:\/\/www.blogdopilako.com.br\/wp\/wp-content\/uploads\/POSICT.jpg\" data-button=\"none\">\n\t\t\t\t\t<img src=\"\/\/www.linksalpha.com\/images\/social_share_button.png\" alt=\"Share\" class=\"linksalpha_image\" \/>\n\t\t\t\t\t<\/a><script type=\"text\/javascript\" src=\"\/\/www.linksalpha.com\/scripts\/loader_iconbox.js?v=2.4\"><\/script><\/span><\/div>","protected":false},"excerpt":{"rendered":"\n\t\t\t\t<div class=\"mr_social_sharing_wrapper\">\n\t\t\t\t<!-- Social Sharing Toolkit v2.2 --><span class=\"mr_social_sharing_top\"><span style=\"display: inline-block; width: 55px; height: 62px; overflow: hidden;\"><div class=\"fb-like\" data-href=\"http:\/\/www.blogdopilako.com.br\/wp\/2012\/12\/31\/retrospectiva-2012-o-fato-mais-positivo-do-ano\/\" data-send=\"false\" data-layout=\"box_count\" data-width=\"55\" data-show-faces=\"false\"><\/div><\/span><\/span><span class=\"mr_social_sharing_top\"><fb:share-button type=\"box_count\" href=\"http:\/\/www.blogdopilako.com.br\/wp\/2012\/12\/31\/retrospectiva-2012-o-fato-mais-positivo-do-ano\/\"><\/fb:share-button><\/span><span class=\"mr_social_sharing\"><a rel=\"nofollow\" class=\"linksalpha_button linksalpha_link\" href=\"\/\/www.linksalpha.com\/social\/mobile\" data-url=\"http:\/\/www.blogdopilako.com.br\/wp\/2012\/12\/31\/retrospectiva-2012-o-fato-mais-positivo-do-ano\/\" data-text=\"RETROSPECTIVA 2012: O Fato mais Positivo do Ano\" data-desc=\"Assinalamos como fato mais positivo\u00a0em nossa cidade no ano de 2012 a realiza\u00e7\u00e3o dos programas eleitorais gratuitos na TV nas elei\u00e7\u00f5es municipais, sob o crivo da Justi\u00e7a Eleitoral. A TV Vit\u00f3ria, ap\u00f3s esquivasse da obriga\u00e7\u00e3o, em duas elei\u00e7\u00f5es (2004 e 2008), n\u00e3o teve outra alternativa,\" data-image=\"\" data-button=\"none\">\n\t\t\t\t\t<img src=\"\/\/www.linksalpha.com\/images\/social_share_button.png\" alt=\"Share\" class=\"linksalpha_image\" \/>\n\t\t\t\t\t<\/a><script type=\"text\/javascript\" src=\"\/\/www.linksalpha.com\/scripts\/loader_iconbox.js?v=2.4\"><\/script><\/span><\/div><p>Assinalamos como fato mais positivo\u00a0em nossa cidade no ano de 2012 a realiza\u00e7\u00e3o dos programas eleitorais gratuitos na TV nas elei\u00e7\u00f5es municipais, sob o crivo da Justi\u00e7a Eleitoral. A TV Vit\u00f3ria, ap\u00f3s esquivasse da obriga\u00e7\u00e3o, em duas elei\u00e7\u00f5es (2004 e &hellip; <a href=\"http:\/\/www.blogdopilako.com.br\/wp\/2012\/12\/31\/retrospectiva-2012-o-fato-mais-positivo-do-ano\/\">Continue lendo <span class=\"meta-nav\">&rarr;<\/span><\/a><\/p>\n\n\t\t\t\t<div class=\"mr_social_sharing_wrapper\">\n\t\t\t\t<!-- Social Sharing Toolkit v2.2 --><span class=\"mr_social_sharing_top\"><span style=\"display: inline-block; width: 55px; height: 62px; overflow: hidden;\"><div class=\"fb-like\" data-href=\"http:\/\/www.blogdopilako.com.br\/wp\/2012\/12\/31\/retrospectiva-2012-o-fato-mais-positivo-do-ano\/\" data-send=\"false\" data-layout=\"box_count\" data-width=\"55\" data-show-faces=\"false\"><\/div><\/span><\/span><span class=\"mr_social_sharing_top\"><fb:share-button type=\"box_count\" href=\"http:\/\/www.blogdopilako.com.br\/wp\/2012\/12\/31\/retrospectiva-2012-o-fato-mais-positivo-do-ano\/\"><\/fb:share-button><\/span><span class=\"mr_social_sharing\"><a rel=\"nofollow\" class=\"linksalpha_button linksalpha_link\" href=\"\/\/www.linksalpha.com\/social\/mobile\" data-url=\"http:\/\/www.blogdopilako.com.br\/wp\/2012\/12\/31\/retrospectiva-2012-o-fato-mais-positivo-do-ano\/\" data-text=\"RETROSPECTIVA 2012: O Fato mais Positivo do Ano\" data-desc=\"Assinalamos como fato mais positivo\u00a0em nossa cidade no ano de 2012 a realiza\u00e7\u00e3o dos programas eleitorais gratuitos na TV nas elei\u00e7\u00f5es municipais, sob o crivo da Justi\u00e7a Eleitoral. A TV Vit\u00f3ria, ap\u00f3s esquivasse da obriga\u00e7\u00e3o, em duas elei\u00e7\u00f5es (2004 e 2008), n\u00e3o teve outra alternativa,\" data-image=\"\" data-button=\"none\">\n\t\t\t\t\t<img src=\"\/\/www.linksalpha.com\/images\/social_share_button.png\" alt=\"Share\" class=\"linksalpha_image\" \/>\n\t\t\t\t\t<\/a><script type=\"text\/javascript\" src=\"\/\/www.linksalpha.com\/scripts\/loader_iconbox.js?v=2.4\"><\/script><\/span><\/div>","protected":false},"author":4,"featured_media":0,"comment_status":"open","ping_status":"open","sticky":false,"template":"","format":"standard","meta":[],"categories":[22,127],"tags":[],"_links":{"self":[{"href":"http:\/\/www.blogdopilako.com.br\/wp\/wp-json\/wp\/v2\/posts\/33694"}],"collection":[{"href":"http:\/\/www.blogdopilako.com.br\/wp\/wp-json\/wp\/v2\/posts"}],"about":[{"href":"http:\/\/www.blogdopilako.com.br\/wp\/wp-json\/wp\/v2\/types\/post"}],"author":[{"embeddable":true,"href":"http:\/\/www.blogdopilako.com.br\/wp\/wp-json\/wp\/v2\/users\/4"}],"replies":[{"embeddable":true,"href":"http:\/\/www.blogdopilako.com.br\/wp\/wp-json\/wp\/v2\/comments?post=33694"}],"version-history":[{"count":7,"href":"http:\/\/www.blogdopilako.com.br\/wp\/wp-json\/wp\/v2\/posts\/33694\/revisions"}],"predecessor-version":[{"id":33765,"href":"http:\/\/www.blogdopilako.com.br\/wp\/wp-json\/wp\/v2\/posts\/33694\/revisions\/33765"}],"wp:attachment":[{"href":"http:\/\/www.blogdopilako.com.br\/wp\/wp-json\/wp\/v2\/media?parent=33694"}],"wp:term":[{"taxonomy":"category","embeddable":true,"href":"http:\/\/www.blogdopilako.com.br\/wp\/wp-json\/wp\/v2\/categories?post=33694"},{"taxonomy":"post_tag","embeddable":true,"href":"http:\/\/www.blogdopilako.com.br\/wp\/wp-json\/wp\/v2\/tags?post=33694"}],"curies":[{"name":"wp","href":"https:\/\/api.w.org\/{rel}","templated":true}]}}