{"id":32905,"date":"2012-12-18T10:20:54","date_gmt":"2012-12-18T13:20:54","guid":{"rendered":"http:\/\/www.blogdopilako.com.br\/wp\/?p=32905"},"modified":"2012-12-18T10:20:54","modified_gmt":"2012-12-18T13:20:54","slug":"faltou-interesse-ou-capacidade","status":"publish","type":"post","link":"http:\/\/www.blogdopilako.com.br\/wp\/2012\/12\/18\/faltou-interesse-ou-capacidade\/","title":{"rendered":"Faltou interesse ou capacidade?"},"content":{"rendered":"\n\t\t\t\t<div class=\"mr_social_sharing_wrapper\">\n\t\t\t\t<!-- Social Sharing Toolkit v2.2 --><span class=\"mr_social_sharing_top\"><span style=\"display: inline-block; width: 55px; height: 62px; overflow: hidden;\"><div class=\"fb-like\" data-href=\"http:\/\/www.blogdopilako.com.br\/wp\/2012\/12\/18\/faltou-interesse-ou-capacidade\/\" data-send=\"false\" data-layout=\"box_count\" data-width=\"55\" data-show-faces=\"false\"><\/div><\/span><\/span><span class=\"mr_social_sharing_top\"><fb:share-button type=\"box_count\" href=\"http:\/\/www.blogdopilako.com.br\/wp\/2012\/12\/18\/faltou-interesse-ou-capacidade\/\"><\/fb:share-button><\/span><span class=\"mr_social_sharing\"><a rel=\"nofollow\" class=\"linksalpha_button linksalpha_link\" href=\"\/\/www.linksalpha.com\/social\/mobile\" data-url=\"http:\/\/www.blogdopilako.com.br\/wp\/2012\/12\/18\/faltou-interesse-ou-capacidade\/\" data-text=\"Faltou interesse ou capacidade?\" data-desc=\"Nossas lentes flagraram na noite de ontem (17) na Rua Dr Jos\u00e9 Rufino, tamb\u00e9m conhecida como principal do Caj\u00e1, um porco se alimentando de lixo. Em praticamente todos os bairros da cidade a \u201cpisada\u201d \u00e9 a mesma, quer seja dia ou noite. O Prefeito Elias Lira, juntamente com sua equipe, est\u00e1\" data-image=\"http:\/\/www.blogdopilako.com.br\/wp\/wp-content\/uploads\/porco-noite.jpg\" data-button=\"none\">\n\t\t\t\t\t<img src=\"\/\/www.linksalpha.com\/images\/social_share_button.png\" alt=\"Share\" class=\"linksalpha_image\" \/>\n\t\t\t\t\t<\/a><script type=\"text\/javascript\" src=\"\/\/www.linksalpha.com\/scripts\/loader_iconbox.js?v=2.4\"><\/script><\/span><\/div><p style=\"text-align: justify;\"><a href=\"http:\/\/www.blogdopilako.com.br\/wp\/wp-content\/uploads\/porco-noite.jpg\"><img loading=\"lazy\" class=\"aligncenter size-full wp-image-32915\" alt=\"porco-noite\" src=\"http:\/\/www.blogdopilako.com.br\/wp\/wp-content\/uploads\/porco-noite.jpg\" width=\"568\" height=\"374\" \/><\/a><\/p>\n<p style=\"text-align: justify;\">Nossas lentes flagraram na noite de ontem (17) na <strong>Rua Dr Jos\u00e9 Rufino<\/strong>, tamb\u00e9m conhecida como principal do <strong>Caj\u00e1<\/strong>, um <strong>porco<\/strong> se alimentando de lixo. Em praticamente todos os bairros da cidade a \u201cpisada\u201d \u00e9 a mesma, quer seja dia ou noite.<\/p>\n<p style=\"text-align: justify;\">O Prefeito Elias Lira, juntamente com sua equipe, est\u00e1 pr\u00f3ximo de completar os seus quarto anos de gest\u00e3o sem ter conseguido \u201cvencer\u201d os bichos. Fica a pergunta: foi falta de interesse ou capacidade?<\/p>\n\n\t\t\t\t<div class=\"mr_social_sharing_wrapper\">\n\t\t\t\t<!-- Social Sharing Toolkit v2.2 --><span class=\"mr_social_sharing_top\"><span style=\"display: inline-block; width: 55px; height: 62px; overflow: hidden;\"><div class=\"fb-like\" data-href=\"http:\/\/www.blogdopilako.com.br\/wp\/2012\/12\/18\/faltou-interesse-ou-capacidade\/\" data-send=\"false\" data-layout=\"box_count\" data-width=\"55\" data-show-faces=\"false\"><\/div><\/span><\/span><span class=\"mr_social_sharing_top\"><fb:share-button type=\"box_count\" href=\"http:\/\/www.blogdopilako.com.br\/wp\/2012\/12\/18\/faltou-interesse-ou-capacidade\/\"><\/fb:share-button><\/span><span class=\"mr_social_sharing\"><a rel=\"nofollow\" class=\"linksalpha_button linksalpha_link\" href=\"\/\/www.linksalpha.com\/social\/mobile\" data-url=\"http:\/\/www.blogdopilako.com.br\/wp\/2012\/12\/18\/faltou-interesse-ou-capacidade\/\" data-text=\"Faltou interesse ou capacidade?\" data-desc=\"Nossas lentes flagraram na noite de ontem (17) na Rua Dr Jos\u00e9 Rufino, tamb\u00e9m conhecida como principal do Caj\u00e1, um porco se alimentando de lixo. Em praticamente todos os bairros da cidade a \u201cpisada\u201d \u00e9 a mesma, quer seja dia ou noite. O Prefeito Elias Lira, juntamente com sua equipe, est\u00e1\" data-image=\"http:\/\/www.blogdopilako.com.br\/wp\/wp-content\/uploads\/porco-noite.jpg\" data-button=\"none\">\n\t\t\t\t\t<img src=\"\/\/www.linksalpha.com\/images\/social_share_button.png\" alt=\"Share\" class=\"linksalpha_image\" \/>\n\t\t\t\t\t<\/a><script type=\"text\/javascript\" src=\"\/\/www.linksalpha.com\/scripts\/loader_iconbox.js?v=2.4\"><\/script><\/span><\/div>","protected":false},"excerpt":{"rendered":"\n\t\t\t\t<div class=\"mr_social_sharing_wrapper\">\n\t\t\t\t<!-- Social Sharing Toolkit v2.2 --><span class=\"mr_social_sharing_top\"><span style=\"display: inline-block; width: 55px; height: 62px; overflow: hidden;\"><div class=\"fb-like\" data-href=\"http:\/\/www.blogdopilako.com.br\/wp\/2012\/12\/18\/faltou-interesse-ou-capacidade\/\" data-send=\"false\" data-layout=\"box_count\" data-width=\"55\" data-show-faces=\"false\"><\/div><\/span><\/span><span class=\"mr_social_sharing_top\"><fb:share-button type=\"box_count\" href=\"http:\/\/www.blogdopilako.com.br\/wp\/2012\/12\/18\/faltou-interesse-ou-capacidade\/\"><\/fb:share-button><\/span><span class=\"mr_social_sharing\"><a rel=\"nofollow\" class=\"linksalpha_button linksalpha_link\" href=\"\/\/www.linksalpha.com\/social\/mobile\" data-url=\"http:\/\/www.blogdopilako.com.br\/wp\/2012\/12\/18\/faltou-interesse-ou-capacidade\/\" data-text=\"Faltou interesse ou capacidade?\" data-desc=\"Nossas lentes flagraram na noite de ontem (17) na Rua Dr Jos\u00e9 Rufino, tamb\u00e9m conhecida como principal do Caj\u00e1, um porco se alimentando de lixo. Em praticamente todos os bairros da cidade a \u201cpisada\u201d \u00e9 a mesma, quer seja dia ou noite. O Prefeito Elias Lira, juntamente com sua equipe, est\u00e1\" data-image=\"\" data-button=\"none\">\n\t\t\t\t\t<img src=\"\/\/www.linksalpha.com\/images\/social_share_button.png\" alt=\"Share\" class=\"linksalpha_image\" \/>\n\t\t\t\t\t<\/a><script type=\"text\/javascript\" src=\"\/\/www.linksalpha.com\/scripts\/loader_iconbox.js?v=2.4\"><\/script><\/span><\/div><p>Nossas lentes flagraram na noite de ontem (17) na Rua Dr Jos\u00e9 Rufino, tamb\u00e9m conhecida como principal do Caj\u00e1, um porco se alimentando de lixo. Em praticamente todos os bairros da cidade a \u201cpisada\u201d \u00e9 a mesma, quer seja dia &hellip; <a href=\"http:\/\/www.blogdopilako.com.br\/wp\/2012\/12\/18\/faltou-interesse-ou-capacidade\/\">Continue lendo <span class=\"meta-nav\">&rarr;<\/span><\/a><\/p>\n\n\t\t\t\t<div class=\"mr_social_sharing_wrapper\">\n\t\t\t\t<!-- Social Sharing Toolkit v2.2 --><span class=\"mr_social_sharing_top\"><span style=\"display: inline-block; width: 55px; height: 62px; overflow: hidden;\"><div class=\"fb-like\" data-href=\"http:\/\/www.blogdopilako.com.br\/wp\/2012\/12\/18\/faltou-interesse-ou-capacidade\/\" data-send=\"false\" data-layout=\"box_count\" data-width=\"55\" data-show-faces=\"false\"><\/div><\/span><\/span><span class=\"mr_social_sharing_top\"><fb:share-button type=\"box_count\" href=\"http:\/\/www.blogdopilako.com.br\/wp\/2012\/12\/18\/faltou-interesse-ou-capacidade\/\"><\/fb:share-button><\/span><span class=\"mr_social_sharing\"><a rel=\"nofollow\" class=\"linksalpha_button linksalpha_link\" href=\"\/\/www.linksalpha.com\/social\/mobile\" data-url=\"http:\/\/www.blogdopilako.com.br\/wp\/2012\/12\/18\/faltou-interesse-ou-capacidade\/\" data-text=\"Faltou interesse ou capacidade?\" data-desc=\"Nossas lentes flagraram na noite de ontem (17) na Rua Dr Jos\u00e9 Rufino, tamb\u00e9m conhecida como principal do Caj\u00e1, um porco se alimentando de lixo. Em praticamente todos os bairros da cidade a \u201cpisada\u201d \u00e9 a mesma, quer seja dia ou noite. O Prefeito Elias Lira, juntamente com sua equipe, est\u00e1\" data-image=\"\" data-button=\"none\">\n\t\t\t\t\t<img src=\"\/\/www.linksalpha.com\/images\/social_share_button.png\" alt=\"Share\" class=\"linksalpha_image\" \/>\n\t\t\t\t\t<\/a><script type=\"text\/javascript\" src=\"\/\/www.linksalpha.com\/scripts\/loader_iconbox.js?v=2.4\"><\/script><\/span><\/div>","protected":false},"author":4,"featured_media":0,"comment_status":"open","ping_status":"open","sticky":false,"template":"","format":"standard","meta":[],"categories":[21,22],"tags":[],"_links":{"self":[{"href":"http:\/\/www.blogdopilako.com.br\/wp\/wp-json\/wp\/v2\/posts\/32905"}],"collection":[{"href":"http:\/\/www.blogdopilako.com.br\/wp\/wp-json\/wp\/v2\/posts"}],"about":[{"href":"http:\/\/www.blogdopilako.com.br\/wp\/wp-json\/wp\/v2\/types\/post"}],"author":[{"embeddable":true,"href":"http:\/\/www.blogdopilako.com.br\/wp\/wp-json\/wp\/v2\/users\/4"}],"replies":[{"embeddable":true,"href":"http:\/\/www.blogdopilako.com.br\/wp\/wp-json\/wp\/v2\/comments?post=32905"}],"version-history":[{"count":2,"href":"http:\/\/www.blogdopilako.com.br\/wp\/wp-json\/wp\/v2\/posts\/32905\/revisions"}],"predecessor-version":[{"id":32916,"href":"http:\/\/www.blogdopilako.com.br\/wp\/wp-json\/wp\/v2\/posts\/32905\/revisions\/32916"}],"wp:attachment":[{"href":"http:\/\/www.blogdopilako.com.br\/wp\/wp-json\/wp\/v2\/media?parent=32905"}],"wp:term":[{"taxonomy":"category","embeddable":true,"href":"http:\/\/www.blogdopilako.com.br\/wp\/wp-json\/wp\/v2\/categories?post=32905"},{"taxonomy":"post_tag","embeddable":true,"href":"http:\/\/www.blogdopilako.com.br\/wp\/wp-json\/wp\/v2\/tags?post=32905"}],"curies":[{"name":"wp","href":"https:\/\/api.w.org\/{rel}","templated":true}]}}