{"id":32770,"date":"2012-12-17T15:24:44","date_gmt":"2012-12-17T18:24:44","guid":{"rendered":"http:\/\/www.blogdopilako.com.br\/wp\/?p=32770"},"modified":"2012-12-17T15:24:44","modified_gmt":"2012-12-17T18:24:44","slug":"confraternizacao-natalina-da-abtv","status":"publish","type":"post","link":"http:\/\/www.blogdopilako.com.br\/wp\/2012\/12\/17\/confraternizacao-natalina-da-abtv\/","title":{"rendered":"Confraterniza\u00e7\u00e3o Natalina da ABTV"},"content":{"rendered":"\n\t\t\t\t<div class=\"mr_social_sharing_wrapper\">\n\t\t\t\t<!-- Social Sharing Toolkit v2.2 --><span class=\"mr_social_sharing_top\"><span style=\"display: inline-block; width: 55px; height: 62px; overflow: hidden;\"><div class=\"fb-like\" data-href=\"http:\/\/www.blogdopilako.com.br\/wp\/2012\/12\/17\/confraternizacao-natalina-da-abtv\/\" data-send=\"false\" data-layout=\"box_count\" data-width=\"55\" data-show-faces=\"false\"><\/div><\/span><\/span><span class=\"mr_social_sharing_top\"><fb:share-button type=\"box_count\" href=\"http:\/\/www.blogdopilako.com.br\/wp\/2012\/12\/17\/confraternizacao-natalina-da-abtv\/\"><\/fb:share-button><\/span><span class=\"mr_social_sharing\"><a rel=\"nofollow\" class=\"linksalpha_button linksalpha_link\" href=\"\/\/www.linksalpha.com\/social\/mobile\" data-url=\"http:\/\/www.blogdopilako.com.br\/wp\/2012\/12\/17\/confraternizacao-natalina-da-abtv\/\" data-text=\"Confraterniza\u00e7\u00e3o Natalina da ABTV\" data-desc=\"Em clima de festa e harmonia, aconteceu no s\u00e1bado (15), a \u201creuni\u00e3o\u201d de confraterniza\u00e7\u00e3o dos diretores de blocos carnavalescos vinculados a ABTV (Associa\u00e7\u00e3o dos Blocos de Trios El\u00e9tricos). Na ocasi\u00e3o foram relembrados momentos que marcaram o ano, que hora se finda, como tamb\u00e9m\" data-image=\"http:\/\/www.blogdopilako.com.br\/wp\/wp-content\/uploads\/confraterniza\u00e7\u00e3o-abtv-15-12-12-14.jpg\" data-button=\"none\">\n\t\t\t\t\t<img src=\"\/\/www.linksalpha.com\/images\/social_share_button.png\" alt=\"Share\" class=\"linksalpha_image\" \/>\n\t\t\t\t\t<\/a><script type=\"text\/javascript\" src=\"\/\/www.linksalpha.com\/scripts\/loader_iconbox.js?v=2.4\"><\/script><\/span><\/div><p style=\"text-align: justify;\"><a href=\"http:\/\/www.blogdopilako.com.br\/wp\/wp-content\/uploads\/confraterniza\u00e7\u00e3o-abtv-15-12-12-14.jpg\"><img loading=\"lazy\" class=\"aligncenter size-full wp-image-32859\" alt=\"confraterniza\u00e7\u00e3o-abtv-15-12-12 (14)\" src=\"http:\/\/www.blogdopilako.com.br\/wp\/wp-content\/uploads\/confraterniza\u00e7\u00e3o-abtv-15-12-12-14.jpg\" width=\"583\" height=\"437\" \/><\/a>Em clima de festa e harmonia, aconteceu no s\u00e1bado (15), a \u201creuni\u00e3o\u201d de confraterniza\u00e7\u00e3o dos diretores de blocos carnavalescos vinculados a <strong>ABTV<\/strong> (Associa\u00e7\u00e3o dos Blocos de Trios El\u00e9tricos). Na ocasi\u00e3o foram relembrados momentos que marcaram o ano, que hora se finda, como tamb\u00e9m \u201crolou\u201d muita conversa relacionada ao carnaval que se avizinha.<\/p>\n<p style=\"text-align: justify;\">O presidente <strong>Charles Rom\u00e3o<\/strong> expressou, em depoimento exclusivo, para as lentes do blog do Pilako a sua satisfa\u00e7\u00e3o. Vejam o v\u00eddeo:<\/p>\n<p style=\"text-align: center;\"><iframe loading=\"lazy\" name=\"v1\" src=\"http:\/\/www.youtube.com\/embed\/U_2LyUsYFp8\" height=\"332\" width=\"590\" allowfullscreen=\"\" frameborder=\"0\"><\/iframe><\/p>\n<p style=\"text-align: justify;\">Com a chegada dos primeiros minutos do domingo (16), a turma cantou o famoso &#8220;PARAB\u00c9NS PR\u00c1 VOC\u00ca\u201d para a aniversariante do dia, que era <strong>Soraya<\/strong>. Em seguida todos foram brindados pelas apresenta\u00e7\u00f5es musicais dos \u201ccantores\u201d <strong>Helder Nery<\/strong> e <strong>Dona Margarida<\/strong>.<\/p>\n<p><iframe loading=\"lazy\" name=\"v2\" src=\"http:\/\/www.youtube.com\/embed\/9sp6JlDR-98\" height=\"332\" width=\"590\" allowfullscreen=\"\" frameborder=\"0\"><\/iframe><\/p>\n\n\t\t<style type=\"text\/css\">\n\t\t\t#gallery-1 {\n\t\t\t\tmargin: auto;\n\t\t\t}\n\t\t\t#gallery-1 .gallery-item {\n\t\t\t\tfloat: left;\n\t\t\t\tmargin-top: 10px;\n\t\t\t\ttext-align: center;\n\t\t\t\twidth: 25%;\n\t\t\t}\n\t\t\t#gallery-1 img {\n\t\t\t\tborder: 2px solid #cfcfcf;\n\t\t\t}\n\t\t\t#gallery-1 .gallery-caption {\n\t\t\t\tmargin-left: 0;\n\t\t\t}\n\t\t\t\/* see gallery_shortcode() in wp-includes\/media.php *\/\n\t\t<\/style>\n\t\t<div id='gallery-1' class='gallery galleryid-32770 gallery-columns-4 gallery-size-thumbnail'><dl class='gallery-item'>\n\t\t\t<dt class='gallery-icon '>\n\t\t\t\t<a href='http:\/\/www.blogdopilako.com.br\/wp\/wp-content\/uploads\/confraterniza\u00e7\u00e3o-abtv-15-12-12-1.jpg'>confraterniza\u00e7\u00e3o-abtv-15-12-12 (1)<\/a>\n\t\t\t<\/dt><\/dl><dl class='gallery-item'>\n\t\t\t<dt class='gallery-icon '>\n\t\t\t\t<a href='http:\/\/www.blogdopilako.com.br\/wp\/wp-content\/uploads\/confraterniza\u00e7\u00e3o-abtv-15-12-12-16.jpg'>confraterniza\u00e7\u00e3o-abtv-15-12-12 (16)<\/a>\n\t\t\t<\/dt><\/dl><dl class='gallery-item'>\n\t\t\t<dt class='gallery-icon '>\n\t\t\t\t<a href='http:\/\/www.blogdopilako.com.br\/wp\/wp-content\/uploads\/confraterniza\u00e7\u00e3o-abtv-15-12-12-22.jpg'>confraterniza\u00e7\u00e3o-abtv-15-12-12 (22)<\/a>\n\t\t\t<\/dt><\/dl><dl class='gallery-item'>\n\t\t\t<dt class='gallery-icon '>\n\t\t\t\t<a href='http:\/\/www.blogdopilako.com.br\/wp\/wp-content\/uploads\/confraterniza\u00e7\u00e3o-abtv-15-12-12-17.jpg'>confraterniza\u00e7\u00e3o-abtv-15-12-12 (17)<\/a>\n\t\t\t<\/dt><\/dl><br style=\"clear: both\" \/><dl class='gallery-item'>\n\t\t\t<dt class='gallery-icon '>\n\t\t\t\t<a href='http:\/\/www.blogdopilako.com.br\/wp\/wp-content\/uploads\/confraterniza\u00e7\u00e3o-abtv-15-12-12-19.jpg'>confraterniza\u00e7\u00e3o-abtv-15-12-12 (19)<\/a>\n\t\t\t<\/dt><\/dl><dl class='gallery-item'>\n\t\t\t<dt class='gallery-icon '>\n\t\t\t\t<a href='http:\/\/www.blogdopilako.com.br\/wp\/wp-content\/uploads\/confraterniza\u00e7\u00e3o-abtv-15-12-12-21.jpg'>confraterniza\u00e7\u00e3o-abtv-15-12-12 (21)<\/a>\n\t\t\t<\/dt><\/dl><dl class='gallery-item'>\n\t\t\t<dt class='gallery-icon '>\n\t\t\t\t<a href='http:\/\/www.blogdopilako.com.br\/wp\/wp-content\/uploads\/confraterniza\u00e7\u00e3o-abtv-15-12-12-13.jpg'>confraterniza\u00e7\u00e3o-abtv-15-12-12 (13)<\/a>\n\t\t\t<\/dt><\/dl><dl class='gallery-item'>\n\t\t\t<dt class='gallery-icon '>\n\t\t\t\t<a href='http:\/\/www.blogdopilako.com.br\/wp\/wp-content\/uploads\/confraterniza\u00e7\u00e3o-abtv-15-12-12-20.jpg'>confraterniza\u00e7\u00e3o-abtv-15-12-12 (20)<\/a>\n\t\t\t<\/dt><\/dl><br style=\"clear: both\" \/><dl class='gallery-item'>\n\t\t\t<dt class='gallery-icon '>\n\t\t\t\t<a href='http:\/\/www.blogdopilako.com.br\/wp\/wp-content\/uploads\/confraterniza\u00e7\u00e3o-abtv-15-12-12-9.jpg'>confraterniza\u00e7\u00e3o-abtv-15-12-12 (9)<\/a>\n\t\t\t<\/dt><\/dl><dl class='gallery-item'>\n\t\t\t<dt class='gallery-icon '>\n\t\t\t\t<a href='http:\/\/www.blogdopilako.com.br\/wp\/wp-content\/uploads\/confraterniza\u00e7\u00e3o-abtv-15-12-12-7.jpg'>confraterniza\u00e7\u00e3o-abtv-15-12-12 (7)<\/a>\n\t\t\t<\/dt><\/dl><dl class='gallery-item'>\n\t\t\t<dt class='gallery-icon '>\n\t\t\t\t<a href='http:\/\/www.blogdopilako.com.br\/wp\/wp-content\/uploads\/confraterniza\u00e7\u00e3o-abtv-15-12-12-5.jpg'>confraterniza\u00e7\u00e3o-abtv-15-12-12 (5)<\/a>\n\t\t\t<\/dt><\/dl><dl class='gallery-item'>\n\t\t\t<dt class='gallery-icon '>\n\t\t\t\t<a href='http:\/\/www.blogdopilako.com.br\/wp\/wp-content\/uploads\/confraterniza\u00e7\u00e3o-abtv-15-12-12-4.jpg'>confraterniza\u00e7\u00e3o-abtv-15-12-12 (4)<\/a>\n\t\t\t<\/dt><\/dl><br style=\"clear: both\" \/><dl class='gallery-item'>\n\t\t\t<dt class='gallery-icon '>\n\t\t\t\t<a href='http:\/\/www.blogdopilako.com.br\/wp\/wp-content\/uploads\/confraterniza\u00e7\u00e3o-abtv-15-12-12-18.jpg'>confraterniza\u00e7\u00e3o-abtv-15-12-12 (18)<\/a>\n\t\t\t<\/dt><\/dl><dl class='gallery-item'>\n\t\t\t<dt class='gallery-icon '>\n\t\t\t\t<a href='http:\/\/www.blogdopilako.com.br\/wp\/wp-content\/uploads\/confraterniza\u00e7\u00e3o-abtv-15-12-12-11.jpg'>confraterniza\u00e7\u00e3o-abtv-15-12-12 (11)<\/a>\n\t\t\t<\/dt><\/dl><dl class='gallery-item'>\n\t\t\t<dt class='gallery-icon '>\n\t\t\t\t<a href='http:\/\/www.blogdopilako.com.br\/wp\/wp-content\/uploads\/confraterniza\u00e7\u00e3o-abtv-15-12-12-8.jpg'>confraterniza\u00e7\u00e3o-abtv-15-12-12 (8)<\/a>\n\t\t\t<\/dt><\/dl><dl class='gallery-item'>\n\t\t\t<dt class='gallery-icon '>\n\t\t\t\t<a href='http:\/\/www.blogdopilako.com.br\/wp\/wp-content\/uploads\/confraterniza\u00e7\u00e3o-abtv-15-12-12-6.jpg'>confraterniza\u00e7\u00e3o-abtv-15-12-12 (6)<\/a>\n\t\t\t<\/dt><\/dl><br style=\"clear: both\" \/><dl class='gallery-item'>\n\t\t\t<dt class='gallery-icon '>\n\t\t\t\t<a href='http:\/\/www.blogdopilako.com.br\/wp\/wp-content\/uploads\/confraterniza\u00e7\u00e3o-abtv-15-12-12-10.jpg'>confraterniza\u00e7\u00e3o-abtv-15-12-12 (10)<\/a>\n\t\t\t<\/dt><\/dl><dl class='gallery-item'>\n\t\t\t<dt class='gallery-icon '>\n\t\t\t\t<a href='http:\/\/www.blogdopilako.com.br\/wp\/wp-content\/uploads\/confraterniza\u00e7\u00e3o-abtv-15-12-12-23.jpg'>confraterniza\u00e7\u00e3o-abtv-15-12-12 (23)<\/a>\n\t\t\t<\/dt><\/dl><dl class='gallery-item'>\n\t\t\t<dt class='gallery-icon '>\n\t\t\t\t<a href='http:\/\/www.blogdopilako.com.br\/wp\/wp-content\/uploads\/confraterniza\u00e7\u00e3o-abtv-15-12-12-2.jpg'>confraterniza\u00e7\u00e3o-abtv-15-12-12 (2)<\/a>\n\t\t\t<\/dt><\/dl><dl class='gallery-item'>\n\t\t\t<dt class='gallery-icon '>\n\t\t\t\t<a href='http:\/\/www.blogdopilako.com.br\/wp\/wp-content\/uploads\/confraterniza\u00e7\u00e3o-abtv-15-12-12-12.jpg'>confraterniza\u00e7\u00e3o-abtv-15-12-12 (12)<\/a>\n\t\t\t<\/dt><\/dl><br style=\"clear: both\" \/><dl class='gallery-item'>\n\t\t\t<dt class='gallery-icon '>\n\t\t\t\t<a href='http:\/\/www.blogdopilako.com.br\/wp\/wp-content\/uploads\/confraterniza\u00e7\u00e3o-abtv-15-12-12-14.jpg'>confraterniza\u00e7\u00e3o-abtv-15-12-12 (14)<\/a>\n\t\t\t<\/dt><\/dl><dl class='gallery-item'>\n\t\t\t<dt class='gallery-icon '>\n\t\t\t\t<a href='http:\/\/www.blogdopilako.com.br\/wp\/wp-content\/uploads\/confraterniza\u00e7\u00e3o-abtv-15-12-12-3.jpg'>confraterniza\u00e7\u00e3o-abtv-15-12-12 (3)<\/a>\n\t\t\t<\/dt><\/dl><dl class='gallery-item'>\n\t\t\t<dt class='gallery-icon '>\n\t\t\t\t<a href='http:\/\/www.blogdopilako.com.br\/wp\/wp-content\/uploads\/confraterniza\u00e7\u00e3o-abtv-15-12-12-15.jpg'>confraterniza\u00e7\u00e3o-abtv-15-12-12 (15)<\/a>\n\t\t\t<\/dt><\/dl>\n\t\t\t<br style='clear: both' \/>\n\t\t<\/div>\n\n\n\t\t\t\t<div class=\"mr_social_sharing_wrapper\">\n\t\t\t\t<!-- Social Sharing Toolkit v2.2 --><span class=\"mr_social_sharing_top\"><span style=\"display: inline-block; width: 55px; height: 62px; overflow: hidden;\"><div class=\"fb-like\" data-href=\"http:\/\/www.blogdopilako.com.br\/wp\/2012\/12\/17\/confraternizacao-natalina-da-abtv\/\" data-send=\"false\" data-layout=\"box_count\" data-width=\"55\" data-show-faces=\"false\"><\/div><\/span><\/span><span class=\"mr_social_sharing_top\"><fb:share-button type=\"box_count\" href=\"http:\/\/www.blogdopilako.com.br\/wp\/2012\/12\/17\/confraternizacao-natalina-da-abtv\/\"><\/fb:share-button><\/span><span class=\"mr_social_sharing\"><a rel=\"nofollow\" class=\"linksalpha_button linksalpha_link\" href=\"\/\/www.linksalpha.com\/social\/mobile\" data-url=\"http:\/\/www.blogdopilako.com.br\/wp\/2012\/12\/17\/confraternizacao-natalina-da-abtv\/\" data-text=\"Confraterniza\u00e7\u00e3o Natalina da ABTV\" data-desc=\"Em clima de festa e harmonia, aconteceu no s\u00e1bado (15), a \u201creuni\u00e3o\u201d de confraterniza\u00e7\u00e3o dos diretores de blocos carnavalescos vinculados a ABTV (Associa\u00e7\u00e3o dos Blocos de Trios El\u00e9tricos). Na ocasi\u00e3o foram relembrados momentos que marcaram o ano, que hora se finda, como tamb\u00e9m\" data-image=\"http:\/\/www.blogdopilako.com.br\/wp\/wp-content\/uploads\/confraterniza\u00e7\u00e3o-abtv-15-12-12-14.jpg\" data-button=\"none\">\n\t\t\t\t\t<img src=\"\/\/www.linksalpha.com\/images\/social_share_button.png\" alt=\"Share\" class=\"linksalpha_image\" \/>\n\t\t\t\t\t<\/a><script type=\"text\/javascript\" src=\"\/\/www.linksalpha.com\/scripts\/loader_iconbox.js?v=2.4\"><\/script><\/span><\/div>","protected":false},"excerpt":{"rendered":"\n\t\t\t\t<div class=\"mr_social_sharing_wrapper\">\n\t\t\t\t<!-- Social Sharing Toolkit v2.2 --><span class=\"mr_social_sharing_top\"><span style=\"display: inline-block; width: 55px; height: 62px; overflow: hidden;\"><div class=\"fb-like\" data-href=\"http:\/\/www.blogdopilako.com.br\/wp\/2012\/12\/17\/confraternizacao-natalina-da-abtv\/\" data-send=\"false\" data-layout=\"box_count\" data-width=\"55\" data-show-faces=\"false\"><\/div><\/span><\/span><span class=\"mr_social_sharing_top\"><fb:share-button type=\"box_count\" href=\"http:\/\/www.blogdopilako.com.br\/wp\/2012\/12\/17\/confraternizacao-natalina-da-abtv\/\"><\/fb:share-button><\/span><span class=\"mr_social_sharing\"><a rel=\"nofollow\" class=\"linksalpha_button linksalpha_link\" href=\"\/\/www.linksalpha.com\/social\/mobile\" data-url=\"http:\/\/www.blogdopilako.com.br\/wp\/2012\/12\/17\/confraternizacao-natalina-da-abtv\/\" data-text=\"Confraterniza\u00e7\u00e3o Natalina da ABTV\" data-desc=\"Em clima de festa e harmonia, aconteceu no s\u00e1bado (15), a \u201creuni\u00e3o\u201d de confraterniza\u00e7\u00e3o dos diretores de blocos carnavalescos vinculados a ABTV (Associa\u00e7\u00e3o dos Blocos de Trios El\u00e9tricos). Na ocasi\u00e3o foram relembrados momentos que marcaram o ano, que hora se finda, como tamb\u00e9m\" data-image=\"\" data-button=\"none\">\n\t\t\t\t\t<img src=\"\/\/www.linksalpha.com\/images\/social_share_button.png\" alt=\"Share\" class=\"linksalpha_image\" \/>\n\t\t\t\t\t<\/a><script type=\"text\/javascript\" src=\"\/\/www.linksalpha.com\/scripts\/loader_iconbox.js?v=2.4\"><\/script><\/span><\/div><p>Em clima de festa e harmonia, aconteceu no s\u00e1bado (15), a \u201creuni\u00e3o\u201d de confraterniza\u00e7\u00e3o dos diretores de blocos carnavalescos vinculados a ABTV (Associa\u00e7\u00e3o dos Blocos de Trios El\u00e9tricos). Na ocasi\u00e3o foram relembrados momentos que marcaram o ano, que hora se &hellip; <a href=\"http:\/\/www.blogdopilako.com.br\/wp\/2012\/12\/17\/confraternizacao-natalina-da-abtv\/\">Continue lendo <span class=\"meta-nav\">&rarr;<\/span><\/a><\/p>\n\n\t\t\t\t<div class=\"mr_social_sharing_wrapper\">\n\t\t\t\t<!-- Social Sharing Toolkit v2.2 --><span class=\"mr_social_sharing_top\"><span style=\"display: inline-block; width: 55px; height: 62px; overflow: hidden;\"><div class=\"fb-like\" data-href=\"http:\/\/www.blogdopilako.com.br\/wp\/2012\/12\/17\/confraternizacao-natalina-da-abtv\/\" data-send=\"false\" data-layout=\"box_count\" data-width=\"55\" data-show-faces=\"false\"><\/div><\/span><\/span><span class=\"mr_social_sharing_top\"><fb:share-button type=\"box_count\" href=\"http:\/\/www.blogdopilako.com.br\/wp\/2012\/12\/17\/confraternizacao-natalina-da-abtv\/\"><\/fb:share-button><\/span><span class=\"mr_social_sharing\"><a rel=\"nofollow\" class=\"linksalpha_button linksalpha_link\" href=\"\/\/www.linksalpha.com\/social\/mobile\" data-url=\"http:\/\/www.blogdopilako.com.br\/wp\/2012\/12\/17\/confraternizacao-natalina-da-abtv\/\" data-text=\"Confraterniza\u00e7\u00e3o Natalina da ABTV\" data-desc=\"Em clima de festa e harmonia, aconteceu no s\u00e1bado (15), a \u201creuni\u00e3o\u201d de confraterniza\u00e7\u00e3o dos diretores de blocos carnavalescos vinculados a ABTV (Associa\u00e7\u00e3o dos Blocos de Trios El\u00e9tricos). Na ocasi\u00e3o foram relembrados momentos que marcaram o ano, que hora se finda, como tamb\u00e9m\" data-image=\"\" data-button=\"none\">\n\t\t\t\t\t<img src=\"\/\/www.linksalpha.com\/images\/social_share_button.png\" alt=\"Share\" class=\"linksalpha_image\" \/>\n\t\t\t\t\t<\/a><script type=\"text\/javascript\" src=\"\/\/www.linksalpha.com\/scripts\/loader_iconbox.js?v=2.4\"><\/script><\/span><\/div>","protected":false},"author":4,"featured_media":0,"comment_status":"open","ping_status":"open","sticky":false,"template":"","format":"standard","meta":[],"categories":[22],"tags":[],"_links":{"self":[{"href":"http:\/\/www.blogdopilako.com.br\/wp\/wp-json\/wp\/v2\/posts\/32770"}],"collection":[{"href":"http:\/\/www.blogdopilako.com.br\/wp\/wp-json\/wp\/v2\/posts"}],"about":[{"href":"http:\/\/www.blogdopilako.com.br\/wp\/wp-json\/wp\/v2\/types\/post"}],"author":[{"embeddable":true,"href":"http:\/\/www.blogdopilako.com.br\/wp\/wp-json\/wp\/v2\/users\/4"}],"replies":[{"embeddable":true,"href":"http:\/\/www.blogdopilako.com.br\/wp\/wp-json\/wp\/v2\/comments?post=32770"}],"version-history":[{"count":5,"href":"http:\/\/www.blogdopilako.com.br\/wp\/wp-json\/wp\/v2\/posts\/32770\/revisions"}],"predecessor-version":[{"id":32870,"href":"http:\/\/www.blogdopilako.com.br\/wp\/wp-json\/wp\/v2\/posts\/32770\/revisions\/32870"}],"wp:attachment":[{"href":"http:\/\/www.blogdopilako.com.br\/wp\/wp-json\/wp\/v2\/media?parent=32770"}],"wp:term":[{"taxonomy":"category","embeddable":true,"href":"http:\/\/www.blogdopilako.com.br\/wp\/wp-json\/wp\/v2\/categories?post=32770"},{"taxonomy":"post_tag","embeddable":true,"href":"http:\/\/www.blogdopilako.com.br\/wp\/wp-json\/wp\/v2\/tags?post=32770"}],"curies":[{"name":"wp","href":"https:\/\/api.w.org\/{rel}","templated":true}]}}