{"id":31753,"date":"2012-12-03T11:42:44","date_gmt":"2012-12-03T14:42:44","guid":{"rendered":"http:\/\/www.blogdopilako.com.br\/wp\/?p=31753"},"modified":"2012-12-03T13:42:54","modified_gmt":"2012-12-03T16:42:54","slug":"tiro-de-guerra-promove-festa-social","status":"publish","type":"post","link":"http:\/\/www.blogdopilako.com.br\/wp\/2012\/12\/03\/tiro-de-guerra-promove-festa-social\/","title":{"rendered":"Tiro de Guerra promove festa social."},"content":{"rendered":"\n\t\t\t\t<div class=\"mr_social_sharing_wrapper\">\n\t\t\t\t<!-- Social Sharing Toolkit v2.2 --><span class=\"mr_social_sharing_top\"><span style=\"display: inline-block; width: 55px; height: 62px; overflow: hidden;\"><div class=\"fb-like\" data-href=\"http:\/\/www.blogdopilako.com.br\/wp\/2012\/12\/03\/tiro-de-guerra-promove-festa-social\/\" data-send=\"false\" data-layout=\"box_count\" data-width=\"55\" data-show-faces=\"false\"><\/div><\/span><\/span><span class=\"mr_social_sharing_top\"><fb:share-button type=\"box_count\" href=\"http:\/\/www.blogdopilako.com.br\/wp\/2012\/12\/03\/tiro-de-guerra-promove-festa-social\/\"><\/fb:share-button><\/span><span class=\"mr_social_sharing\"><a rel=\"nofollow\" class=\"linksalpha_button linksalpha_link\" href=\"\/\/www.linksalpha.com\/social\/mobile\" data-url=\"http:\/\/www.blogdopilako.com.br\/wp\/2012\/12\/03\/tiro-de-guerra-promove-festa-social\/\" data-text=\"Tiro de Guerra promove festa social.\" data-desc=\"Dentro da programa\u00e7\u00e3o das festividades de encerramento da turma 2012 do Tiro de Guerra - 07-004 \u2013 aconteceu na sexta (30) na \u201ccasa\u201d do Ex\u00e9rcito Brasileiro em nossa cidade, localizado no Alto do Reservat\u00f3rio, o evento social de entregas de diplomas e placas de homenagens. A festa teve\" data-image=\"http:\/\/www.blogdopilako.com.br\/wp\/wp-content\/uploads\/tiro-festa-30-11-12.jpg\" data-button=\"none\">\n\t\t\t\t\t<img src=\"\/\/www.linksalpha.com\/images\/social_share_button.png\" alt=\"Share\" class=\"linksalpha_image\" \/>\n\t\t\t\t\t<\/a><script type=\"text\/javascript\" src=\"\/\/www.linksalpha.com\/scripts\/loader_iconbox.js?v=2.4\"><\/script><\/span><\/div><p style=\"text-align: justify;\"><a href=\"http:\/\/www.blogdopilako.com.br\/wp\/wp-content\/uploads\/tiro-festa-30-11-12.jpg\"><img loading=\"lazy\" class=\"aligncenter size-full wp-image-31780\" title=\"tiro-festa-30-11-12\" src=\"http:\/\/www.blogdopilako.com.br\/wp\/wp-content\/uploads\/tiro-festa-30-11-12.jpg\" alt=\"\" width=\"539\" height=\"402\" \/><\/a><\/p>\n<p style=\"text-align: justify;\">Dentro da programa\u00e7\u00e3o das festividades de encerramento da turma 2012 do Tiro de Guerra &#8211; 07-004 \u2013 aconteceu na sexta (30) na \u201ccasa\u201d do <strong>Ex\u00e9rcito Brasileiro<\/strong> em nossa cidade, localizado no Alto do Reservat\u00f3rio, o evento social de entregas de diplomas e placas de homenagens.<\/p>\n<p style=\"text-align: justify;\"><a href=\"http:\/\/www.blogdopilako.com.br\/wp\/wp-content\/uploads\/tiro-festa-30-11-12-2.jpg\"><img loading=\"lazy\" class=\"aligncenter size-full wp-image-31781\" title=\"tiro-festa-30-11-12--2\" src=\"http:\/\/www.blogdopilako.com.br\/wp\/wp-content\/uploads\/tiro-festa-30-11-12-2.jpg\" alt=\"\" width=\"563\" height=\"421\" \/><\/a><\/p>\n<p style=\"text-align: justify;\">A festa teve in\u00edcio \u00e0s 20h e contou, al\u00e9m de toda tropa, com familiares, amigos e convidados. Na ocasi\u00e3o parabenizamos o atual instrutor do Tiro de Guerra, <strong>S. Tem Soares<\/strong>, pela organiza\u00e7\u00e3o da festa e reencontramos o nosso \u201ceterno\u201d comandante <strong>Major Eudes<\/strong>.<\/p>\n<p style=\"text-align: justify;\"><a href=\"http:\/\/www.blogdopilako.com.br\/wp\/wp-content\/uploads\/tiro-festa-30-11-12-3.jpg\"><img loading=\"lazy\" class=\"aligncenter size-full wp-image-31782\" title=\"tiro-festa-30-11-12--3\" src=\"http:\/\/www.blogdopilako.com.br\/wp\/wp-content\/uploads\/tiro-festa-30-11-12-3.jpg\" alt=\"\" width=\"584\" height=\"386\" \/><\/a><\/p>\n<p style=\"text-align: justify;\">Veja o v\u00eddeo:<\/p>\n<p style=\"text-align: center;\"><object width=\"590\" height=\"332\" classid=\"clsid:d27cdb6e-ae6d-11cf-96b8-444553540000\" codebase=\"http:\/\/download.macromedia.com\/pub\/shockwave\/cabs\/flash\/swflash.cab#version=6,0,40,0\"><param name=\"allowFullScreen\" value=\"true\" \/><param name=\"allowscriptaccess\" value=\"always\" \/><param name=\"src\" value=\"http:\/\/www.youtube.com\/v\/ORtHF0tI2ro?version=3&amp;hl=pt_BR\" \/><param name=\"allowfullscreen\" value=\"true\" \/><embed width=\"590\" height=\"332\" type=\"application\/x-shockwave-flash\" src=\"http:\/\/www.youtube.com\/v\/ORtHF0tI2ro?version=3&amp;hl=pt_BR\" allowFullScreen=\"true\" allowscriptaccess=\"always\" allowfullscreen=\"true\" \/><\/object><\/p>\n\n\t\t\t\t<div class=\"mr_social_sharing_wrapper\">\n\t\t\t\t<!-- Social Sharing Toolkit v2.2 --><span class=\"mr_social_sharing_top\"><span style=\"display: inline-block; width: 55px; height: 62px; overflow: hidden;\"><div class=\"fb-like\" data-href=\"http:\/\/www.blogdopilako.com.br\/wp\/2012\/12\/03\/tiro-de-guerra-promove-festa-social\/\" data-send=\"false\" data-layout=\"box_count\" data-width=\"55\" data-show-faces=\"false\"><\/div><\/span><\/span><span class=\"mr_social_sharing_top\"><fb:share-button type=\"box_count\" href=\"http:\/\/www.blogdopilako.com.br\/wp\/2012\/12\/03\/tiro-de-guerra-promove-festa-social\/\"><\/fb:share-button><\/span><span class=\"mr_social_sharing\"><a rel=\"nofollow\" class=\"linksalpha_button linksalpha_link\" href=\"\/\/www.linksalpha.com\/social\/mobile\" data-url=\"http:\/\/www.blogdopilako.com.br\/wp\/2012\/12\/03\/tiro-de-guerra-promove-festa-social\/\" data-text=\"Tiro de Guerra promove festa social.\" data-desc=\"Dentro da programa\u00e7\u00e3o das festividades de encerramento da turma 2012 do Tiro de Guerra - 07-004 \u2013 aconteceu na sexta (30) na \u201ccasa\u201d do Ex\u00e9rcito Brasileiro em nossa cidade, localizado no Alto do Reservat\u00f3rio, o evento social de entregas de diplomas e placas de homenagens. A festa teve\" data-image=\"http:\/\/www.blogdopilako.com.br\/wp\/wp-content\/uploads\/tiro-festa-30-11-12.jpg\" data-button=\"none\">\n\t\t\t\t\t<img src=\"\/\/www.linksalpha.com\/images\/social_share_button.png\" alt=\"Share\" class=\"linksalpha_image\" \/>\n\t\t\t\t\t<\/a><script type=\"text\/javascript\" src=\"\/\/www.linksalpha.com\/scripts\/loader_iconbox.js?v=2.4\"><\/script><\/span><\/div>","protected":false},"excerpt":{"rendered":"\n\t\t\t\t<div class=\"mr_social_sharing_wrapper\">\n\t\t\t\t<!-- Social Sharing Toolkit v2.2 --><span class=\"mr_social_sharing_top\"><span style=\"display: inline-block; width: 55px; height: 62px; overflow: hidden;\"><div class=\"fb-like\" data-href=\"http:\/\/www.blogdopilako.com.br\/wp\/2012\/12\/03\/tiro-de-guerra-promove-festa-social\/\" data-send=\"false\" data-layout=\"box_count\" data-width=\"55\" data-show-faces=\"false\"><\/div><\/span><\/span><span class=\"mr_social_sharing_top\"><fb:share-button type=\"box_count\" href=\"http:\/\/www.blogdopilako.com.br\/wp\/2012\/12\/03\/tiro-de-guerra-promove-festa-social\/\"><\/fb:share-button><\/span><span class=\"mr_social_sharing\"><a rel=\"nofollow\" class=\"linksalpha_button linksalpha_link\" href=\"\/\/www.linksalpha.com\/social\/mobile\" data-url=\"http:\/\/www.blogdopilako.com.br\/wp\/2012\/12\/03\/tiro-de-guerra-promove-festa-social\/\" data-text=\"Tiro de Guerra promove festa social.\" data-desc=\"Dentro da programa\u00e7\u00e3o das festividades de encerramento da turma 2012 do Tiro de Guerra - 07-004 \u2013 aconteceu na sexta (30) na \u201ccasa\u201d do Ex\u00e9rcito Brasileiro em nossa cidade, localizado no Alto do Reservat\u00f3rio, o evento social de entregas de diplomas e placas de homenagens. A festa teve\" data-image=\"\" data-button=\"none\">\n\t\t\t\t\t<img src=\"\/\/www.linksalpha.com\/images\/social_share_button.png\" alt=\"Share\" class=\"linksalpha_image\" \/>\n\t\t\t\t\t<\/a><script type=\"text\/javascript\" src=\"\/\/www.linksalpha.com\/scripts\/loader_iconbox.js?v=2.4\"><\/script><\/span><\/div><p>Dentro da programa\u00e7\u00e3o das festividades de encerramento da turma 2012 do Tiro de Guerra &#8211; 07-004 \u2013 aconteceu na sexta (30) na \u201ccasa\u201d do Ex\u00e9rcito Brasileiro em nossa cidade, localizado no Alto do Reservat\u00f3rio, o evento social de entregas de &hellip; <a href=\"http:\/\/www.blogdopilako.com.br\/wp\/2012\/12\/03\/tiro-de-guerra-promove-festa-social\/\">Continue lendo <span class=\"meta-nav\">&rarr;<\/span><\/a><\/p>\n\n\t\t\t\t<div class=\"mr_social_sharing_wrapper\">\n\t\t\t\t<!-- Social Sharing Toolkit v2.2 --><span class=\"mr_social_sharing_top\"><span style=\"display: inline-block; width: 55px; height: 62px; overflow: hidden;\"><div class=\"fb-like\" data-href=\"http:\/\/www.blogdopilako.com.br\/wp\/2012\/12\/03\/tiro-de-guerra-promove-festa-social\/\" data-send=\"false\" data-layout=\"box_count\" data-width=\"55\" data-show-faces=\"false\"><\/div><\/span><\/span><span class=\"mr_social_sharing_top\"><fb:share-button type=\"box_count\" href=\"http:\/\/www.blogdopilako.com.br\/wp\/2012\/12\/03\/tiro-de-guerra-promove-festa-social\/\"><\/fb:share-button><\/span><span class=\"mr_social_sharing\"><a rel=\"nofollow\" class=\"linksalpha_button linksalpha_link\" href=\"\/\/www.linksalpha.com\/social\/mobile\" data-url=\"http:\/\/www.blogdopilako.com.br\/wp\/2012\/12\/03\/tiro-de-guerra-promove-festa-social\/\" data-text=\"Tiro de Guerra promove festa social.\" data-desc=\"Dentro da programa\u00e7\u00e3o das festividades de encerramento da turma 2012 do Tiro de Guerra - 07-004 \u2013 aconteceu na sexta (30) na \u201ccasa\u201d do Ex\u00e9rcito Brasileiro em nossa cidade, localizado no Alto do Reservat\u00f3rio, o evento social de entregas de diplomas e placas de homenagens. A festa teve\" data-image=\"\" data-button=\"none\">\n\t\t\t\t\t<img src=\"\/\/www.linksalpha.com\/images\/social_share_button.png\" alt=\"Share\" class=\"linksalpha_image\" \/>\n\t\t\t\t\t<\/a><script type=\"text\/javascript\" src=\"\/\/www.linksalpha.com\/scripts\/loader_iconbox.js?v=2.4\"><\/script><\/span><\/div>","protected":false},"author":4,"featured_media":0,"comment_status":"open","ping_status":"open","sticky":false,"template":"","format":"standard","meta":[],"categories":[22],"tags":[],"_links":{"self":[{"href":"http:\/\/www.blogdopilako.com.br\/wp\/wp-json\/wp\/v2\/posts\/31753"}],"collection":[{"href":"http:\/\/www.blogdopilako.com.br\/wp\/wp-json\/wp\/v2\/posts"}],"about":[{"href":"http:\/\/www.blogdopilako.com.br\/wp\/wp-json\/wp\/v2\/types\/post"}],"author":[{"embeddable":true,"href":"http:\/\/www.blogdopilako.com.br\/wp\/wp-json\/wp\/v2\/users\/4"}],"replies":[{"embeddable":true,"href":"http:\/\/www.blogdopilako.com.br\/wp\/wp-json\/wp\/v2\/comments?post=31753"}],"version-history":[{"count":6,"href":"http:\/\/www.blogdopilako.com.br\/wp\/wp-json\/wp\/v2\/posts\/31753\/revisions"}],"predecessor-version":[{"id":31799,"href":"http:\/\/www.blogdopilako.com.br\/wp\/wp-json\/wp\/v2\/posts\/31753\/revisions\/31799"}],"wp:attachment":[{"href":"http:\/\/www.blogdopilako.com.br\/wp\/wp-json\/wp\/v2\/media?parent=31753"}],"wp:term":[{"taxonomy":"category","embeddable":true,"href":"http:\/\/www.blogdopilako.com.br\/wp\/wp-json\/wp\/v2\/categories?post=31753"},{"taxonomy":"post_tag","embeddable":true,"href":"http:\/\/www.blogdopilako.com.br\/wp\/wp-json\/wp\/v2\/tags?post=31753"}],"curies":[{"name":"wp","href":"https:\/\/api.w.org\/{rel}","templated":true}]}}