{"id":30468,"date":"2012-11-14T14:15:08","date_gmt":"2012-11-14T17:15:08","guid":{"rendered":"http:\/\/www.blogdopilako.com.br\/wp\/?p=30468"},"modified":"2012-11-14T11:43:57","modified_gmt":"2012-11-14T14:43:57","slug":"mais-porcos-nas-ruas","status":"publish","type":"post","link":"http:\/\/www.blogdopilako.com.br\/wp\/2012\/11\/14\/mais-porcos-nas-ruas\/","title":{"rendered":"Mais porcos nas ruas"},"content":{"rendered":"\n\t\t\t\t<div class=\"mr_social_sharing_wrapper\">\n\t\t\t\t<!-- Social Sharing Toolkit v2.2 --><span class=\"mr_social_sharing_top\"><span style=\"display: inline-block; width: 55px; height: 62px; overflow: hidden;\"><div class=\"fb-like\" data-href=\"http:\/\/www.blogdopilako.com.br\/wp\/2012\/11\/14\/mais-porcos-nas-ruas\/\" data-send=\"false\" data-layout=\"box_count\" data-width=\"55\" data-show-faces=\"false\"><\/div><\/span><\/span><span class=\"mr_social_sharing_top\"><fb:share-button type=\"box_count\" href=\"http:\/\/www.blogdopilako.com.br\/wp\/2012\/11\/14\/mais-porcos-nas-ruas\/\"><\/fb:share-button><\/span><span class=\"mr_social_sharing\"><a rel=\"nofollow\" class=\"linksalpha_button linksalpha_link\" href=\"\/\/www.linksalpha.com\/social\/mobile\" data-url=\"http:\/\/www.blogdopilako.com.br\/wp\/2012\/11\/14\/mais-porcos-nas-ruas\/\" data-text=\"Mais porcos nas ruas\" data-desc=\"Na tarde de ontem (13) nossas lentes flagraram na Rua Manoel Borba uma porca circulando livremente. Em praticamente todos os bairros da cidade, sem maiores dificuldades, encontramos bichos nas ruas. Segundo coment\u00e1rios \u00e9 o senhor Beto Lira, o respons\u00e1vel na prefeitura pelos servi\u00e7os de\" data-image=\"http:\/\/www.blogdopilako.com.br\/wp\/wp-content\/uploads\/porco222.jpg\" data-button=\"none\">\n\t\t\t\t\t<img src=\"\/\/www.linksalpha.com\/images\/social_share_button.png\" alt=\"Share\" class=\"linksalpha_image\" \/>\n\t\t\t\t\t<\/a><script type=\"text\/javascript\" src=\"\/\/www.linksalpha.com\/scripts\/loader_iconbox.js?v=2.4\"><\/script><\/span><\/div><p style=\"text-align: justify;\"><a href=\"http:\/\/www.blogdopilako.com.br\/wp\/wp-content\/uploads\/porco222.jpg\"><img loading=\"lazy\" class=\"aligncenter size-full wp-image-30481\" title=\"porco222\" src=\"http:\/\/www.blogdopilako.com.br\/wp\/wp-content\/uploads\/porco222.jpg\" alt=\"\" width=\"579\" height=\"414\" \/><\/a><\/p>\n<p style=\"text-align: justify;\">Na tarde de ontem (13) nossas lentes flagraram na <strong>Rua Manoel Borba<\/strong> uma <strong>porca<\/strong> circulando livremente. Em praticamente todos os bairros da cidade, sem maiores dificuldades, encontramos bichos nas ruas.<\/p>\n<p style=\"text-align: justify;\">Segundo coment\u00e1rios \u00e9 o senhor Beto Lira, o respons\u00e1vel na prefeitura pelos servi\u00e7os de fiscaliza\u00e7\u00e3o e recolhimentos dos animais nas vias p\u00fablicas, sendo assim, mais uma vez cobramos provid\u00eancias, pois os bichos, h\u00e1 cada dia que passa, est\u00e3o infernizando mais a vida das pessoas. Tudo isso \u00e9 lament\u00e1vel.<\/p>\n\n\t\t\t\t<div class=\"mr_social_sharing_wrapper\">\n\t\t\t\t<!-- Social Sharing Toolkit v2.2 --><span class=\"mr_social_sharing_top\"><span style=\"display: inline-block; width: 55px; height: 62px; overflow: hidden;\"><div class=\"fb-like\" data-href=\"http:\/\/www.blogdopilako.com.br\/wp\/2012\/11\/14\/mais-porcos-nas-ruas\/\" data-send=\"false\" data-layout=\"box_count\" data-width=\"55\" data-show-faces=\"false\"><\/div><\/span><\/span><span class=\"mr_social_sharing_top\"><fb:share-button type=\"box_count\" href=\"http:\/\/www.blogdopilako.com.br\/wp\/2012\/11\/14\/mais-porcos-nas-ruas\/\"><\/fb:share-button><\/span><span class=\"mr_social_sharing\"><a rel=\"nofollow\" class=\"linksalpha_button linksalpha_link\" href=\"\/\/www.linksalpha.com\/social\/mobile\" data-url=\"http:\/\/www.blogdopilako.com.br\/wp\/2012\/11\/14\/mais-porcos-nas-ruas\/\" data-text=\"Mais porcos nas ruas\" data-desc=\"Na tarde de ontem (13) nossas lentes flagraram na Rua Manoel Borba uma porca circulando livremente. Em praticamente todos os bairros da cidade, sem maiores dificuldades, encontramos bichos nas ruas. Segundo coment\u00e1rios \u00e9 o senhor Beto Lira, o respons\u00e1vel na prefeitura pelos servi\u00e7os de\" data-image=\"http:\/\/www.blogdopilako.com.br\/wp\/wp-content\/uploads\/porco222.jpg\" data-button=\"none\">\n\t\t\t\t\t<img src=\"\/\/www.linksalpha.com\/images\/social_share_button.png\" alt=\"Share\" class=\"linksalpha_image\" \/>\n\t\t\t\t\t<\/a><script type=\"text\/javascript\" src=\"\/\/www.linksalpha.com\/scripts\/loader_iconbox.js?v=2.4\"><\/script><\/span><\/div>","protected":false},"excerpt":{"rendered":"\n\t\t\t\t<div class=\"mr_social_sharing_wrapper\">\n\t\t\t\t<!-- Social Sharing Toolkit v2.2 --><span class=\"mr_social_sharing_top\"><span style=\"display: inline-block; width: 55px; height: 62px; overflow: hidden;\"><div class=\"fb-like\" data-href=\"http:\/\/www.blogdopilako.com.br\/wp\/2012\/11\/14\/mais-porcos-nas-ruas\/\" data-send=\"false\" data-layout=\"box_count\" data-width=\"55\" data-show-faces=\"false\"><\/div><\/span><\/span><span class=\"mr_social_sharing_top\"><fb:share-button type=\"box_count\" href=\"http:\/\/www.blogdopilako.com.br\/wp\/2012\/11\/14\/mais-porcos-nas-ruas\/\"><\/fb:share-button><\/span><span class=\"mr_social_sharing\"><a rel=\"nofollow\" class=\"linksalpha_button linksalpha_link\" href=\"\/\/www.linksalpha.com\/social\/mobile\" data-url=\"http:\/\/www.blogdopilako.com.br\/wp\/2012\/11\/14\/mais-porcos-nas-ruas\/\" data-text=\"Mais porcos nas ruas\" data-desc=\"Na tarde de ontem (13) nossas lentes flagraram na Rua Manoel Borba uma porca circulando livremente. Em praticamente todos os bairros da cidade, sem maiores dificuldades, encontramos bichos nas ruas. Segundo coment\u00e1rios \u00e9 o senhor Beto Lira, o respons\u00e1vel na prefeitura pelos servi\u00e7os de\" data-image=\"\" data-button=\"none\">\n\t\t\t\t\t<img src=\"\/\/www.linksalpha.com\/images\/social_share_button.png\" alt=\"Share\" class=\"linksalpha_image\" \/>\n\t\t\t\t\t<\/a><script type=\"text\/javascript\" src=\"\/\/www.linksalpha.com\/scripts\/loader_iconbox.js?v=2.4\"><\/script><\/span><\/div><p>Na tarde de ontem (13) nossas lentes flagraram na Rua Manoel Borba uma porca circulando livremente. Em praticamente todos os bairros da cidade, sem maiores dificuldades, encontramos bichos nas ruas. Segundo coment\u00e1rios \u00e9 o senhor Beto Lira, o respons\u00e1vel na &hellip; <a href=\"http:\/\/www.blogdopilako.com.br\/wp\/2012\/11\/14\/mais-porcos-nas-ruas\/\">Continue lendo <span class=\"meta-nav\">&rarr;<\/span><\/a><\/p>\n\n\t\t\t\t<div class=\"mr_social_sharing_wrapper\">\n\t\t\t\t<!-- Social Sharing Toolkit v2.2 --><span class=\"mr_social_sharing_top\"><span style=\"display: inline-block; width: 55px; height: 62px; overflow: hidden;\"><div class=\"fb-like\" data-href=\"http:\/\/www.blogdopilako.com.br\/wp\/2012\/11\/14\/mais-porcos-nas-ruas\/\" data-send=\"false\" data-layout=\"box_count\" data-width=\"55\" data-show-faces=\"false\"><\/div><\/span><\/span><span class=\"mr_social_sharing_top\"><fb:share-button type=\"box_count\" href=\"http:\/\/www.blogdopilako.com.br\/wp\/2012\/11\/14\/mais-porcos-nas-ruas\/\"><\/fb:share-button><\/span><span class=\"mr_social_sharing\"><a rel=\"nofollow\" class=\"linksalpha_button linksalpha_link\" href=\"\/\/www.linksalpha.com\/social\/mobile\" data-url=\"http:\/\/www.blogdopilako.com.br\/wp\/2012\/11\/14\/mais-porcos-nas-ruas\/\" data-text=\"Mais porcos nas ruas\" data-desc=\"Na tarde de ontem (13) nossas lentes flagraram na Rua Manoel Borba uma porca circulando livremente. Em praticamente todos os bairros da cidade, sem maiores dificuldades, encontramos bichos nas ruas. Segundo coment\u00e1rios \u00e9 o senhor Beto Lira, o respons\u00e1vel na prefeitura pelos servi\u00e7os de\" data-image=\"\" data-button=\"none\">\n\t\t\t\t\t<img src=\"\/\/www.linksalpha.com\/images\/social_share_button.png\" alt=\"Share\" class=\"linksalpha_image\" \/>\n\t\t\t\t\t<\/a><script type=\"text\/javascript\" src=\"\/\/www.linksalpha.com\/scripts\/loader_iconbox.js?v=2.4\"><\/script><\/span><\/div>","protected":false},"author":4,"featured_media":0,"comment_status":"open","ping_status":"open","sticky":false,"template":"","format":"standard","meta":[],"categories":[21,22],"tags":[],"_links":{"self":[{"href":"http:\/\/www.blogdopilako.com.br\/wp\/wp-json\/wp\/v2\/posts\/30468"}],"collection":[{"href":"http:\/\/www.blogdopilako.com.br\/wp\/wp-json\/wp\/v2\/posts"}],"about":[{"href":"http:\/\/www.blogdopilako.com.br\/wp\/wp-json\/wp\/v2\/types\/post"}],"author":[{"embeddable":true,"href":"http:\/\/www.blogdopilako.com.br\/wp\/wp-json\/wp\/v2\/users\/4"}],"replies":[{"embeddable":true,"href":"http:\/\/www.blogdopilako.com.br\/wp\/wp-json\/wp\/v2\/comments?post=30468"}],"version-history":[{"count":7,"href":"http:\/\/www.blogdopilako.com.br\/wp\/wp-json\/wp\/v2\/posts\/30468\/revisions"}],"predecessor-version":[{"id":30483,"href":"http:\/\/www.blogdopilako.com.br\/wp\/wp-json\/wp\/v2\/posts\/30468\/revisions\/30483"}],"wp:attachment":[{"href":"http:\/\/www.blogdopilako.com.br\/wp\/wp-json\/wp\/v2\/media?parent=30468"}],"wp:term":[{"taxonomy":"category","embeddable":true,"href":"http:\/\/www.blogdopilako.com.br\/wp\/wp-json\/wp\/v2\/categories?post=30468"},{"taxonomy":"post_tag","embeddable":true,"href":"http:\/\/www.blogdopilako.com.br\/wp\/wp-json\/wp\/v2\/tags?post=30468"}],"curies":[{"name":"wp","href":"https:\/\/api.w.org\/{rel}","templated":true}]}}