{"id":29192,"date":"2012-10-25T16:09:48","date_gmt":"2012-10-25T19:09:48","guid":{"rendered":"http:\/\/www.blogdopilako.com.br\/wp\/?p=29192"},"modified":"2012-10-25T16:19:03","modified_gmt":"2012-10-25T19:19:03","slug":"a-nossa-historia-esta-definhado-junto-com-os-animais","status":"publish","type":"post","link":"http:\/\/www.blogdopilako.com.br\/wp\/2012\/10\/25\/a-nossa-historia-esta-definhado-junto-com-os-animais\/","title":{"rendered":"A nossa hist\u00f3ria est\u00e1 definhado junto com os animais&#8230;"},"content":{"rendered":"\n\t\t\t\t<div class=\"mr_social_sharing_wrapper\">\n\t\t\t\t<!-- Social Sharing Toolkit v2.2 --><span class=\"mr_social_sharing_top\"><span style=\"display: inline-block; width: 55px; height: 62px; overflow: hidden;\"><div class=\"fb-like\" data-href=\"http:\/\/www.blogdopilako.com.br\/wp\/2012\/10\/25\/a-nossa-historia-esta-definhado-junto-com-os-animais\/\" data-send=\"false\" data-layout=\"box_count\" data-width=\"55\" data-show-faces=\"false\"><\/div><\/span><\/span><span class=\"mr_social_sharing_top\"><fb:share-button type=\"box_count\" href=\"http:\/\/www.blogdopilako.com.br\/wp\/2012\/10\/25\/a-nossa-historia-esta-definhado-junto-com-os-animais\/\"><\/fb:share-button><\/span><span class=\"mr_social_sharing\"><a rel=\"nofollow\" class=\"linksalpha_button linksalpha_link\" href=\"\/\/www.linksalpha.com\/social\/mobile\" data-url=\"http:\/\/www.blogdopilako.com.br\/wp\/2012\/10\/25\/a-nossa-historia-esta-definhado-junto-com-os-animais\/\" data-text=\"A nossa hist\u00f3ria est\u00e1 definhado junto com os animais\u2026\" data-desc=\"CLIQUE PARA AMPLIAR - Di\u00e1rio de Pernambuco - de hoje, 25 de Outubro de 2012. Ao ler a mat\u00e9ria (clique na imagem acima para ler)\u00a0no jornal Di\u00e1rio de Pernambuco de hoje (25) que versa sobre a humilhante situa\u00e7\u00e3o em que se encontra mais um, entre tantos, PATRIM\u00d4NIOS DA CIDADE, senti pena de\" data-image=\"http:\/\/www.blogdopilako.com.br\/wp\/wp-content\/uploads\/diario.jpg\" data-button=\"none\">\n\t\t\t\t\t<img src=\"\/\/www.linksalpha.com\/images\/social_share_button.png\" alt=\"Share\" class=\"linksalpha_image\" \/>\n\t\t\t\t\t<\/a><script type=\"text\/javascript\" src=\"\/\/www.linksalpha.com\/scripts\/loader_iconbox.js?v=2.4\"><\/script><\/span><\/div><div id=\"attachment_29196\" style=\"width: 231px\" class=\"wp-caption aligncenter\"><a href=\"http:\/\/www.blogdopilako.com.br\/wp\/wp-content\/uploads\/diario.jpg\"><img aria-describedby=\"caption-attachment-29196\" loading=\"lazy\" class=\" wp-image-29196 \" title=\"diario\" src=\"http:\/\/www.blogdopilako.com.br\/wp\/wp-content\/uploads\/diario.jpg\" alt=\"\" width=\"221\" height=\"634\" \/><\/a><p id=\"caption-attachment-29196\" class=\"wp-caption-text\">CLIQUE PARA AMPLIAR &#8211; Di\u00e1rio de Pernambuco &#8211; de hoje, 25 de Outubro de 2012.<\/p><\/div>\n<p style=\"text-align: justify;\">Ao ler a mat\u00e9ria <em>(clique na imagem acima para ler)<\/em>\u00a0no jornal <strong>Di\u00e1rio de Pernambuco <\/strong>de hoje (25) que versa sobre a humilhante situa\u00e7\u00e3o em que se encontra mais um, entre tantos, PATRIM\u00d4NIOS DA CIDADE, senti pena de nossa terra. A promotoria da comarca da nossa Vit\u00f3ria abriu mais dez dias de prazo para o Prefeito cumprir a Lei, coisa ali\u00e1s, que n\u00e3o vem cumprindo como deveria.<\/p>\n<div id=\"attachment_16680\" style=\"width: 153px\" class=\"wp-caption alignright\"><img aria-describedby=\"caption-attachment-16680\" loading=\"lazy\" class=\"size-full wp-image-16680 \" title=\"barbosa-prefeitura\" src=\"http:\/\/www.blogdopilako.com.br\/wp\/wp-content\/uploads\/barbosa-prefeitura.jpg\" alt=\"\" width=\"143\" height=\"162\" \/><p id=\"caption-attachment-16680\" class=\"wp-caption-text\">Barbosa &#8211; Secret\u00e1rio de Planejamento de Vit\u00f3ria &#8211; Foto: Portal da Prefeitura de Vit\u00f3ria<\/p><\/div>\n<p style=\"text-align: justify;\">Muito bem, n\u00e3o conservar os Patrim\u00f4nios arquitet\u00f4nicos da cidade, foi e \u00e9, uma pr\u00e1tica corriqueira desses dois grupos que se alternam no poder, o <strong>Parque Melo Ver\u00e7osa<\/strong> \u00e9 apenas a ponta do ICEBERG que a promotoria atuou com mais rapidez, face urg\u00eancia, no risco de morte que, correm os animais principalmente o <strong>URSO<\/strong> e o <strong>LE\u00c3O<\/strong>.<\/p>\n<div style=\"width: 155px\" class=\"wp-caption alignleft\"><img loading=\"lazy\" src=\"http:\/\/www.blogdopilako.com.br\/wp\/wp-content\/uploads\/TFR8FB9.tmp_.jpg\" alt=\"\" width=\"145\" height=\"180\" \/><p class=\"wp-caption-text\">Severino Roberto \u2013 Secret\u00e1rio Meio Ambiente \u2013 Foto: Portal da Prefeitura<\/p><\/div>\n<p style=\"text-align: justify;\">O curioso disso tudo \u00e9 que ao longo da Gest\u00e3o (quase 4 anos) o Prefeito, representado pelo Secret\u00e1rio <strong>Barbosa<\/strong>, n\u00e3o deu nenhuma condi\u00e7\u00e3o, ou quase nenhuma, ao Secret\u00e1rio do Meio Ambiente, <strong>Severino Roberto<\/strong> pessoa aparentemente bem intencionada, \u00a0para desenvolver qualquer trabalho de qualifica\u00e7\u00e3o no referido Parque, quer seja, no trato dos animais e at\u00e9 na pr\u00f3pria infraestrutura do Zool\u00f3gico, para agora expor o rapaz em uma situa\u00e7\u00e3o vexat\u00f3ria na imprensa nacional.<\/p>\n<p style=\"text-align: justify;\"><span style=\"color: #0000ff;\">Pois bem, <strong>se em quase quatro anos a gest\u00e3o<\/strong> do Governo de Todos, muito mal alimentou os animais, haja vista a situa\u00e7\u00e3o que se encontra o Le\u00e3o, como \u00e9 que agora poderia em 90 dias resolver tudo?<\/span><\/p>\n<p style=\"text-align: justify;\">Nossa cidade, detentora de um rico patrim\u00f4nio mat\u00e9ria e imaterial, onde possu\u00edmos acontecimentos que comprovam a bravura da sua gente, como tamb\u00e9m, respeito ao esp\u00edrito c\u00edvico com os seus antepassados, acredito, est\u00e1 vivendo a pior fase nos seus quase <strong>400 anos<\/strong>, quanto ao cuidados com a sua hist\u00f3ria.<\/p>\n<p style=\"text-align: justify;\">Apenas como exemplo: <span style=\"color: #0000ff;\"><strong>O sobradinho da Imperial est\u00e1 \u201ccai mais n\u00e3o cai\u201d, o Mercado de Farinha um \u201ccanga\u00e7o\u201d, o A\u00e7ougue da carne esquecido, o Monte da Tabocas destru\u00eddo, a Esta\u00e7\u00e3o Ferrovi\u00e1ria sucateada<\/strong><\/span> e etc. O prefeito Elias Lira fica numa situa\u00e7\u00e3o que realmente n\u00e3o tem \u201ccredibilidade\u201d, perante ao <strong>MPPE<\/strong>, de se comprometer com nada.<\/p>\n<p><img class=\"aligncenter\" src=\"http:\/\/www.blogdopilako.com.br\/wp\/wp-content\/uploads\/mercado-de-farinha.jpg\" alt=\"\" \/><\/p>\n\n\t\t\t\t<div class=\"mr_social_sharing_wrapper\">\n\t\t\t\t<!-- Social Sharing Toolkit v2.2 --><span class=\"mr_social_sharing_top\"><span style=\"display: inline-block; width: 55px; height: 62px; overflow: hidden;\"><div class=\"fb-like\" data-href=\"http:\/\/www.blogdopilako.com.br\/wp\/2012\/10\/25\/a-nossa-historia-esta-definhado-junto-com-os-animais\/\" data-send=\"false\" data-layout=\"box_count\" data-width=\"55\" data-show-faces=\"false\"><\/div><\/span><\/span><span class=\"mr_social_sharing_top\"><fb:share-button type=\"box_count\" href=\"http:\/\/www.blogdopilako.com.br\/wp\/2012\/10\/25\/a-nossa-historia-esta-definhado-junto-com-os-animais\/\"><\/fb:share-button><\/span><span class=\"mr_social_sharing\"><a rel=\"nofollow\" class=\"linksalpha_button linksalpha_link\" href=\"\/\/www.linksalpha.com\/social\/mobile\" data-url=\"http:\/\/www.blogdopilako.com.br\/wp\/2012\/10\/25\/a-nossa-historia-esta-definhado-junto-com-os-animais\/\" data-text=\"A nossa hist\u00f3ria est\u00e1 definhado junto com os animais\u2026\" data-desc=\"CLIQUE PARA AMPLIAR - Di\u00e1rio de Pernambuco - de hoje, 25 de Outubro de 2012. Ao ler a mat\u00e9ria (clique na imagem acima para ler)\u00a0no jornal Di\u00e1rio de Pernambuco de hoje (25) que versa sobre a humilhante situa\u00e7\u00e3o em que se encontra mais um, entre tantos, PATRIM\u00d4NIOS DA CIDADE, senti pena de\" data-image=\"http:\/\/www.blogdopilako.com.br\/wp\/wp-content\/uploads\/diario.jpg\" data-button=\"none\">\n\t\t\t\t\t<img src=\"\/\/www.linksalpha.com\/images\/social_share_button.png\" alt=\"Share\" class=\"linksalpha_image\" \/>\n\t\t\t\t\t<\/a><script type=\"text\/javascript\" src=\"\/\/www.linksalpha.com\/scripts\/loader_iconbox.js?v=2.4\"><\/script><\/span><\/div>","protected":false},"excerpt":{"rendered":"\n\t\t\t\t<div class=\"mr_social_sharing_wrapper\">\n\t\t\t\t<!-- Social Sharing Toolkit v2.2 --><span class=\"mr_social_sharing_top\"><span style=\"display: inline-block; width: 55px; height: 62px; overflow: hidden;\"><div class=\"fb-like\" data-href=\"http:\/\/www.blogdopilako.com.br\/wp\/2012\/10\/25\/a-nossa-historia-esta-definhado-junto-com-os-animais\/\" data-send=\"false\" data-layout=\"box_count\" data-width=\"55\" data-show-faces=\"false\"><\/div><\/span><\/span><span class=\"mr_social_sharing_top\"><fb:share-button type=\"box_count\" href=\"http:\/\/www.blogdopilako.com.br\/wp\/2012\/10\/25\/a-nossa-historia-esta-definhado-junto-com-os-animais\/\"><\/fb:share-button><\/span><span class=\"mr_social_sharing\"><a rel=\"nofollow\" class=\"linksalpha_button linksalpha_link\" href=\"\/\/www.linksalpha.com\/social\/mobile\" data-url=\"http:\/\/www.blogdopilako.com.br\/wp\/2012\/10\/25\/a-nossa-historia-esta-definhado-junto-com-os-animais\/\" data-text=\"A nossa hist\u00f3ria est\u00e1 definhado junto com os animais\u2026\" data-desc=\"CLIQUE PARA AMPLIAR - Di\u00e1rio de Pernambuco - de hoje, 25 de Outubro de 2012. Ao ler a mat\u00e9ria (clique na imagem acima para ler)\u00a0no jornal Di\u00e1rio de Pernambuco de hoje (25) que versa sobre a humilhante situa\u00e7\u00e3o em que se encontra mais um, entre tantos, PATRIM\u00d4NIOS DA CIDADE, senti pena de\" data-image=\"\" data-button=\"none\">\n\t\t\t\t\t<img src=\"\/\/www.linksalpha.com\/images\/social_share_button.png\" alt=\"Share\" class=\"linksalpha_image\" \/>\n\t\t\t\t\t<\/a><script type=\"text\/javascript\" src=\"\/\/www.linksalpha.com\/scripts\/loader_iconbox.js?v=2.4\"><\/script><\/span><\/div><p>Ao ler a mat\u00e9ria (clique na imagem acima para ler)\u00a0no jornal Di\u00e1rio de Pernambuco de hoje (25) que versa sobre a humilhante situa\u00e7\u00e3o em que se encontra mais um, entre tantos, PATRIM\u00d4NIOS DA CIDADE, senti pena de nossa terra. A &hellip; <a href=\"http:\/\/www.blogdopilako.com.br\/wp\/2012\/10\/25\/a-nossa-historia-esta-definhado-junto-com-os-animais\/\">Continue lendo <span class=\"meta-nav\">&rarr;<\/span><\/a><\/p>\n\n\t\t\t\t<div class=\"mr_social_sharing_wrapper\">\n\t\t\t\t<!-- Social Sharing Toolkit v2.2 --><span class=\"mr_social_sharing_top\"><span style=\"display: inline-block; width: 55px; height: 62px; overflow: hidden;\"><div class=\"fb-like\" data-href=\"http:\/\/www.blogdopilako.com.br\/wp\/2012\/10\/25\/a-nossa-historia-esta-definhado-junto-com-os-animais\/\" data-send=\"false\" data-layout=\"box_count\" data-width=\"55\" data-show-faces=\"false\"><\/div><\/span><\/span><span class=\"mr_social_sharing_top\"><fb:share-button type=\"box_count\" href=\"http:\/\/www.blogdopilako.com.br\/wp\/2012\/10\/25\/a-nossa-historia-esta-definhado-junto-com-os-animais\/\"><\/fb:share-button><\/span><span class=\"mr_social_sharing\"><a rel=\"nofollow\" class=\"linksalpha_button linksalpha_link\" href=\"\/\/www.linksalpha.com\/social\/mobile\" data-url=\"http:\/\/www.blogdopilako.com.br\/wp\/2012\/10\/25\/a-nossa-historia-esta-definhado-junto-com-os-animais\/\" data-text=\"A nossa hist\u00f3ria est\u00e1 definhado junto com os animais\u2026\" data-desc=\"CLIQUE PARA AMPLIAR - Di\u00e1rio de Pernambuco - de hoje, 25 de Outubro de 2012. Ao ler a mat\u00e9ria (clique na imagem acima para ler)\u00a0no jornal Di\u00e1rio de Pernambuco de hoje (25) que versa sobre a humilhante situa\u00e7\u00e3o em que se encontra mais um, entre tantos, PATRIM\u00d4NIOS DA CIDADE, senti pena de\" data-image=\"\" data-button=\"none\">\n\t\t\t\t\t<img src=\"\/\/www.linksalpha.com\/images\/social_share_button.png\" alt=\"Share\" class=\"linksalpha_image\" \/>\n\t\t\t\t\t<\/a><script type=\"text\/javascript\" src=\"\/\/www.linksalpha.com\/scripts\/loader_iconbox.js?v=2.4\"><\/script><\/span><\/div>","protected":false},"author":4,"featured_media":0,"comment_status":"open","ping_status":"open","sticky":false,"template":"","format":"standard","meta":[],"categories":[21,22],"tags":[],"_links":{"self":[{"href":"http:\/\/www.blogdopilako.com.br\/wp\/wp-json\/wp\/v2\/posts\/29192"}],"collection":[{"href":"http:\/\/www.blogdopilako.com.br\/wp\/wp-json\/wp\/v2\/posts"}],"about":[{"href":"http:\/\/www.blogdopilako.com.br\/wp\/wp-json\/wp\/v2\/types\/post"}],"author":[{"embeddable":true,"href":"http:\/\/www.blogdopilako.com.br\/wp\/wp-json\/wp\/v2\/users\/4"}],"replies":[{"embeddable":true,"href":"http:\/\/www.blogdopilako.com.br\/wp\/wp-json\/wp\/v2\/comments?post=29192"}],"version-history":[{"count":9,"href":"http:\/\/www.blogdopilako.com.br\/wp\/wp-json\/wp\/v2\/posts\/29192\/revisions"}],"predecessor-version":[{"id":29198,"href":"http:\/\/www.blogdopilako.com.br\/wp\/wp-json\/wp\/v2\/posts\/29192\/revisions\/29198"}],"wp:attachment":[{"href":"http:\/\/www.blogdopilako.com.br\/wp\/wp-json\/wp\/v2\/media?parent=29192"}],"wp:term":[{"taxonomy":"category","embeddable":true,"href":"http:\/\/www.blogdopilako.com.br\/wp\/wp-json\/wp\/v2\/categories?post=29192"},{"taxonomy":"post_tag","embeddable":true,"href":"http:\/\/www.blogdopilako.com.br\/wp\/wp-json\/wp\/v2\/tags?post=29192"}],"curies":[{"name":"wp","href":"https:\/\/api.w.org\/{rel}","templated":true}]}}