{"id":28289,"date":"2012-10-09T15:20:43","date_gmt":"2012-10-09T18:20:43","guid":{"rendered":"http:\/\/www.blogdopilako.com.br\/wp\/?p=28289"},"modified":"2012-10-09T11:12:12","modified_gmt":"2012-10-09T14:12:12","slug":"internauta-faz-comentario","status":"publish","type":"post","link":"http:\/\/www.blogdopilako.com.br\/wp\/2012\/10\/09\/internauta-faz-comentario\/","title":{"rendered":"Internauta faz coment\u00e1rio"},"content":{"rendered":"\n\t\t\t\t<div class=\"mr_social_sharing_wrapper\">\n\t\t\t\t<!-- Social Sharing Toolkit v2.2 --><span class=\"mr_social_sharing_top\"><span style=\"display: inline-block; width: 55px; height: 62px; overflow: hidden;\"><div class=\"fb-like\" data-href=\"http:\/\/www.blogdopilako.com.br\/wp\/2012\/10\/09\/internauta-faz-comentario\/\" data-send=\"false\" data-layout=\"box_count\" data-width=\"55\" data-show-faces=\"false\"><\/div><\/span><\/span><span class=\"mr_social_sharing_top\"><fb:share-button type=\"box_count\" href=\"http:\/\/www.blogdopilako.com.br\/wp\/2012\/10\/09\/internauta-faz-comentario\/\"><\/fb:share-button><\/span><span class=\"mr_social_sharing\"><a rel=\"nofollow\" class=\"linksalpha_button linksalpha_link\" href=\"\/\/www.linksalpha.com\/social\/mobile\" data-url=\"http:\/\/www.blogdopilako.com.br\/wp\/2012\/10\/09\/internauta-faz-comentario\/\" data-text=\"Internauta faz coment\u00e1rio\" data-desc=\"Chega a ser surreal. Custo a acreditar no que vejo. Olho e penso\u2026 ser\u00e1 que \u00e9 isso mesmo que estou vendo? A vontade que d\u00e1 \u00e9 de levantar 4 paredes da noite para o dia, em pleno estacionamento (finada pra\u00e7a) Duque de Caxias e fazer l\u00e1 meu com\u00e9rcio. De tudo, o pior \u00e9 que n\u00e3o vejo\" data-image=\"\" data-button=\"none\">\n\t\t\t\t\t<img src=\"\/\/www.linksalpha.com\/images\/social_share_button.png\" alt=\"Share\" class=\"linksalpha_image\" \/>\n\t\t\t\t\t<\/a><script type=\"text\/javascript\" src=\"\/\/www.linksalpha.com\/scripts\/loader_iconbox.js?v=2.4\"><\/script><\/span><\/div><blockquote>\n<p style=\"text-align: justify;\">Chega a ser surreal.<br \/>\nCusto a acreditar no que vejo.<br \/>\nOlho e penso\u2026 ser\u00e1 que \u00e9 isso mesmo que estou vendo?<\/p>\n<p style=\"text-align: justify;\">A vontade que d\u00e1 \u00e9 de levantar 4 paredes da noite para o dia, em pleno estacionamento (finada pra\u00e7a) Duque de Caxias e fazer l\u00e1 meu com\u00e9rcio.<\/p>\n<p style=\"text-align: justify;\">De tudo, o pior \u00e9 que n\u00e3o vejo expectativa de mudan\u00e7a.<\/p>\n<p style=\"text-align: justify;\">Do jeito que est\u00e1 ficar\u00e1\u2026<br \/>\nN\u00e3o que ningu\u00e9m se importe, at\u00e9 penso que todos gostariam que fosse constru\u00eddo um galp\u00e3o onde se comercializaria os produtos que l\u00e1 s\u00e3o comercializados.<\/p>\n<p style=\"text-align: justify;\">Penso que com isto, s\u00f3 temos a ganhar, todos n\u00f3s.<\/p>\n<p style=\"text-align: justify;\">Primeiro no aspecto visual. Quem quer que seja que se depare com tal \u201cfeira livre\u201d toma um susto. De fato, melhor defini\u00e7\u00e3o n\u00e3o poderia haver para aquela localidade. Favela.<\/p>\n<p style=\"text-align: justify;\">Segundo no aspecto estrutural. O transito de Vit\u00f3ria est\u00e1 ca\u00f3tico, e piorando cada vez mais, e se prestarmos bem aten\u00e7\u00e3o, o transito do centro da cidade \u00e9 o mais cr\u00edtico. Abrindo os espa\u00e7os das pra\u00e7as invadidas, 13 de maio\/bandeira, haveria uma maior flu\u00eancia de carros, estacionamentos, etc.<\/p>\n<p style=\"text-align: justify;\">Terceiro no aspecto social. Temos uma zona de lazer em potencial naquela \u00e1rea. O prefeito que conseguir transferir a feira e no local construir uma bela pra\u00e7a, tal qual ficou a moderna Pra\u00e7a da Matriz, ser\u00e1 louvado e aclamado por toda a popula\u00e7\u00e3o. Temos ali, uma \u00e1rea de lazer em potencial, para fins de semana, realiza\u00e7\u00e3o de shows, e apresenta\u00e7\u00f5es culturais, tais como S\u00e3o Jo\u00e3o e 7 de setembro.<\/p>\n<p style=\"text-align: justify;\">Quarto no aspecto econ\u00f4mico. Com a transfer\u00eancia, v\u00e1rios dos comerciantes que trabalham l\u00e1 (n\u00e3o se iludam, muitas daquelas constru\u00e7\u00f5es e comercio pertencem a pessoas com boas condi\u00e7\u00f5es financeiras e teem aquilo l\u00e1 como mais uma fonte de renda) ter\u00e3o que alugar pontos comerciais, contratar funcion\u00e1rios e pagar impostos, o que s\u00f3 traria benef\u00edcios para a cidade, popula\u00e7\u00e3o e governo.<\/p>\n<p style=\"text-align: justify;\">Por essas e muitas outras raz\u00f5es que vcs refletir\u00e3o, \u00e9 que n\u00e3o justifica a manuten\u00e7\u00e3o daquela favela, chiqueiro, possilga\u2026 etc, que chamam de feira.<\/p>\n<p style=\"text-align: justify;\">N\u00e3o pensem que \u00e9 imposs\u00edvel, pois v\u00e1rias cidades do interior e da regi\u00e3o metropolitana do recife fizeram e deu super certo, como jaboat\u00e3o e cabo.<\/p>\n<p style=\"text-align: justify;\"><strong>Andr\u00e9<\/strong><\/p>\n<\/blockquote>\n\n\t\t\t\t<div class=\"mr_social_sharing_wrapper\">\n\t\t\t\t<!-- Social Sharing Toolkit v2.2 --><span class=\"mr_social_sharing_top\"><span style=\"display: inline-block; width: 55px; height: 62px; overflow: hidden;\"><div class=\"fb-like\" data-href=\"http:\/\/www.blogdopilako.com.br\/wp\/2012\/10\/09\/internauta-faz-comentario\/\" data-send=\"false\" data-layout=\"box_count\" data-width=\"55\" data-show-faces=\"false\"><\/div><\/span><\/span><span class=\"mr_social_sharing_top\"><fb:share-button type=\"box_count\" href=\"http:\/\/www.blogdopilako.com.br\/wp\/2012\/10\/09\/internauta-faz-comentario\/\"><\/fb:share-button><\/span><span class=\"mr_social_sharing\"><a rel=\"nofollow\" class=\"linksalpha_button linksalpha_link\" href=\"\/\/www.linksalpha.com\/social\/mobile\" data-url=\"http:\/\/www.blogdopilako.com.br\/wp\/2012\/10\/09\/internauta-faz-comentario\/\" data-text=\"Internauta faz coment\u00e1rio\" data-desc=\"Chega a ser surreal. Custo a acreditar no que vejo. Olho e penso\u2026 ser\u00e1 que \u00e9 isso mesmo que estou vendo? A vontade que d\u00e1 \u00e9 de levantar 4 paredes da noite para o dia, em pleno estacionamento (finada pra\u00e7a) Duque de Caxias e fazer l\u00e1 meu com\u00e9rcio. De tudo, o pior \u00e9 que n\u00e3o vejo\" data-image=\"\" data-button=\"none\">\n\t\t\t\t\t<img src=\"\/\/www.linksalpha.com\/images\/social_share_button.png\" alt=\"Share\" class=\"linksalpha_image\" \/>\n\t\t\t\t\t<\/a><script type=\"text\/javascript\" src=\"\/\/www.linksalpha.com\/scripts\/loader_iconbox.js?v=2.4\"><\/script><\/span><\/div>","protected":false},"excerpt":{"rendered":"\n\t\t\t\t<div class=\"mr_social_sharing_wrapper\">\n\t\t\t\t<!-- Social Sharing Toolkit v2.2 --><span class=\"mr_social_sharing_top\"><span style=\"display: inline-block; width: 55px; height: 62px; overflow: hidden;\"><div class=\"fb-like\" data-href=\"http:\/\/www.blogdopilako.com.br\/wp\/2012\/10\/09\/internauta-faz-comentario\/\" data-send=\"false\" data-layout=\"box_count\" data-width=\"55\" data-show-faces=\"false\"><\/div><\/span><\/span><span class=\"mr_social_sharing_top\"><fb:share-button type=\"box_count\" href=\"http:\/\/www.blogdopilako.com.br\/wp\/2012\/10\/09\/internauta-faz-comentario\/\"><\/fb:share-button><\/span><span class=\"mr_social_sharing\"><a rel=\"nofollow\" class=\"linksalpha_button linksalpha_link\" href=\"\/\/www.linksalpha.com\/social\/mobile\" data-url=\"http:\/\/www.blogdopilako.com.br\/wp\/2012\/10\/09\/internauta-faz-comentario\/\" data-text=\"Internauta faz coment\u00e1rio\" data-desc=\"Chega a ser surreal. Custo a acreditar no que vejo. Olho e penso\u2026 ser\u00e1 que \u00e9 isso mesmo que estou vendo? A vontade que d\u00e1 \u00e9 de levantar 4 paredes da noite para o dia, em pleno estacionamento (finada pra\u00e7a) Duque de Caxias e fazer l\u00e1 meu com\u00e9rcio. De tudo, o pior \u00e9 que n\u00e3o vejo\" data-image=\"\" data-button=\"none\">\n\t\t\t\t\t<img src=\"\/\/www.linksalpha.com\/images\/social_share_button.png\" alt=\"Share\" class=\"linksalpha_image\" \/>\n\t\t\t\t\t<\/a><script type=\"text\/javascript\" src=\"\/\/www.linksalpha.com\/scripts\/loader_iconbox.js?v=2.4\"><\/script><\/span><\/div><p>Chega a ser surreal. Custo a acreditar no que vejo. Olho e penso\u2026 ser\u00e1 que \u00e9 isso mesmo que estou vendo? A vontade que d\u00e1 \u00e9 de levantar 4 paredes da noite para o dia, em pleno estacionamento (finada pra\u00e7a) &hellip; <a href=\"http:\/\/www.blogdopilako.com.br\/wp\/2012\/10\/09\/internauta-faz-comentario\/\">Continue lendo <span class=\"meta-nav\">&rarr;<\/span><\/a><\/p>\n\n\t\t\t\t<div class=\"mr_social_sharing_wrapper\">\n\t\t\t\t<!-- Social Sharing Toolkit v2.2 --><span class=\"mr_social_sharing_top\"><span style=\"display: inline-block; width: 55px; height: 62px; overflow: hidden;\"><div class=\"fb-like\" data-href=\"http:\/\/www.blogdopilako.com.br\/wp\/2012\/10\/09\/internauta-faz-comentario\/\" data-send=\"false\" data-layout=\"box_count\" data-width=\"55\" data-show-faces=\"false\"><\/div><\/span><\/span><span class=\"mr_social_sharing_top\"><fb:share-button type=\"box_count\" href=\"http:\/\/www.blogdopilako.com.br\/wp\/2012\/10\/09\/internauta-faz-comentario\/\"><\/fb:share-button><\/span><span class=\"mr_social_sharing\"><a rel=\"nofollow\" class=\"linksalpha_button linksalpha_link\" href=\"\/\/www.linksalpha.com\/social\/mobile\" data-url=\"http:\/\/www.blogdopilako.com.br\/wp\/2012\/10\/09\/internauta-faz-comentario\/\" data-text=\"Internauta faz coment\u00e1rio\" data-desc=\"Chega a ser surreal. Custo a acreditar no que vejo. Olho e penso\u2026 ser\u00e1 que \u00e9 isso mesmo que estou vendo? A vontade que d\u00e1 \u00e9 de levantar 4 paredes da noite para o dia, em pleno estacionamento (finada pra\u00e7a) Duque de Caxias e fazer l\u00e1 meu com\u00e9rcio. De tudo, o pior \u00e9 que n\u00e3o vejo\" data-image=\"\" data-button=\"none\">\n\t\t\t\t\t<img src=\"\/\/www.linksalpha.com\/images\/social_share_button.png\" alt=\"Share\" class=\"linksalpha_image\" \/>\n\t\t\t\t\t<\/a><script type=\"text\/javascript\" src=\"\/\/www.linksalpha.com\/scripts\/loader_iconbox.js?v=2.4\"><\/script><\/span><\/div>","protected":false},"author":4,"featured_media":0,"comment_status":"open","ping_status":"open","sticky":false,"template":"","format":"standard","meta":[],"categories":[22],"tags":[],"_links":{"self":[{"href":"http:\/\/www.blogdopilako.com.br\/wp\/wp-json\/wp\/v2\/posts\/28289"}],"collection":[{"href":"http:\/\/www.blogdopilako.com.br\/wp\/wp-json\/wp\/v2\/posts"}],"about":[{"href":"http:\/\/www.blogdopilako.com.br\/wp\/wp-json\/wp\/v2\/types\/post"}],"author":[{"embeddable":true,"href":"http:\/\/www.blogdopilako.com.br\/wp\/wp-json\/wp\/v2\/users\/4"}],"replies":[{"embeddable":true,"href":"http:\/\/www.blogdopilako.com.br\/wp\/wp-json\/wp\/v2\/comments?post=28289"}],"version-history":[{"count":3,"href":"http:\/\/www.blogdopilako.com.br\/wp\/wp-json\/wp\/v2\/posts\/28289\/revisions"}],"predecessor-version":[{"id":28292,"href":"http:\/\/www.blogdopilako.com.br\/wp\/wp-json\/wp\/v2\/posts\/28289\/revisions\/28292"}],"wp:attachment":[{"href":"http:\/\/www.blogdopilako.com.br\/wp\/wp-json\/wp\/v2\/media?parent=28289"}],"wp:term":[{"taxonomy":"category","embeddable":true,"href":"http:\/\/www.blogdopilako.com.br\/wp\/wp-json\/wp\/v2\/categories?post=28289"},{"taxonomy":"post_tag","embeddable":true,"href":"http:\/\/www.blogdopilako.com.br\/wp\/wp-json\/wp\/v2\/tags?post=28289"}],"curies":[{"name":"wp","href":"https:\/\/api.w.org\/{rel}","templated":true}]}}