{"id":27609,"date":"2012-09-28T15:18:23","date_gmt":"2012-09-28T18:18:23","guid":{"rendered":"http:\/\/www.blogdopilako.com.br\/wp\/?p=27609"},"modified":"2012-09-28T15:24:55","modified_gmt":"2012-09-28T18:24:55","slug":"um-pouco-de-esquizofrenia","status":"publish","type":"post","link":"http:\/\/www.blogdopilako.com.br\/wp\/2012\/09\/28\/um-pouco-de-esquizofrenia\/","title":{"rendered":"Um pouco de Esquizofrenia"},"content":{"rendered":"\n\t\t\t\t<div class=\"mr_social_sharing_wrapper\">\n\t\t\t\t<!-- Social Sharing Toolkit v2.2 --><span class=\"mr_social_sharing_top\"><span style=\"display: inline-block; width: 55px; height: 62px; overflow: hidden;\"><div class=\"fb-like\" data-href=\"http:\/\/www.blogdopilako.com.br\/wp\/2012\/09\/28\/um-pouco-de-esquizofrenia\/\" data-send=\"false\" data-layout=\"box_count\" data-width=\"55\" data-show-faces=\"false\"><\/div><\/span><\/span><span class=\"mr_social_sharing_top\"><fb:share-button type=\"box_count\" href=\"http:\/\/www.blogdopilako.com.br\/wp\/2012\/09\/28\/um-pouco-de-esquizofrenia\/\"><\/fb:share-button><\/span><span class=\"mr_social_sharing\"><a rel=\"nofollow\" class=\"linksalpha_button linksalpha_link\" href=\"\/\/www.linksalpha.com\/social\/mobile\" data-url=\"http:\/\/www.blogdopilako.com.br\/wp\/2012\/09\/28\/um-pouco-de-esquizofrenia\/\" data-text=\"Um pouco de Esquizofrenia\" data-desc=\"Os sinais da esquizofrenia surgem por diversas maneiras, seja por combina\u00e7\u00f5es gen\u00e9ticas assim como ambientais, ou seja, contato social. O\u00a0indiv\u00edduo\u00a0tem uma predisposi\u00e7\u00e3o \u00e0\u00a0 doen\u00e7a, e seu contato com o mundo faz com que esta disposi\u00e7\u00e3o venha \u00e0 tona. Com o surgimento de alguns sintomas\" data-image=\"http:\/\/www.blogdopilako.com.br\/wp\/wp-content\/uploads\/esquisofrenia.jpg\" data-button=\"none\">\n\t\t\t\t\t<img src=\"\/\/www.linksalpha.com\/images\/social_share_button.png\" alt=\"Share\" class=\"linksalpha_image\" \/>\n\t\t\t\t\t<\/a><script type=\"text\/javascript\" src=\"\/\/www.linksalpha.com\/scripts\/loader_iconbox.js?v=2.4\"><\/script><\/span><\/div><p style=\"text-align: justify;\"><a href=\"http:\/\/www.blogdopilako.com.br\/wp\/wp-content\/uploads\/esquisofrenia.jpg\"><img loading=\"lazy\" class=\"aligncenter size-full wp-image-27614\" title=\"esquisofrenia\" src=\"http:\/\/www.blogdopilako.com.br\/wp\/wp-content\/uploads\/esquisofrenia.jpg\" alt=\"\" width=\"250\" height=\"252\" \/><\/a><\/p>\n<p style=\"text-align: justify;\">Os sinais da esquizofrenia surgem por diversas maneiras, seja por combina\u00e7\u00f5es gen\u00e9ticas assim como ambientais, ou seja, contato social. O\u00a0indiv\u00edduo\u00a0tem uma predisposi\u00e7\u00e3o \u00e0\u00a0 doen\u00e7a, e seu contato com o mundo faz com que esta disposi\u00e7\u00e3o venha \u00e0 tona. Com o surgimento de alguns sintomas como: pensamentos de alucina\u00e7\u00f5es, comportamento de irritabilidade, desordem nos pensamentos, incapacidade de elaborar e efetivar planos, diminui\u00e7\u00f5es na capacidade de encontrar prazeres na vida entre outros fatores decorrentes, que na maioria das vezes acometem pessoas entre os vinte e trinta anos, o sujeito que identificar estas a\u00e7\u00f5es n\u00e3o esconder nem encobrir afinal cura ainda n\u00e3o temos, mas o tratamento elimina alguns sintomas sanados por medicamentos antipsic\u00f3ticos e psicoterapias.<\/p>\n<p style=\"text-align: justify;\">Pesquisas medicamentosas est\u00e3o sendo realizadas na \u00e1rea e com efici\u00eancia v\u00e3o atender as causas da esquizofrenia, ou melhor, das esquizofrenias, que na verdade temos cinco tipos da doen\u00e7a, pensando nisto fiz esta listagem onde procurei resumir os sintomas e comportamentos apresentados pelos portadores de esquizofrenia, espero que clareie.<\/p>\n<p style=\"text-align: justify;\"><strong>Esquizofrenia\u00a0<\/strong><span style=\"color: #000000;\"><strong>Paranoide<\/strong><\/span><\/p>\n<p style=\"text-align: justify;\">Predominam sintomas positivos como alucina\u00e7\u00f5es e enganos, com uma relativa preserva\u00e7\u00e3o do funcionamento cognitivo e do afeto. O in\u00edcio tende a ser mais tardio que o dos outros tipos. \u00c9 o tipo mais comum e de tratamento com melhor progn\u00f3stico, particularmente com rela\u00e7\u00e3o ao funcionamento ocupacional e \u00e9 capacidade para a vida independente.<\/p>\n<p style=\"text-align: justify;\"><strong>Esquizofrenia Catat\u00f4nica<\/strong><\/p>\n<p style=\"text-align: justify;\">Sintomas motores\u00a0caracter\u00edsticos\u00a0s\u00e3o proeminentes, sendo os principais a atividade motora excessiva, extremo negativismo. Mutismo, cataplexia (paralisia corporal moment\u00e2nea), ecopraxia (imita\u00e7\u00e3o repetitiva dos movimentos de outra pessoa). Necessita cuidadosa observa\u00e7\u00e3o, pois existem riscos potenciais de desnutri\u00e7\u00e3o, exaust\u00e3o, hiperpirexia ou ferimentos auto-infligidos. O tratamento, portanto, \u00e9 bem dif\u00edcil.<\/p>\n<p style=\"text-align: justify;\"><strong>Esquizofrenia Desorganizada<\/strong><\/p>\n<p style=\"text-align: justify;\">Discurso desorganizado e sintomas negativos como comportamento desorganizado e achatamento emocional predominam neste tipo de esquizofrenia. Os aspectos associados incluem trejeitos faciais, maneirismos e outras estranhezas do comportamento. \u00c9 o tipo que tem tratamento mais complicado.<\/p>\n<p style=\"text-align: justify;\"><strong>Esquizofrenia Indiferenciada<\/strong><\/p>\n<p style=\"text-align: justify;\">Se encaixa nos sintomas de esquizofrenia, mas n\u00e3o satisfaz nenhum dos tipos citados anteriormente. Esquizofrenia Residual.<\/p>\n<p>As condi\u00e7\u00f5es para este tipo de esquizofrenia s\u00e3o: Aus\u00eancia de\u00a0del\u00edrios\u00a0 alucina\u00e7\u00f5es e comportamento amplamente desorganizado ou catat\u00f4nico proeminentes; Exist\u00eancia de evid\u00eancias\u00a0cont\u00ednuas\u00a0da perturba\u00e7\u00e3o, indicadas pela presen\u00e7a de sintomas negativos ou por dois ou mais sintomas positivos como comportamento exc\u00eantrico, discurso levemente desorganizado.<\/p>\n<p style=\"text-align: justify;\"><strong>Esquizofrenia Infantil<\/strong><\/p>\n<p style=\"text-align: justify;\">\u00c9 um tipo raro de esquizofrenia. Ocorre bem cedo na vida do\u00a0indiv\u00edduo\u00a0(os primeiros problemas surgem entre os 6 e 7 anos de idade). \u00c9 bastante severa, tendo sintomas e disfun\u00e7\u00f5es mais intensas, al\u00e9m de um tratamento mais dif\u00edcil.<\/p>\n<p style=\"text-align: justify;\">Pr\u00f3xima semana continuaremos com o tema.<\/p>\n<p><strong><a href=\"http:\/\/www.blogdopilako.com.br\/wp\/wp-content\/uploads\/cleiton1.jpg\"><img loading=\"lazy\" class=\"alignleft\" title=\"cleiton\" src=\"http:\/\/www.blogdopilako.com.br\/wp\/wp-content\/uploads\/cleiton1-150x150.jpg\" alt=\"\" width=\"150\" height=\"150\" \/><\/a><\/strong><\/p>\n<p>&nbsp;<\/p>\n<p><strong>Cleiton Nascimento<br \/>\n<\/strong>Psic\u00f3logo<br \/>\nCRP02.14558<\/p>\n\n\t\t\t\t<div class=\"mr_social_sharing_wrapper\">\n\t\t\t\t<!-- Social Sharing Toolkit v2.2 --><span class=\"mr_social_sharing_top\"><span style=\"display: inline-block; width: 55px; height: 62px; overflow: hidden;\"><div class=\"fb-like\" data-href=\"http:\/\/www.blogdopilako.com.br\/wp\/2012\/09\/28\/um-pouco-de-esquizofrenia\/\" data-send=\"false\" data-layout=\"box_count\" data-width=\"55\" data-show-faces=\"false\"><\/div><\/span><\/span><span class=\"mr_social_sharing_top\"><fb:share-button type=\"box_count\" href=\"http:\/\/www.blogdopilako.com.br\/wp\/2012\/09\/28\/um-pouco-de-esquizofrenia\/\"><\/fb:share-button><\/span><span class=\"mr_social_sharing\"><a rel=\"nofollow\" class=\"linksalpha_button linksalpha_link\" href=\"\/\/www.linksalpha.com\/social\/mobile\" data-url=\"http:\/\/www.blogdopilako.com.br\/wp\/2012\/09\/28\/um-pouco-de-esquizofrenia\/\" data-text=\"Um pouco de Esquizofrenia\" data-desc=\"Os sinais da esquizofrenia surgem por diversas maneiras, seja por combina\u00e7\u00f5es gen\u00e9ticas assim como ambientais, ou seja, contato social. O\u00a0indiv\u00edduo\u00a0tem uma predisposi\u00e7\u00e3o \u00e0\u00a0 doen\u00e7a, e seu contato com o mundo faz com que esta disposi\u00e7\u00e3o venha \u00e0 tona. Com o surgimento de alguns sintomas\" data-image=\"http:\/\/www.blogdopilako.com.br\/wp\/wp-content\/uploads\/esquisofrenia.jpg\" data-button=\"none\">\n\t\t\t\t\t<img src=\"\/\/www.linksalpha.com\/images\/social_share_button.png\" alt=\"Share\" class=\"linksalpha_image\" \/>\n\t\t\t\t\t<\/a><script type=\"text\/javascript\" src=\"\/\/www.linksalpha.com\/scripts\/loader_iconbox.js?v=2.4\"><\/script><\/span><\/div>","protected":false},"excerpt":{"rendered":"\n\t\t\t\t<div class=\"mr_social_sharing_wrapper\">\n\t\t\t\t<!-- Social Sharing Toolkit v2.2 --><span class=\"mr_social_sharing_top\"><span style=\"display: inline-block; width: 55px; height: 62px; overflow: hidden;\"><div class=\"fb-like\" data-href=\"http:\/\/www.blogdopilako.com.br\/wp\/2012\/09\/28\/um-pouco-de-esquizofrenia\/\" data-send=\"false\" data-layout=\"box_count\" data-width=\"55\" data-show-faces=\"false\"><\/div><\/span><\/span><span class=\"mr_social_sharing_top\"><fb:share-button type=\"box_count\" href=\"http:\/\/www.blogdopilako.com.br\/wp\/2012\/09\/28\/um-pouco-de-esquizofrenia\/\"><\/fb:share-button><\/span><span class=\"mr_social_sharing\"><a rel=\"nofollow\" class=\"linksalpha_button linksalpha_link\" href=\"\/\/www.linksalpha.com\/social\/mobile\" data-url=\"http:\/\/www.blogdopilako.com.br\/wp\/2012\/09\/28\/um-pouco-de-esquizofrenia\/\" data-text=\"Um pouco de Esquizofrenia\" data-desc=\"Os sinais da esquizofrenia surgem por diversas maneiras, seja por combina\u00e7\u00f5es gen\u00e9ticas assim como ambientais, ou seja, contato social. O\u00a0indiv\u00edduo\u00a0tem uma predisposi\u00e7\u00e3o \u00e0\u00a0 doen\u00e7a, e seu contato com o mundo faz com que esta disposi\u00e7\u00e3o venha \u00e0 tona. Com o surgimento de alguns sintomas\" data-image=\"\" data-button=\"none\">\n\t\t\t\t\t<img src=\"\/\/www.linksalpha.com\/images\/social_share_button.png\" alt=\"Share\" class=\"linksalpha_image\" \/>\n\t\t\t\t\t<\/a><script type=\"text\/javascript\" src=\"\/\/www.linksalpha.com\/scripts\/loader_iconbox.js?v=2.4\"><\/script><\/span><\/div><p>Os sinais da esquizofrenia surgem por diversas maneiras, seja por combina\u00e7\u00f5es gen\u00e9ticas assim como ambientais, ou seja, contato social. O\u00a0indiv\u00edduo\u00a0tem uma predisposi\u00e7\u00e3o \u00e0\u00a0 doen\u00e7a, e seu contato com o mundo faz com que esta disposi\u00e7\u00e3o venha \u00e0 tona. Com o &hellip; <a href=\"http:\/\/www.blogdopilako.com.br\/wp\/2012\/09\/28\/um-pouco-de-esquizofrenia\/\">Continue lendo <span class=\"meta-nav\">&rarr;<\/span><\/a><\/p>\n\n\t\t\t\t<div class=\"mr_social_sharing_wrapper\">\n\t\t\t\t<!-- Social Sharing Toolkit v2.2 --><span class=\"mr_social_sharing_top\"><span style=\"display: inline-block; width: 55px; height: 62px; overflow: hidden;\"><div class=\"fb-like\" data-href=\"http:\/\/www.blogdopilako.com.br\/wp\/2012\/09\/28\/um-pouco-de-esquizofrenia\/\" data-send=\"false\" data-layout=\"box_count\" data-width=\"55\" data-show-faces=\"false\"><\/div><\/span><\/span><span class=\"mr_social_sharing_top\"><fb:share-button type=\"box_count\" href=\"http:\/\/www.blogdopilako.com.br\/wp\/2012\/09\/28\/um-pouco-de-esquizofrenia\/\"><\/fb:share-button><\/span><span class=\"mr_social_sharing\"><a rel=\"nofollow\" class=\"linksalpha_button linksalpha_link\" href=\"\/\/www.linksalpha.com\/social\/mobile\" data-url=\"http:\/\/www.blogdopilako.com.br\/wp\/2012\/09\/28\/um-pouco-de-esquizofrenia\/\" data-text=\"Um pouco de Esquizofrenia\" data-desc=\"Os sinais da esquizofrenia surgem por diversas maneiras, seja por combina\u00e7\u00f5es gen\u00e9ticas assim como ambientais, ou seja, contato social. O\u00a0indiv\u00edduo\u00a0tem uma predisposi\u00e7\u00e3o \u00e0\u00a0 doen\u00e7a, e seu contato com o mundo faz com que esta disposi\u00e7\u00e3o venha \u00e0 tona. Com o surgimento de alguns sintomas\" data-image=\"\" data-button=\"none\">\n\t\t\t\t\t<img src=\"\/\/www.linksalpha.com\/images\/social_share_button.png\" alt=\"Share\" class=\"linksalpha_image\" \/>\n\t\t\t\t\t<\/a><script type=\"text\/javascript\" src=\"\/\/www.linksalpha.com\/scripts\/loader_iconbox.js?v=2.4\"><\/script><\/span><\/div>","protected":false},"author":4,"featured_media":0,"comment_status":"open","ping_status":"open","sticky":false,"template":"","format":"standard","meta":[],"categories":[123],"tags":[],"_links":{"self":[{"href":"http:\/\/www.blogdopilako.com.br\/wp\/wp-json\/wp\/v2\/posts\/27609"}],"collection":[{"href":"http:\/\/www.blogdopilako.com.br\/wp\/wp-json\/wp\/v2\/posts"}],"about":[{"href":"http:\/\/www.blogdopilako.com.br\/wp\/wp-json\/wp\/v2\/types\/post"}],"author":[{"embeddable":true,"href":"http:\/\/www.blogdopilako.com.br\/wp\/wp-json\/wp\/v2\/users\/4"}],"replies":[{"embeddable":true,"href":"http:\/\/www.blogdopilako.com.br\/wp\/wp-json\/wp\/v2\/comments?post=27609"}],"version-history":[{"count":5,"href":"http:\/\/www.blogdopilako.com.br\/wp\/wp-json\/wp\/v2\/posts\/27609\/revisions"}],"predecessor-version":[{"id":27620,"href":"http:\/\/www.blogdopilako.com.br\/wp\/wp-json\/wp\/v2\/posts\/27609\/revisions\/27620"}],"wp:attachment":[{"href":"http:\/\/www.blogdopilako.com.br\/wp\/wp-json\/wp\/v2\/media?parent=27609"}],"wp:term":[{"taxonomy":"category","embeddable":true,"href":"http:\/\/www.blogdopilako.com.br\/wp\/wp-json\/wp\/v2\/categories?post=27609"},{"taxonomy":"post_tag","embeddable":true,"href":"http:\/\/www.blogdopilako.com.br\/wp\/wp-json\/wp\/v2\/tags?post=27609"}],"curies":[{"name":"wp","href":"https:\/\/api.w.org\/{rel}","templated":true}]}}