{"id":27587,"date":"2012-09-28T11:45:33","date_gmt":"2012-09-28T14:45:33","guid":{"rendered":"http:\/\/www.blogdopilako.com.br\/wp\/?p=27587"},"modified":"2012-09-29T18:53:54","modified_gmt":"2012-09-29T21:53:54","slug":"cuidado-o-prefeito-sumiu","status":"publish","type":"post","link":"http:\/\/www.blogdopilako.com.br\/wp\/2012\/09\/28\/cuidado-o-prefeito-sumiu\/","title":{"rendered":"Cuidado, o Prefeito &#8220;sumiu&#8221;"},"content":{"rendered":"\n\t\t\t\t<div class=\"mr_social_sharing_wrapper\">\n\t\t\t\t<!-- Social Sharing Toolkit v2.2 --><span class=\"mr_social_sharing_top\"><span style=\"display: inline-block; width: 55px; height: 62px; overflow: hidden;\"><div class=\"fb-like\" data-href=\"http:\/\/www.blogdopilako.com.br\/wp\/2012\/09\/28\/cuidado-o-prefeito-sumiu\/\" data-send=\"false\" data-layout=\"box_count\" data-width=\"55\" data-show-faces=\"false\"><\/div><\/span><\/span><span class=\"mr_social_sharing_top\"><fb:share-button type=\"box_count\" href=\"http:\/\/www.blogdopilako.com.br\/wp\/2012\/09\/28\/cuidado-o-prefeito-sumiu\/\"><\/fb:share-button><\/span><span class=\"mr_social_sharing\"><a rel=\"nofollow\" class=\"linksalpha_button linksalpha_link\" href=\"\/\/www.linksalpha.com\/social\/mobile\" data-url=\"http:\/\/www.blogdopilako.com.br\/wp\/2012\/09\/28\/cuidado-o-prefeito-sumiu\/\" data-text=\"Cuidado, o Prefeito \u201csumiu\u201d\" data-desc=\"Hoje (28) pela manh\u00e3, ao lado do Banco do Brasil Foi no ano de 1987, depois de muitas teses e proje\u00e7\u00f5es, que a lei brasileira, dando direito aos detentores de cargos executivos (Presidente, Governador e Prefeito) concorrerem, sem necessariamente, ter de se afastar dos referidos cargos. Pois bem,\" data-image=\"http:\/\/www.blogdopilako.com.br\/wp\/wp-content\/uploads\/entulhos-28-09-12.jpg\" data-button=\"none\">\n\t\t\t\t\t<img src=\"\/\/www.linksalpha.com\/images\/social_share_button.png\" alt=\"Share\" class=\"linksalpha_image\" \/>\n\t\t\t\t\t<\/a><script type=\"text\/javascript\" src=\"\/\/www.linksalpha.com\/scripts\/loader_iconbox.js?v=2.4\"><\/script><\/span><\/div><div id=\"attachment_27593\" style=\"width: 586px\" class=\"wp-caption aligncenter\"><a href=\"http:\/\/www.blogdopilako.com.br\/wp\/wp-content\/uploads\/entulhos-28-09-12.jpg\"><img aria-describedby=\"caption-attachment-27593\" loading=\"lazy\" class=\"size-full wp-image-27593\" title=\"entulhos-28-09-12\" src=\"http:\/\/www.blogdopilako.com.br\/wp\/wp-content\/uploads\/entulhos-28-09-12.jpg\" alt=\"\" width=\"576\" height=\"432\" \/><\/a><p id=\"caption-attachment-27593\" class=\"wp-caption-text\">Hoje (28) pela manh\u00e3, ao lado do Banco do Brasil<\/p><\/div>\n<p style=\"text-align: justify;\">Foi no ano de 1987, depois de muitas teses e proje\u00e7\u00f5es, que a lei brasileira, dando direito aos detentores de cargos executivos (Presidente, Governador e Prefeito) concorrerem, sem necessariamente, ter de se afastar dos referidos cargos.<\/p>\n<p style=\"text-align: justify;\">Pois bem, pelo Brasil a fora, o que n\u00e3o falta s\u00e3o exemplos de prefeitos que foram cassados, por usarem a chamada <strong>\u201cm\u00e1quina p\u00fablica\u201d<\/strong> para tentar desequilibrar o pleito, em seu favor, claro.<\/p>\n<p style=\"text-align: justify;\">Acho at\u00e9 justo que o ocupante de cargo tenha direito a ser candidato, mas a lei deveria ser mais \u201ccuidadosa\u201d e impor condi\u00e7\u00e3o <em>SINE QUA NON<\/em>\u00a0aos mesmos, caso optassem pela reelei\u00e7\u00e3o, deveriam afastar-se dos cargo no per\u00edodo eleitoral.<\/p>\n<p style=\"text-align: justify;\">Em nossa cidade parece que o Prefeito <strong>Elias Lira<\/strong> foi acometido de <strong>\u201camn\u00e9sia tempor\u00e1ria\u201d<\/strong> e esqueceu que ele \u00e9 o Prefeito, pois, na <strong>reta final<\/strong> da campanha, se os servi\u00e7os <strong>b\u00e1sicos<\/strong> municipais, que no seu entender n\u00e3o \u201csomam\u201d, j\u00e1 eram deficit\u00e1rios, agora foram literalmente esquecidos.<\/p>\n<div id=\"attachment_27591\" style=\"width: 583px\" class=\"wp-caption aligncenter\"><img aria-describedby=\"caption-attachment-27591\" loading=\"lazy\" class=\"size-full wp-image-27591\" title=\"cavaletes-28-09-12\" src=\"http:\/\/www.blogdopilako.com.br\/wp\/wp-content\/uploads\/cavaletes-28-09-12.jpg\" alt=\"\" width=\"573\" height=\"428\" \/><p id=\"caption-attachment-27591\" class=\"wp-caption-text\">Cavaletes est\u00e3o h\u00e1 mais de uma semana na pra\u00e7a do Livramento. Foto registrada hoje (28)<\/p><\/div>\n<p style=\"text-align: justify;\"><strong>Cavaletes<\/strong> de ferro da Prefeitura esquecidos e <strong>abandonados<\/strong>, por mais de uma semana, \u00a0nas ruas, <strong>metralhas<\/strong> e <strong>entulhos<\/strong> em cal\u00e7adas de grande movimento no com\u00e9rcio s\u00e3o apenas alguns dos exemplos da <span style=\"color: #0000ff;\"><strong>m\u00e1 gest\u00e3o<\/strong><\/span> do Governo de Todos, comandada pelo candidato Elias Lira que, aparentemente, \u201cesqueceu-se\u201d de que \u00a0\u00e9 Prefeito da cidade.<\/p>\n<div id=\"attachment_27592\" style=\"width: 578px\" class=\"wp-caption aligncenter\"><a href=\"http:\/\/www.blogdopilako.com.br\/wp\/wp-content\/uploads\/entulhos-28-09-12-2.jpg\"><img aria-describedby=\"caption-attachment-27592\" loading=\"lazy\" class=\"size-full wp-image-27592\" title=\"entulhos-28-09-12--2\" src=\"http:\/\/www.blogdopilako.com.br\/wp\/wp-content\/uploads\/entulhos-28-09-12-2.jpg\" alt=\"\" width=\"568\" height=\"426\" \/><\/a><p id=\"caption-attachment-27592\" class=\"wp-caption-text\">Hoje (28) pela manh\u00e3, ao lado do Banco do Brasil<\/p><\/div>\n\n\t\t\t\t<div class=\"mr_social_sharing_wrapper\">\n\t\t\t\t<!-- Social Sharing Toolkit v2.2 --><span class=\"mr_social_sharing_top\"><span style=\"display: inline-block; width: 55px; height: 62px; overflow: hidden;\"><div class=\"fb-like\" data-href=\"http:\/\/www.blogdopilako.com.br\/wp\/2012\/09\/28\/cuidado-o-prefeito-sumiu\/\" data-send=\"false\" data-layout=\"box_count\" data-width=\"55\" data-show-faces=\"false\"><\/div><\/span><\/span><span class=\"mr_social_sharing_top\"><fb:share-button type=\"box_count\" href=\"http:\/\/www.blogdopilako.com.br\/wp\/2012\/09\/28\/cuidado-o-prefeito-sumiu\/\"><\/fb:share-button><\/span><span class=\"mr_social_sharing\"><a rel=\"nofollow\" class=\"linksalpha_button linksalpha_link\" href=\"\/\/www.linksalpha.com\/social\/mobile\" data-url=\"http:\/\/www.blogdopilako.com.br\/wp\/2012\/09\/28\/cuidado-o-prefeito-sumiu\/\" data-text=\"Cuidado, o Prefeito \u201csumiu\u201d\" data-desc=\"Hoje (28) pela manh\u00e3, ao lado do Banco do Brasil Foi no ano de 1987, depois de muitas teses e proje\u00e7\u00f5es, que a lei brasileira, dando direito aos detentores de cargos executivos (Presidente, Governador e Prefeito) concorrerem, sem necessariamente, ter de se afastar dos referidos cargos. Pois bem,\" data-image=\"http:\/\/www.blogdopilako.com.br\/wp\/wp-content\/uploads\/entulhos-28-09-12.jpg\" data-button=\"none\">\n\t\t\t\t\t<img src=\"\/\/www.linksalpha.com\/images\/social_share_button.png\" alt=\"Share\" class=\"linksalpha_image\" \/>\n\t\t\t\t\t<\/a><script type=\"text\/javascript\" src=\"\/\/www.linksalpha.com\/scripts\/loader_iconbox.js?v=2.4\"><\/script><\/span><\/div>","protected":false},"excerpt":{"rendered":"\n\t\t\t\t<div class=\"mr_social_sharing_wrapper\">\n\t\t\t\t<!-- Social Sharing Toolkit v2.2 --><span class=\"mr_social_sharing_top\"><span style=\"display: inline-block; width: 55px; height: 62px; overflow: hidden;\"><div class=\"fb-like\" data-href=\"http:\/\/www.blogdopilako.com.br\/wp\/2012\/09\/28\/cuidado-o-prefeito-sumiu\/\" data-send=\"false\" data-layout=\"box_count\" data-width=\"55\" data-show-faces=\"false\"><\/div><\/span><\/span><span class=\"mr_social_sharing_top\"><fb:share-button type=\"box_count\" href=\"http:\/\/www.blogdopilako.com.br\/wp\/2012\/09\/28\/cuidado-o-prefeito-sumiu\/\"><\/fb:share-button><\/span><span class=\"mr_social_sharing\"><a rel=\"nofollow\" class=\"linksalpha_button linksalpha_link\" href=\"\/\/www.linksalpha.com\/social\/mobile\" data-url=\"http:\/\/www.blogdopilako.com.br\/wp\/2012\/09\/28\/cuidado-o-prefeito-sumiu\/\" data-text=\"Cuidado, o Prefeito \u201csumiu\u201d\" data-desc=\"Hoje (28) pela manh\u00e3, ao lado do Banco do Brasil Foi no ano de 1987, depois de muitas teses e proje\u00e7\u00f5es, que a lei brasileira, dando direito aos detentores de cargos executivos (Presidente, Governador e Prefeito) concorrerem, sem necessariamente, ter de se afastar dos referidos cargos. Pois bem,\" data-image=\"\" data-button=\"none\">\n\t\t\t\t\t<img src=\"\/\/www.linksalpha.com\/images\/social_share_button.png\" alt=\"Share\" class=\"linksalpha_image\" \/>\n\t\t\t\t\t<\/a><script type=\"text\/javascript\" src=\"\/\/www.linksalpha.com\/scripts\/loader_iconbox.js?v=2.4\"><\/script><\/span><\/div><p>Foi no ano de 1987, depois de muitas teses e proje\u00e7\u00f5es, que a lei brasileira, dando direito aos detentores de cargos executivos (Presidente, Governador e Prefeito) concorrerem, sem necessariamente, ter de se afastar dos referidos cargos. Pois bem, pelo Brasil &hellip; <a href=\"http:\/\/www.blogdopilako.com.br\/wp\/2012\/09\/28\/cuidado-o-prefeito-sumiu\/\">Continue lendo <span class=\"meta-nav\">&rarr;<\/span><\/a><\/p>\n\n\t\t\t\t<div class=\"mr_social_sharing_wrapper\">\n\t\t\t\t<!-- Social Sharing Toolkit v2.2 --><span class=\"mr_social_sharing_top\"><span style=\"display: inline-block; width: 55px; height: 62px; overflow: hidden;\"><div class=\"fb-like\" data-href=\"http:\/\/www.blogdopilako.com.br\/wp\/2012\/09\/28\/cuidado-o-prefeito-sumiu\/\" data-send=\"false\" data-layout=\"box_count\" data-width=\"55\" data-show-faces=\"false\"><\/div><\/span><\/span><span class=\"mr_social_sharing_top\"><fb:share-button type=\"box_count\" href=\"http:\/\/www.blogdopilako.com.br\/wp\/2012\/09\/28\/cuidado-o-prefeito-sumiu\/\"><\/fb:share-button><\/span><span class=\"mr_social_sharing\"><a rel=\"nofollow\" class=\"linksalpha_button linksalpha_link\" href=\"\/\/www.linksalpha.com\/social\/mobile\" data-url=\"http:\/\/www.blogdopilako.com.br\/wp\/2012\/09\/28\/cuidado-o-prefeito-sumiu\/\" data-text=\"Cuidado, o Prefeito \u201csumiu\u201d\" data-desc=\"Hoje (28) pela manh\u00e3, ao lado do Banco do Brasil Foi no ano de 1987, depois de muitas teses e proje\u00e7\u00f5es, que a lei brasileira, dando direito aos detentores de cargos executivos (Presidente, Governador e Prefeito) concorrerem, sem necessariamente, ter de se afastar dos referidos cargos. Pois bem,\" data-image=\"\" data-button=\"none\">\n\t\t\t\t\t<img src=\"\/\/www.linksalpha.com\/images\/social_share_button.png\" alt=\"Share\" class=\"linksalpha_image\" \/>\n\t\t\t\t\t<\/a><script type=\"text\/javascript\" src=\"\/\/www.linksalpha.com\/scripts\/loader_iconbox.js?v=2.4\"><\/script><\/span><\/div>","protected":false},"author":4,"featured_media":0,"comment_status":"open","ping_status":"open","sticky":false,"template":"","format":"standard","meta":[],"categories":[21,22],"tags":[],"_links":{"self":[{"href":"http:\/\/www.blogdopilako.com.br\/wp\/wp-json\/wp\/v2\/posts\/27587"}],"collection":[{"href":"http:\/\/www.blogdopilako.com.br\/wp\/wp-json\/wp\/v2\/posts"}],"about":[{"href":"http:\/\/www.blogdopilako.com.br\/wp\/wp-json\/wp\/v2\/types\/post"}],"author":[{"embeddable":true,"href":"http:\/\/www.blogdopilako.com.br\/wp\/wp-json\/wp\/v2\/users\/4"}],"replies":[{"embeddable":true,"href":"http:\/\/www.blogdopilako.com.br\/wp\/wp-json\/wp\/v2\/comments?post=27587"}],"version-history":[{"count":10,"href":"http:\/\/www.blogdopilako.com.br\/wp\/wp-json\/wp\/v2\/posts\/27587\/revisions"}],"predecessor-version":[{"id":27671,"href":"http:\/\/www.blogdopilako.com.br\/wp\/wp-json\/wp\/v2\/posts\/27587\/revisions\/27671"}],"wp:attachment":[{"href":"http:\/\/www.blogdopilako.com.br\/wp\/wp-json\/wp\/v2\/media?parent=27587"}],"wp:term":[{"taxonomy":"category","embeddable":true,"href":"http:\/\/www.blogdopilako.com.br\/wp\/wp-json\/wp\/v2\/categories?post=27587"},{"taxonomy":"post_tag","embeddable":true,"href":"http:\/\/www.blogdopilako.com.br\/wp\/wp-json\/wp\/v2\/tags?post=27587"}],"curies":[{"name":"wp","href":"https:\/\/api.w.org\/{rel}","templated":true}]}}