{"id":27141,"date":"2012-09-21T10:28:31","date_gmt":"2012-09-21T13:28:31","guid":{"rendered":"http:\/\/www.blogdopilako.com.br\/wp\/?p=27141"},"modified":"2012-09-21T10:28:31","modified_gmt":"2012-09-21T13:28:31","slug":"mais-um-ano","status":"publish","type":"post","link":"http:\/\/www.blogdopilako.com.br\/wp\/2012\/09\/21\/mais-um-ano\/","title":{"rendered":"Mais um ano&#8230;"},"content":{"rendered":"\n\t\t\t\t<div class=\"mr_social_sharing_wrapper\">\n\t\t\t\t<!-- Social Sharing Toolkit v2.2 --><span class=\"mr_social_sharing_top\"><span style=\"display: inline-block; width: 55px; height: 62px; overflow: hidden;\"><div class=\"fb-like\" data-href=\"http:\/\/www.blogdopilako.com.br\/wp\/2012\/09\/21\/mais-um-ano\/\" data-send=\"false\" data-layout=\"box_count\" data-width=\"55\" data-show-faces=\"false\"><\/div><\/span><\/span><span class=\"mr_social_sharing_top\"><fb:share-button type=\"box_count\" href=\"http:\/\/www.blogdopilako.com.br\/wp\/2012\/09\/21\/mais-um-ano\/\"><\/fb:share-button><\/span><span class=\"mr_social_sharing\"><a rel=\"nofollow\" class=\"linksalpha_button linksalpha_link\" href=\"\/\/www.linksalpha.com\/social\/mobile\" data-url=\"http:\/\/www.blogdopilako.com.br\/wp\/2012\/09\/21\/mais-um-ano\/\" data-text=\"Mais um ano\u2026\" data-desc=\"Ao lado de familiares e amiguinhos do aniversariante, comemoramos no final da tarde de ontem (20) mais um anivers\u00e1rio do MEU GABRIEL. A celebra\u00e7\u00e3o da vida, em qualquer idade, \u00e9 um evento que nunca cair\u00e1 de moda.\" data-image=\"http:\/\/www.blogdopilako.com.br\/wp\/wp-content\/uploads\/gabriel-21-09-12.jpg\" data-button=\"none\">\n\t\t\t\t\t<img src=\"\/\/www.linksalpha.com\/images\/social_share_button.png\" alt=\"Share\" class=\"linksalpha_image\" \/>\n\t\t\t\t\t<\/a><script type=\"text\/javascript\" src=\"\/\/www.linksalpha.com\/scripts\/loader_iconbox.js?v=2.4\"><\/script><\/span><\/div><p><a href=\"http:\/\/www.blogdopilako.com.br\/wp\/wp-content\/uploads\/gabriel-21-09-12.jpg\"><img loading=\"lazy\" class=\"aligncenter size-full wp-image-27149\" title=\"gabriel-21-09-12\" src=\"http:\/\/www.blogdopilako.com.br\/wp\/wp-content\/uploads\/gabriel-21-09-12.jpg\" alt=\"\" width=\"521\" height=\"392\" \/><\/a><\/p>\n<p>Ao lado de familiares e amiguinhos do aniversariante, comemoramos no final da tarde de ontem (20) mais um anivers\u00e1rio do MEU <strong>GABRIEL<\/strong>. A celebra\u00e7\u00e3o da vida, em qualquer idade, \u00e9 um evento que nunca cair\u00e1 de moda.<\/p>\n\n\t\t\t\t<div class=\"mr_social_sharing_wrapper\">\n\t\t\t\t<!-- Social Sharing Toolkit v2.2 --><span class=\"mr_social_sharing_top\"><span style=\"display: inline-block; width: 55px; height: 62px; overflow: hidden;\"><div class=\"fb-like\" data-href=\"http:\/\/www.blogdopilako.com.br\/wp\/2012\/09\/21\/mais-um-ano\/\" data-send=\"false\" data-layout=\"box_count\" data-width=\"55\" data-show-faces=\"false\"><\/div><\/span><\/span><span class=\"mr_social_sharing_top\"><fb:share-button type=\"box_count\" href=\"http:\/\/www.blogdopilako.com.br\/wp\/2012\/09\/21\/mais-um-ano\/\"><\/fb:share-button><\/span><span class=\"mr_social_sharing\"><a rel=\"nofollow\" class=\"linksalpha_button linksalpha_link\" href=\"\/\/www.linksalpha.com\/social\/mobile\" data-url=\"http:\/\/www.blogdopilako.com.br\/wp\/2012\/09\/21\/mais-um-ano\/\" data-text=\"Mais um ano\u2026\" data-desc=\"Ao lado de familiares e amiguinhos do aniversariante, comemoramos no final da tarde de ontem (20) mais um anivers\u00e1rio do MEU GABRIEL. A celebra\u00e7\u00e3o da vida, em qualquer idade, \u00e9 um evento que nunca cair\u00e1 de moda.\" data-image=\"http:\/\/www.blogdopilako.com.br\/wp\/wp-content\/uploads\/gabriel-21-09-12.jpg\" data-button=\"none\">\n\t\t\t\t\t<img src=\"\/\/www.linksalpha.com\/images\/social_share_button.png\" alt=\"Share\" class=\"linksalpha_image\" \/>\n\t\t\t\t\t<\/a><script type=\"text\/javascript\" src=\"\/\/www.linksalpha.com\/scripts\/loader_iconbox.js?v=2.4\"><\/script><\/span><\/div>","protected":false},"excerpt":{"rendered":"\n\t\t\t\t<div class=\"mr_social_sharing_wrapper\">\n\t\t\t\t<!-- Social Sharing Toolkit v2.2 --><span class=\"mr_social_sharing_top\"><span style=\"display: inline-block; width: 55px; height: 62px; overflow: hidden;\"><div class=\"fb-like\" data-href=\"http:\/\/www.blogdopilako.com.br\/wp\/2012\/09\/21\/mais-um-ano\/\" data-send=\"false\" data-layout=\"box_count\" data-width=\"55\" data-show-faces=\"false\"><\/div><\/span><\/span><span class=\"mr_social_sharing_top\"><fb:share-button type=\"box_count\" href=\"http:\/\/www.blogdopilako.com.br\/wp\/2012\/09\/21\/mais-um-ano\/\"><\/fb:share-button><\/span><span class=\"mr_social_sharing\"><a rel=\"nofollow\" class=\"linksalpha_button linksalpha_link\" href=\"\/\/www.linksalpha.com\/social\/mobile\" data-url=\"http:\/\/www.blogdopilako.com.br\/wp\/2012\/09\/21\/mais-um-ano\/\" data-text=\"Mais um ano\u2026\" data-desc=\"Ao lado de familiares e amiguinhos do aniversariante, comemoramos no final da tarde de ontem (20) mais um anivers\u00e1rio do MEU GABRIEL. A celebra\u00e7\u00e3o da vida, em qualquer idade, \u00e9 um evento que nunca cair\u00e1 de moda.\" data-image=\"\" data-button=\"none\">\n\t\t\t\t\t<img src=\"\/\/www.linksalpha.com\/images\/social_share_button.png\" alt=\"Share\" class=\"linksalpha_image\" \/>\n\t\t\t\t\t<\/a><script type=\"text\/javascript\" src=\"\/\/www.linksalpha.com\/scripts\/loader_iconbox.js?v=2.4\"><\/script><\/span><\/div><p>Ao lado de familiares e amiguinhos do aniversariante, comemoramos no final da tarde de ontem (20) mais um anivers\u00e1rio do MEU GABRIEL. A celebra\u00e7\u00e3o da vida, em qualquer idade, \u00e9 um evento que nunca cair\u00e1 de moda.<\/p>\n\n\t\t\t\t<div class=\"mr_social_sharing_wrapper\">\n\t\t\t\t<!-- Social Sharing Toolkit v2.2 --><span class=\"mr_social_sharing_top\"><span style=\"display: inline-block; width: 55px; height: 62px; overflow: hidden;\"><div class=\"fb-like\" data-href=\"http:\/\/www.blogdopilako.com.br\/wp\/2012\/09\/21\/mais-um-ano\/\" data-send=\"false\" data-layout=\"box_count\" data-width=\"55\" data-show-faces=\"false\"><\/div><\/span><\/span><span class=\"mr_social_sharing_top\"><fb:share-button type=\"box_count\" href=\"http:\/\/www.blogdopilako.com.br\/wp\/2012\/09\/21\/mais-um-ano\/\"><\/fb:share-button><\/span><span class=\"mr_social_sharing\"><a rel=\"nofollow\" class=\"linksalpha_button linksalpha_link\" href=\"\/\/www.linksalpha.com\/social\/mobile\" data-url=\"http:\/\/www.blogdopilako.com.br\/wp\/2012\/09\/21\/mais-um-ano\/\" data-text=\"Mais um ano\u2026\" data-desc=\"Ao lado de familiares e amiguinhos do aniversariante, comemoramos no final da tarde de ontem (20) mais um anivers\u00e1rio do MEU GABRIEL. A celebra\u00e7\u00e3o da vida, em qualquer idade, \u00e9 um evento que nunca cair\u00e1 de moda.\" data-image=\"\" data-button=\"none\">\n\t\t\t\t\t<img src=\"\/\/www.linksalpha.com\/images\/social_share_button.png\" alt=\"Share\" class=\"linksalpha_image\" \/>\n\t\t\t\t\t<\/a><script type=\"text\/javascript\" src=\"\/\/www.linksalpha.com\/scripts\/loader_iconbox.js?v=2.4\"><\/script><\/span><\/div>","protected":false},"author":4,"featured_media":0,"comment_status":"open","ping_status":"open","sticky":false,"template":"","format":"standard","meta":[],"categories":[21,22],"tags":[],"_links":{"self":[{"href":"http:\/\/www.blogdopilako.com.br\/wp\/wp-json\/wp\/v2\/posts\/27141"}],"collection":[{"href":"http:\/\/www.blogdopilako.com.br\/wp\/wp-json\/wp\/v2\/posts"}],"about":[{"href":"http:\/\/www.blogdopilako.com.br\/wp\/wp-json\/wp\/v2\/types\/post"}],"author":[{"embeddable":true,"href":"http:\/\/www.blogdopilako.com.br\/wp\/wp-json\/wp\/v2\/users\/4"}],"replies":[{"embeddable":true,"href":"http:\/\/www.blogdopilako.com.br\/wp\/wp-json\/wp\/v2\/comments?post=27141"}],"version-history":[{"count":3,"href":"http:\/\/www.blogdopilako.com.br\/wp\/wp-json\/wp\/v2\/posts\/27141\/revisions"}],"predecessor-version":[{"id":27150,"href":"http:\/\/www.blogdopilako.com.br\/wp\/wp-json\/wp\/v2\/posts\/27141\/revisions\/27150"}],"wp:attachment":[{"href":"http:\/\/www.blogdopilako.com.br\/wp\/wp-json\/wp\/v2\/media?parent=27141"}],"wp:term":[{"taxonomy":"category","embeddable":true,"href":"http:\/\/www.blogdopilako.com.br\/wp\/wp-json\/wp\/v2\/categories?post=27141"},{"taxonomy":"post_tag","embeddable":true,"href":"http:\/\/www.blogdopilako.com.br\/wp\/wp-json\/wp\/v2\/tags?post=27141"}],"curies":[{"name":"wp","href":"https:\/\/api.w.org\/{rel}","templated":true}]}}