{"id":26301,"date":"2012-09-06T15:36:23","date_gmt":"2012-09-06T18:36:23","guid":{"rendered":"http:\/\/www.blogdopilako.com.br\/wp\/?p=26301"},"modified":"2012-09-06T15:36:23","modified_gmt":"2012-09-06T18:36:23","slug":"a-bicharada-so-vem-aumentando","status":"publish","type":"post","link":"http:\/\/www.blogdopilako.com.br\/wp\/2012\/09\/06\/a-bicharada-so-vem-aumentando\/","title":{"rendered":"A &#8220;bicharada&#8221; s\u00f3 vem aumentando&#8230;"},"content":{"rendered":"\n\t\t\t\t<div class=\"mr_social_sharing_wrapper\">\n\t\t\t\t<!-- Social Sharing Toolkit v2.2 --><span class=\"mr_social_sharing_top\"><span style=\"display: inline-block; width: 55px; height: 62px; overflow: hidden;\"><div class=\"fb-like\" data-href=\"http:\/\/www.blogdopilako.com.br\/wp\/2012\/09\/06\/a-bicharada-so-vem-aumentando\/\" data-send=\"false\" data-layout=\"box_count\" data-width=\"55\" data-show-faces=\"false\"><\/div><\/span><\/span><span class=\"mr_social_sharing_top\"><fb:share-button type=\"box_count\" href=\"http:\/\/www.blogdopilako.com.br\/wp\/2012\/09\/06\/a-bicharada-so-vem-aumentando\/\"><\/fb:share-button><\/span><span class=\"mr_social_sharing\"><a rel=\"nofollow\" class=\"linksalpha_button linksalpha_link\" href=\"\/\/www.linksalpha.com\/social\/mobile\" data-url=\"http:\/\/www.blogdopilako.com.br\/wp\/2012\/09\/06\/a-bicharada-so-vem-aumentando\/\" data-text=\"A \u201cbicharada\u201d s\u00f3 vem aumentando\u2026\" data-desc=\"Na tarde de ontem (05) nossas lentes flagraram na Rua Hemenegildo Costa, no bairro dos Ferreiros, pr\u00f3ximo a FACOL, um cavalo \u201cpastando\u201d nas ruas se alimentando com lixo. Em praticamente em todos os bairros da cidade a \u201cpisada\u201d \u00e9 a mesma. Segundo coment\u00e1rios \u00e9 o senhor Beto Lira,\" data-image=\"http:\/\/www.blogdopilako.com.br\/wp\/wp-content\/uploads\/cavalo-2012-09-05-14.jpg\" data-button=\"none\">\n\t\t\t\t\t<img src=\"\/\/www.linksalpha.com\/images\/social_share_button.png\" alt=\"Share\" class=\"linksalpha_image\" \/>\n\t\t\t\t\t<\/a><script type=\"text\/javascript\" src=\"\/\/www.linksalpha.com\/scripts\/loader_iconbox.js?v=2.4\"><\/script><\/span><\/div><p style=\"text-align: justify;\"><a href=\"http:\/\/www.blogdopilako.com.br\/wp\/wp-content\/uploads\/cavalo-2012-09-05-14.jpg\"><img loading=\"lazy\" class=\"aligncenter size-full wp-image-26311\" title=\"cavalo-2012-09-05 14\" src=\"http:\/\/www.blogdopilako.com.br\/wp\/wp-content\/uploads\/cavalo-2012-09-05-14.jpg\" alt=\"\" width=\"560\" height=\"374\" \/><\/a><\/p>\n<p style=\"text-align: justify;\">Na tarde de ontem (05) nossas lentes flagraram na <strong>Rua Hemenegildo Costa<\/strong>, no bairro dos <strong>Ferreiros<\/strong>, pr\u00f3ximo a FACOL, um cavalo \u201cpastando\u201d nas ruas se alimentando com lixo. Em praticamente em todos os bairros da cidade a \u201cpisada\u201d \u00e9 a mesma.<\/p>\n<p style=\"text-align: justify;\">Segundo coment\u00e1rios \u00e9 o senhor Beto Lira, sobrinho do Prefeito, o respons\u00e1vel pela fiscaliza\u00e7\u00e3o e recolhimento dos animais que vivem perambulando pelas ruas da cidade.\u00a0 Mas, n\u00e3o \u00e9 novidade para ningu\u00e9m que a \u201cbicharada\u201d nas ruas s\u00f3 vem aumentando.<\/p>\n\n\t\t\t\t<div class=\"mr_social_sharing_wrapper\">\n\t\t\t\t<!-- Social Sharing Toolkit v2.2 --><span class=\"mr_social_sharing_top\"><span style=\"display: inline-block; width: 55px; height: 62px; overflow: hidden;\"><div class=\"fb-like\" data-href=\"http:\/\/www.blogdopilako.com.br\/wp\/2012\/09\/06\/a-bicharada-so-vem-aumentando\/\" data-send=\"false\" data-layout=\"box_count\" data-width=\"55\" data-show-faces=\"false\"><\/div><\/span><\/span><span class=\"mr_social_sharing_top\"><fb:share-button type=\"box_count\" href=\"http:\/\/www.blogdopilako.com.br\/wp\/2012\/09\/06\/a-bicharada-so-vem-aumentando\/\"><\/fb:share-button><\/span><span class=\"mr_social_sharing\"><a rel=\"nofollow\" class=\"linksalpha_button linksalpha_link\" href=\"\/\/www.linksalpha.com\/social\/mobile\" data-url=\"http:\/\/www.blogdopilako.com.br\/wp\/2012\/09\/06\/a-bicharada-so-vem-aumentando\/\" data-text=\"A \u201cbicharada\u201d s\u00f3 vem aumentando\u2026\" data-desc=\"Na tarde de ontem (05) nossas lentes flagraram na Rua Hemenegildo Costa, no bairro dos Ferreiros, pr\u00f3ximo a FACOL, um cavalo \u201cpastando\u201d nas ruas se alimentando com lixo. Em praticamente em todos os bairros da cidade a \u201cpisada\u201d \u00e9 a mesma. Segundo coment\u00e1rios \u00e9 o senhor Beto Lira,\" data-image=\"http:\/\/www.blogdopilako.com.br\/wp\/wp-content\/uploads\/cavalo-2012-09-05-14.jpg\" data-button=\"none\">\n\t\t\t\t\t<img src=\"\/\/www.linksalpha.com\/images\/social_share_button.png\" alt=\"Share\" class=\"linksalpha_image\" \/>\n\t\t\t\t\t<\/a><script type=\"text\/javascript\" src=\"\/\/www.linksalpha.com\/scripts\/loader_iconbox.js?v=2.4\"><\/script><\/span><\/div>","protected":false},"excerpt":{"rendered":"\n\t\t\t\t<div class=\"mr_social_sharing_wrapper\">\n\t\t\t\t<!-- Social Sharing Toolkit v2.2 --><span class=\"mr_social_sharing_top\"><span style=\"display: inline-block; width: 55px; height: 62px; overflow: hidden;\"><div class=\"fb-like\" data-href=\"http:\/\/www.blogdopilako.com.br\/wp\/2012\/09\/06\/a-bicharada-so-vem-aumentando\/\" data-send=\"false\" data-layout=\"box_count\" data-width=\"55\" data-show-faces=\"false\"><\/div><\/span><\/span><span class=\"mr_social_sharing_top\"><fb:share-button type=\"box_count\" href=\"http:\/\/www.blogdopilako.com.br\/wp\/2012\/09\/06\/a-bicharada-so-vem-aumentando\/\"><\/fb:share-button><\/span><span class=\"mr_social_sharing\"><a rel=\"nofollow\" class=\"linksalpha_button linksalpha_link\" href=\"\/\/www.linksalpha.com\/social\/mobile\" data-url=\"http:\/\/www.blogdopilako.com.br\/wp\/2012\/09\/06\/a-bicharada-so-vem-aumentando\/\" data-text=\"A \u201cbicharada\u201d s\u00f3 vem aumentando\u2026\" data-desc=\"Na tarde de ontem (05) nossas lentes flagraram na Rua Hemenegildo Costa, no bairro dos Ferreiros, pr\u00f3ximo a FACOL, um cavalo \u201cpastando\u201d nas ruas se alimentando com lixo. Em praticamente em todos os bairros da cidade a \u201cpisada\u201d \u00e9 a mesma. Segundo coment\u00e1rios \u00e9 o senhor Beto Lira,\" data-image=\"\" data-button=\"none\">\n\t\t\t\t\t<img src=\"\/\/www.linksalpha.com\/images\/social_share_button.png\" alt=\"Share\" class=\"linksalpha_image\" \/>\n\t\t\t\t\t<\/a><script type=\"text\/javascript\" src=\"\/\/www.linksalpha.com\/scripts\/loader_iconbox.js?v=2.4\"><\/script><\/span><\/div><p>Na tarde de ontem (05) nossas lentes flagraram na Rua Hemenegildo Costa, no bairro dos Ferreiros, pr\u00f3ximo a FACOL, um cavalo \u201cpastando\u201d nas ruas se alimentando com lixo. Em praticamente em todos os bairros da cidade a \u201cpisada\u201d \u00e9 a &hellip; <a href=\"http:\/\/www.blogdopilako.com.br\/wp\/2012\/09\/06\/a-bicharada-so-vem-aumentando\/\">Continue lendo <span class=\"meta-nav\">&rarr;<\/span><\/a><\/p>\n\n\t\t\t\t<div class=\"mr_social_sharing_wrapper\">\n\t\t\t\t<!-- Social Sharing Toolkit v2.2 --><span class=\"mr_social_sharing_top\"><span style=\"display: inline-block; width: 55px; height: 62px; overflow: hidden;\"><div class=\"fb-like\" data-href=\"http:\/\/www.blogdopilako.com.br\/wp\/2012\/09\/06\/a-bicharada-so-vem-aumentando\/\" data-send=\"false\" data-layout=\"box_count\" data-width=\"55\" data-show-faces=\"false\"><\/div><\/span><\/span><span class=\"mr_social_sharing_top\"><fb:share-button type=\"box_count\" href=\"http:\/\/www.blogdopilako.com.br\/wp\/2012\/09\/06\/a-bicharada-so-vem-aumentando\/\"><\/fb:share-button><\/span><span class=\"mr_social_sharing\"><a rel=\"nofollow\" class=\"linksalpha_button linksalpha_link\" href=\"\/\/www.linksalpha.com\/social\/mobile\" data-url=\"http:\/\/www.blogdopilako.com.br\/wp\/2012\/09\/06\/a-bicharada-so-vem-aumentando\/\" data-text=\"A \u201cbicharada\u201d s\u00f3 vem aumentando\u2026\" data-desc=\"Na tarde de ontem (05) nossas lentes flagraram na Rua Hemenegildo Costa, no bairro dos Ferreiros, pr\u00f3ximo a FACOL, um cavalo \u201cpastando\u201d nas ruas se alimentando com lixo. Em praticamente em todos os bairros da cidade a \u201cpisada\u201d \u00e9 a mesma. Segundo coment\u00e1rios \u00e9 o senhor Beto Lira,\" data-image=\"\" data-button=\"none\">\n\t\t\t\t\t<img src=\"\/\/www.linksalpha.com\/images\/social_share_button.png\" alt=\"Share\" class=\"linksalpha_image\" \/>\n\t\t\t\t\t<\/a><script type=\"text\/javascript\" src=\"\/\/www.linksalpha.com\/scripts\/loader_iconbox.js?v=2.4\"><\/script><\/span><\/div>","protected":false},"author":4,"featured_media":0,"comment_status":"open","ping_status":"open","sticky":false,"template":"","format":"standard","meta":[],"categories":[21,22],"tags":[],"_links":{"self":[{"href":"http:\/\/www.blogdopilako.com.br\/wp\/wp-json\/wp\/v2\/posts\/26301"}],"collection":[{"href":"http:\/\/www.blogdopilako.com.br\/wp\/wp-json\/wp\/v2\/posts"}],"about":[{"href":"http:\/\/www.blogdopilako.com.br\/wp\/wp-json\/wp\/v2\/types\/post"}],"author":[{"embeddable":true,"href":"http:\/\/www.blogdopilako.com.br\/wp\/wp-json\/wp\/v2\/users\/4"}],"replies":[{"embeddable":true,"href":"http:\/\/www.blogdopilako.com.br\/wp\/wp-json\/wp\/v2\/comments?post=26301"}],"version-history":[{"count":4,"href":"http:\/\/www.blogdopilako.com.br\/wp\/wp-json\/wp\/v2\/posts\/26301\/revisions"}],"predecessor-version":[{"id":26312,"href":"http:\/\/www.blogdopilako.com.br\/wp\/wp-json\/wp\/v2\/posts\/26301\/revisions\/26312"}],"wp:attachment":[{"href":"http:\/\/www.blogdopilako.com.br\/wp\/wp-json\/wp\/v2\/media?parent=26301"}],"wp:term":[{"taxonomy":"category","embeddable":true,"href":"http:\/\/www.blogdopilako.com.br\/wp\/wp-json\/wp\/v2\/categories?post=26301"},{"taxonomy":"post_tag","embeddable":true,"href":"http:\/\/www.blogdopilako.com.br\/wp\/wp-json\/wp\/v2\/tags?post=26301"}],"curies":[{"name":"wp","href":"https:\/\/api.w.org\/{rel}","templated":true}]}}