{"id":2488,"date":"2011-07-28T17:04:03","date_gmt":"2011-07-28T20:04:03","guid":{"rendered":"http:\/\/www.blogdopilako.com.br\/wp\/?p=2488"},"modified":"2011-07-28T17:13:36","modified_gmt":"2011-07-28T20:13:36","slug":"gambiarra-servicinho-bem-feito","status":"publish","type":"post","link":"http:\/\/www.blogdopilako.com.br\/wp\/2011\/07\/28\/gambiarra-servicinho-bem-feito\/","title":{"rendered":"Gambiarra: Servicinho bem feito&#8230;"},"content":{"rendered":"\n\t\t\t\t<div class=\"mr_social_sharing_wrapper\">\n\t\t\t\t<!-- Social Sharing Toolkit v2.2 --><span class=\"mr_social_sharing_top\"><span style=\"display: inline-block; width: 55px; height: 62px; overflow: hidden;\"><div class=\"fb-like\" data-href=\"http:\/\/www.blogdopilako.com.br\/wp\/2011\/07\/28\/gambiarra-servicinho-bem-feito\/\" data-send=\"false\" data-layout=\"box_count\" data-width=\"55\" data-show-faces=\"false\"><\/div><\/span><\/span><span class=\"mr_social_sharing_top\"><fb:share-button type=\"box_count\" href=\"http:\/\/www.blogdopilako.com.br\/wp\/2011\/07\/28\/gambiarra-servicinho-bem-feito\/\"><\/fb:share-button><\/span><span class=\"mr_social_sharing\"><a rel=\"nofollow\" class=\"linksalpha_button linksalpha_link\" href=\"\/\/www.linksalpha.com\/social\/mobile\" data-url=\"http:\/\/www.blogdopilako.com.br\/wp\/2011\/07\/28\/gambiarra-servicinho-bem-feito\/\" data-text=\"Gambiarra: Servicinho bem feito\u2026\" data-desc=\"\ufeff Na manh\u00e3 desta quinta-feira (28) nossas lentes flagraram servi\u00e7os sendo realizados por uma \u201cempresa contratada\u201d pela Prefeitura para fazer alguns reparos na Pra\u00e7a 3 de Agosto, mais conhecida como Pra\u00e7a do Jacar\u00e9. \u00c9 bom lembrar que ela ainda \u00e9 a mais bela entre todas da cidade,\" data-image=\"\" data-button=\"none\">\n\t\t\t\t\t<img src=\"\/\/www.linksalpha.com\/images\/social_share_button.png\" alt=\"Share\" class=\"linksalpha_image\" \/>\n\t\t\t\t\t<\/a><script type=\"text\/javascript\" src=\"\/\/www.linksalpha.com\/scripts\/loader_iconbox.js?v=2.4\"><\/script><\/span><\/div><p style=\"text-align: justify;\">\ufeff[portfolio_slideshow timeout=10000, nav=false, size=medium, showtitles=false, trans=scrollHorz, thumbs=false]<\/p>\n<p style=\"text-align: justify;\">Na manh\u00e3 desta quinta-feira (28) nossas lentes flagraram servi\u00e7os sendo realizados por uma <strong>\u201cempresa contratada\u201d<\/strong> pela Prefeitura para fazer alguns reparos na <strong>Pra\u00e7a 3 de Agosto, <\/strong>mais conhecida como Pra\u00e7a do Jacar\u00e9. \u00c9 bom lembrar que ela ainda \u00e9 a mais bela entre todas da cidade, constru\u00edda na d\u00e9cada de 50 pelo ent\u00e3o prefeito Manoel de Holanda. Na ocasi\u00e3o observamos que os <strong>\u201cfuncion\u00e1rios\u201d<\/strong> da tal empresa <strong><em>(j\u00e1 que pelo fardamento n\u00e3o se pode identificar \u00a0qual \u00e9 a empresa)<\/em><\/strong> est\u00e3o fazendo a pintura sem ao menos consertar os bancos. O <strong>Secret\u00e1rio de Planejamento da atual gest\u00e3o<\/strong>, que atua como uma esp\u00e9cie de <strong>\u201cgerent\u00e3o\u201d<\/strong> da Prefeitura deveria ser mais atento. <strong>Pense numa gambiarra!<\/strong><\/p>\n\n\t\t\t\t<div class=\"mr_social_sharing_wrapper\">\n\t\t\t\t<!-- Social Sharing Toolkit v2.2 --><span class=\"mr_social_sharing_top\"><span style=\"display: inline-block; width: 55px; height: 62px; overflow: hidden;\"><div class=\"fb-like\" data-href=\"http:\/\/www.blogdopilako.com.br\/wp\/2011\/07\/28\/gambiarra-servicinho-bem-feito\/\" data-send=\"false\" data-layout=\"box_count\" data-width=\"55\" data-show-faces=\"false\"><\/div><\/span><\/span><span class=\"mr_social_sharing_top\"><fb:share-button type=\"box_count\" href=\"http:\/\/www.blogdopilako.com.br\/wp\/2011\/07\/28\/gambiarra-servicinho-bem-feito\/\"><\/fb:share-button><\/span><span class=\"mr_social_sharing\"><a rel=\"nofollow\" class=\"linksalpha_button linksalpha_link\" href=\"\/\/www.linksalpha.com\/social\/mobile\" data-url=\"http:\/\/www.blogdopilako.com.br\/wp\/2011\/07\/28\/gambiarra-servicinho-bem-feito\/\" data-text=\"Gambiarra: Servicinho bem feito\u2026\" data-desc=\"\ufeff Na manh\u00e3 desta quinta-feira (28) nossas lentes flagraram servi\u00e7os sendo realizados por uma \u201cempresa contratada\u201d pela Prefeitura para fazer alguns reparos na Pra\u00e7a 3 de Agosto, mais conhecida como Pra\u00e7a do Jacar\u00e9. \u00c9 bom lembrar que ela ainda \u00e9 a mais bela entre todas da cidade,\" data-image=\"\" data-button=\"none\">\n\t\t\t\t\t<img src=\"\/\/www.linksalpha.com\/images\/social_share_button.png\" alt=\"Share\" class=\"linksalpha_image\" \/>\n\t\t\t\t\t<\/a><script type=\"text\/javascript\" src=\"\/\/www.linksalpha.com\/scripts\/loader_iconbox.js?v=2.4\"><\/script><\/span><\/div>","protected":false},"excerpt":{"rendered":"\n\t\t\t\t<div class=\"mr_social_sharing_wrapper\">\n\t\t\t\t<!-- Social Sharing Toolkit v2.2 --><span class=\"mr_social_sharing_top\"><span style=\"display: inline-block; width: 55px; height: 62px; overflow: hidden;\"><div class=\"fb-like\" data-href=\"http:\/\/www.blogdopilako.com.br\/wp\/2011\/07\/28\/gambiarra-servicinho-bem-feito\/\" data-send=\"false\" data-layout=\"box_count\" data-width=\"55\" data-show-faces=\"false\"><\/div><\/span><\/span><span class=\"mr_social_sharing_top\"><fb:share-button type=\"box_count\" href=\"http:\/\/www.blogdopilako.com.br\/wp\/2011\/07\/28\/gambiarra-servicinho-bem-feito\/\"><\/fb:share-button><\/span><span class=\"mr_social_sharing\"><a rel=\"nofollow\" class=\"linksalpha_button linksalpha_link\" href=\"\/\/www.linksalpha.com\/social\/mobile\" data-url=\"http:\/\/www.blogdopilako.com.br\/wp\/2011\/07\/28\/gambiarra-servicinho-bem-feito\/\" data-text=\"Gambiarra: Servicinho bem feito\u2026\" data-desc=\"\ufeff Na manh\u00e3 desta quinta-feira (28) nossas lentes flagraram servi\u00e7os sendo realizados por uma \u201cempresa contratada\u201d pela Prefeitura para fazer alguns reparos na Pra\u00e7a 3 de Agosto, mais conhecida como Pra\u00e7a do Jacar\u00e9. \u00c9 bom lembrar que ela ainda \u00e9 a mais bela entre todas da cidade,\" data-image=\"\" data-button=\"none\">\n\t\t\t\t\t<img src=\"\/\/www.linksalpha.com\/images\/social_share_button.png\" alt=\"Share\" class=\"linksalpha_image\" \/>\n\t\t\t\t\t<\/a><script type=\"text\/javascript\" src=\"\/\/www.linksalpha.com\/scripts\/loader_iconbox.js?v=2.4\"><\/script><\/span><\/div><p>\ufeff[portfolio_slideshow timeout=10000, nav=false, size=medium, showtitles=false, trans=scrollHorz, thumbs=false] Na manh\u00e3 desta quinta-feira (28) nossas lentes flagraram servi\u00e7os sendo realizados por uma \u201cempresa contratada\u201d pela Prefeitura para fazer alguns reparos na Pra\u00e7a 3 de Agosto, mais conhecida como Pra\u00e7a do Jacar\u00e9. \u00c9 &hellip; <a href=\"http:\/\/www.blogdopilako.com.br\/wp\/2011\/07\/28\/gambiarra-servicinho-bem-feito\/\">Continue lendo <span class=\"meta-nav\">&rarr;<\/span><\/a><\/p>\n\n\t\t\t\t<div class=\"mr_social_sharing_wrapper\">\n\t\t\t\t<!-- Social Sharing Toolkit v2.2 --><span class=\"mr_social_sharing_top\"><span style=\"display: inline-block; width: 55px; height: 62px; overflow: hidden;\"><div class=\"fb-like\" data-href=\"http:\/\/www.blogdopilako.com.br\/wp\/2011\/07\/28\/gambiarra-servicinho-bem-feito\/\" data-send=\"false\" data-layout=\"box_count\" data-width=\"55\" data-show-faces=\"false\"><\/div><\/span><\/span><span class=\"mr_social_sharing_top\"><fb:share-button type=\"box_count\" href=\"http:\/\/www.blogdopilako.com.br\/wp\/2011\/07\/28\/gambiarra-servicinho-bem-feito\/\"><\/fb:share-button><\/span><span class=\"mr_social_sharing\"><a rel=\"nofollow\" class=\"linksalpha_button linksalpha_link\" href=\"\/\/www.linksalpha.com\/social\/mobile\" data-url=\"http:\/\/www.blogdopilako.com.br\/wp\/2011\/07\/28\/gambiarra-servicinho-bem-feito\/\" data-text=\"Gambiarra: Servicinho bem feito\u2026\" data-desc=\"\ufeff Na manh\u00e3 desta quinta-feira (28) nossas lentes flagraram servi\u00e7os sendo realizados por uma \u201cempresa contratada\u201d pela Prefeitura para fazer alguns reparos na Pra\u00e7a 3 de Agosto, mais conhecida como Pra\u00e7a do Jacar\u00e9. \u00c9 bom lembrar que ela ainda \u00e9 a mais bela entre todas da cidade,\" data-image=\"\" data-button=\"none\">\n\t\t\t\t\t<img src=\"\/\/www.linksalpha.com\/images\/social_share_button.png\" alt=\"Share\" class=\"linksalpha_image\" \/>\n\t\t\t\t\t<\/a><script type=\"text\/javascript\" src=\"\/\/www.linksalpha.com\/scripts\/loader_iconbox.js?v=2.4\"><\/script><\/span><\/div>","protected":false},"author":4,"featured_media":0,"comment_status":"open","ping_status":"open","sticky":false,"template":"","format":"standard","meta":[],"categories":[21,25],"tags":[],"_links":{"self":[{"href":"http:\/\/www.blogdopilako.com.br\/wp\/wp-json\/wp\/v2\/posts\/2488"}],"collection":[{"href":"http:\/\/www.blogdopilako.com.br\/wp\/wp-json\/wp\/v2\/posts"}],"about":[{"href":"http:\/\/www.blogdopilako.com.br\/wp\/wp-json\/wp\/v2\/types\/post"}],"author":[{"embeddable":true,"href":"http:\/\/www.blogdopilako.com.br\/wp\/wp-json\/wp\/v2\/users\/4"}],"replies":[{"embeddable":true,"href":"http:\/\/www.blogdopilako.com.br\/wp\/wp-json\/wp\/v2\/comments?post=2488"}],"version-history":[{"count":10,"href":"http:\/\/www.blogdopilako.com.br\/wp\/wp-json\/wp\/v2\/posts\/2488\/revisions"}],"predecessor-version":[{"id":2564,"href":"http:\/\/www.blogdopilako.com.br\/wp\/wp-json\/wp\/v2\/posts\/2488\/revisions\/2564"}],"wp:attachment":[{"href":"http:\/\/www.blogdopilako.com.br\/wp\/wp-json\/wp\/v2\/media?parent=2488"}],"wp:term":[{"taxonomy":"category","embeddable":true,"href":"http:\/\/www.blogdopilako.com.br\/wp\/wp-json\/wp\/v2\/categories?post=2488"},{"taxonomy":"post_tag","embeddable":true,"href":"http:\/\/www.blogdopilako.com.br\/wp\/wp-json\/wp\/v2\/tags?post=2488"}],"curies":[{"name":"wp","href":"https:\/\/api.w.org\/{rel}","templated":true}]}}