{"id":2455,"date":"2011-07-27T18:27:10","date_gmt":"2011-07-27T21:27:10","guid":{"rendered":"http:\/\/www.blogdopilako.com.br\/wp\/?p=2455"},"modified":"2011-07-28T08:13:50","modified_gmt":"2011-07-28T11:13:50","slug":"desmonte-das-tabocas-falta-estrutura","status":"publish","type":"post","link":"http:\/\/www.blogdopilako.com.br\/wp\/2011\/07\/27\/desmonte-das-tabocas-falta-estrutura\/","title":{"rendered":"(Des)Monte das Tabocas: falta estrutura"},"content":{"rendered":"\n\t\t\t\t<div class=\"mr_social_sharing_wrapper\">\n\t\t\t\t<!-- Social Sharing Toolkit v2.2 --><span class=\"mr_social_sharing_top\"><span style=\"display: inline-block; width: 55px; height: 62px; overflow: hidden;\"><div class=\"fb-like\" data-href=\"http:\/\/www.blogdopilako.com.br\/wp\/2011\/07\/27\/desmonte-das-tabocas-falta-estrutura\/\" data-send=\"false\" data-layout=\"box_count\" data-width=\"55\" data-show-faces=\"false\"><\/div><\/span><\/span><span class=\"mr_social_sharing_top\"><fb:share-button type=\"box_count\" href=\"http:\/\/www.blogdopilako.com.br\/wp\/2011\/07\/27\/desmonte-das-tabocas-falta-estrutura\/\"><\/fb:share-button><\/span><span class=\"mr_social_sharing\"><a rel=\"nofollow\" class=\"linksalpha_button linksalpha_link\" href=\"\/\/www.linksalpha.com\/social\/mobile\" data-url=\"http:\/\/www.blogdopilako.com.br\/wp\/2011\/07\/27\/desmonte-das-tabocas-falta-estrutura\/\" data-text=\"(Des)Monte das Tabocas: falta estrutura\" data-desc=\"\ufeff Dando continuidade a s\u00e9rie de postagens sobre o Monte das Tabocas, o abandono ao nosso maior patrim\u00f4nio \u00e9 vis\u00edvel nas estruturas f\u00edsicas: bancos quebrados, falta de pintura, madeiramento com cupim, telhado danificado, pr\u00e9dio com rachaduras e a capela sendo protegida contra a chuva por\" data-image=\"http:\/\/1.bp.blogspot.com\/_UJB9XwmBIPc\/RftIB3C8eyI\/AAAAAAAAADE\/QMOTcU38kaU\/s320\/paulofacol2.jpg\" data-button=\"none\">\n\t\t\t\t\t<img src=\"\/\/www.linksalpha.com\/images\/social_share_button.png\" alt=\"Share\" class=\"linksalpha_image\" \/>\n\t\t\t\t\t<\/a><script type=\"text\/javascript\" src=\"\/\/www.linksalpha.com\/scripts\/loader_iconbox.js?v=2.4\"><\/script><\/span><\/div><p style=\"text-align: justify;\">\ufeff[portfolio_slideshow timeout=10000, nav=false, size=medium, showtitles=false, trans=scrollHorz, thumbs=false]<\/p>\n<p style=\"text-align: justify;\">Dando continuidade a s\u00e9rie de postagens sobre o Monte das Tabocas, o abandono ao nosso maior patrim\u00f4nio \u00e9 vis\u00edvel nas estruturas f\u00edsicas: bancos quebrados, falta de pintura, madeiramento com cupim, telhado danificado, pr\u00e9dio com rachaduras e a capela sendo protegida contra a chuva por lonas, s\u00e3o apenas alguns dos problemas encontrados. Os nossos gestores, provavelmente, por falta de capacidade administrativa, deixam no visitante a impress\u00e3o que o vitoriense n\u00e3o d\u00e1 o menor valor ao Monte das Tabocas, passando assim, tamb\u00e9m para as novas gera\u00e7\u00f5es um sentimento que n\u00e3o se traduz em verdade.<\/p>\n<h3><span style=\"color: #ff0000;\"><strong>J\u00e1 em 2009&#8230;<\/strong><\/span><\/h3>\n<p style=\"text-align: justify;\">De nada adiantou a reuni\u00e3o do dia <strong>13 de julho de 2009<\/strong>, realizada pelo prefeito<strong> Elias Lira<\/strong> e o vice-prefeito<strong> Henrique Filho,<\/strong> junto com as equipes da Secretaria de Obras e Secretaria de Turismo, Cultura e Esporte, \u00a0realizada no Monte das Tabocas, que constataram que o mesmo estava abandonado. Na ocasi\u00e3o a gest\u00e3o do <strong>Governo de Todos<\/strong> prometia resgatar o Sitio Hist\u00f3rico.<\/p>\n<div style=\"width: 310px\" class=\"wp-caption alignleft\"><img loading=\"lazy\" class=\" \" title=\"paulo\" src=\"http:\/\/1.bp.blogspot.com\/_UJB9XwmBIPc\/RftIB3C8eyI\/AAAAAAAAADE\/QMOTcU38kaU\/s320\/paulofacol2.jpg\" alt=\"\" width=\"300\" height=\"225\" \/><p class=\"wp-caption-text\">Paulo Roberto - Atual Secret\u00e1rio de Turismo, Cultura e Esportes - Foto: Blog Politica Vitoriense<\/p><\/div>\n<p style=\"text-align: justify;\">O Secret\u00e1rio de Turismo, Cultura e Esporte, <strong>Paulo Roberto <\/strong>(foto), destacou a necessidade de se fazer uma campanha que consolidasse o nosso sentimento nativista, visto que foi aqui em Vit\u00f3ria que se iniciou o ber\u00e7o libert\u00e1rio da na\u00e7\u00e3o brasileira.<\/p>\n<p style=\"text-align: justify;\"><strong>Dois anos depois, com quase tr\u00eas anos de gest\u00e3o o Monte \u00e9 o retrato do abandono.<\/strong><\/p>\n<p style=\"text-align: justify;\">\u00a0<\/p>\n<p style=\"text-align: justify;\"><strong>Veja outras postagens sobre o tema:<\/strong><br \/>\n<strong><a href=\"http:\/\/www.blogdopilako.com.br\/wp\/2011\/07\/26\/desmonte-das-tabocas-dificil-acesso\/\">(Des)Monte das Tabocas: dif\u00edcil acesso<\/a><br \/>\n<a href=\"http:\/\/www.blogdopilako.com.br\/wp\/2011\/07\/25\/desmonte-das-tabocas\/\">(Des)Monte das Tabocas<\/a><\/strong><\/p>\n\n\t\t\t\t<div class=\"mr_social_sharing_wrapper\">\n\t\t\t\t<!-- Social Sharing Toolkit v2.2 --><span class=\"mr_social_sharing_top\"><span style=\"display: inline-block; width: 55px; height: 62px; overflow: hidden;\"><div class=\"fb-like\" data-href=\"http:\/\/www.blogdopilako.com.br\/wp\/2011\/07\/27\/desmonte-das-tabocas-falta-estrutura\/\" data-send=\"false\" data-layout=\"box_count\" data-width=\"55\" data-show-faces=\"false\"><\/div><\/span><\/span><span class=\"mr_social_sharing_top\"><fb:share-button type=\"box_count\" href=\"http:\/\/www.blogdopilako.com.br\/wp\/2011\/07\/27\/desmonte-das-tabocas-falta-estrutura\/\"><\/fb:share-button><\/span><span class=\"mr_social_sharing\"><a rel=\"nofollow\" class=\"linksalpha_button linksalpha_link\" href=\"\/\/www.linksalpha.com\/social\/mobile\" data-url=\"http:\/\/www.blogdopilako.com.br\/wp\/2011\/07\/27\/desmonte-das-tabocas-falta-estrutura\/\" data-text=\"(Des)Monte das Tabocas: falta estrutura\" data-desc=\"\ufeff Dando continuidade a s\u00e9rie de postagens sobre o Monte das Tabocas, o abandono ao nosso maior patrim\u00f4nio \u00e9 vis\u00edvel nas estruturas f\u00edsicas: bancos quebrados, falta de pintura, madeiramento com cupim, telhado danificado, pr\u00e9dio com rachaduras e a capela sendo protegida contra a chuva por\" data-image=\"http:\/\/1.bp.blogspot.com\/_UJB9XwmBIPc\/RftIB3C8eyI\/AAAAAAAAADE\/QMOTcU38kaU\/s320\/paulofacol2.jpg\" data-button=\"none\">\n\t\t\t\t\t<img src=\"\/\/www.linksalpha.com\/images\/social_share_button.png\" alt=\"Share\" class=\"linksalpha_image\" \/>\n\t\t\t\t\t<\/a><script type=\"text\/javascript\" src=\"\/\/www.linksalpha.com\/scripts\/loader_iconbox.js?v=2.4\"><\/script><\/span><\/div>","protected":false},"excerpt":{"rendered":"\n\t\t\t\t<div class=\"mr_social_sharing_wrapper\">\n\t\t\t\t<!-- Social Sharing Toolkit v2.2 --><span class=\"mr_social_sharing_top\"><span style=\"display: inline-block; width: 55px; height: 62px; overflow: hidden;\"><div class=\"fb-like\" data-href=\"http:\/\/www.blogdopilako.com.br\/wp\/2011\/07\/27\/desmonte-das-tabocas-falta-estrutura\/\" data-send=\"false\" data-layout=\"box_count\" data-width=\"55\" data-show-faces=\"false\"><\/div><\/span><\/span><span class=\"mr_social_sharing_top\"><fb:share-button type=\"box_count\" href=\"http:\/\/www.blogdopilako.com.br\/wp\/2011\/07\/27\/desmonte-das-tabocas-falta-estrutura\/\"><\/fb:share-button><\/span><span class=\"mr_social_sharing\"><a rel=\"nofollow\" class=\"linksalpha_button linksalpha_link\" href=\"\/\/www.linksalpha.com\/social\/mobile\" data-url=\"http:\/\/www.blogdopilako.com.br\/wp\/2011\/07\/27\/desmonte-das-tabocas-falta-estrutura\/\" data-text=\"(Des)Monte das Tabocas: falta estrutura\" data-desc=\"\ufeff Dando continuidade a s\u00e9rie de postagens sobre o Monte das Tabocas, o abandono ao nosso maior patrim\u00f4nio \u00e9 vis\u00edvel nas estruturas f\u00edsicas: bancos quebrados, falta de pintura, madeiramento com cupim, telhado danificado, pr\u00e9dio com rachaduras e a capela sendo protegida contra a chuva por\" data-image=\"\" data-button=\"none\">\n\t\t\t\t\t<img src=\"\/\/www.linksalpha.com\/images\/social_share_button.png\" alt=\"Share\" class=\"linksalpha_image\" \/>\n\t\t\t\t\t<\/a><script type=\"text\/javascript\" src=\"\/\/www.linksalpha.com\/scripts\/loader_iconbox.js?v=2.4\"><\/script><\/span><\/div><p>\ufeff[portfolio_slideshow timeout=10000, nav=false, size=medium, showtitles=false, trans=scrollHorz, thumbs=false] Dando continuidade a s\u00e9rie de postagens sobre o Monte das Tabocas, o abandono ao nosso maior patrim\u00f4nio \u00e9 vis\u00edvel nas estruturas f\u00edsicas: bancos quebrados, falta de pintura, madeiramento com cupim, telhado danificado, pr\u00e9dio &hellip; <a href=\"http:\/\/www.blogdopilako.com.br\/wp\/2011\/07\/27\/desmonte-das-tabocas-falta-estrutura\/\">Continue lendo <span class=\"meta-nav\">&rarr;<\/span><\/a><\/p>\n\n\t\t\t\t<div class=\"mr_social_sharing_wrapper\">\n\t\t\t\t<!-- Social Sharing Toolkit v2.2 --><span class=\"mr_social_sharing_top\"><span style=\"display: inline-block; width: 55px; height: 62px; overflow: hidden;\"><div class=\"fb-like\" data-href=\"http:\/\/www.blogdopilako.com.br\/wp\/2011\/07\/27\/desmonte-das-tabocas-falta-estrutura\/\" data-send=\"false\" data-layout=\"box_count\" data-width=\"55\" data-show-faces=\"false\"><\/div><\/span><\/span><span class=\"mr_social_sharing_top\"><fb:share-button type=\"box_count\" href=\"http:\/\/www.blogdopilako.com.br\/wp\/2011\/07\/27\/desmonte-das-tabocas-falta-estrutura\/\"><\/fb:share-button><\/span><span class=\"mr_social_sharing\"><a rel=\"nofollow\" class=\"linksalpha_button linksalpha_link\" href=\"\/\/www.linksalpha.com\/social\/mobile\" data-url=\"http:\/\/www.blogdopilako.com.br\/wp\/2011\/07\/27\/desmonte-das-tabocas-falta-estrutura\/\" data-text=\"(Des)Monte das Tabocas: falta estrutura\" data-desc=\"\ufeff Dando continuidade a s\u00e9rie de postagens sobre o Monte das Tabocas, o abandono ao nosso maior patrim\u00f4nio \u00e9 vis\u00edvel nas estruturas f\u00edsicas: bancos quebrados, falta de pintura, madeiramento com cupim, telhado danificado, pr\u00e9dio com rachaduras e a capela sendo protegida contra a chuva por\" data-image=\"\" data-button=\"none\">\n\t\t\t\t\t<img src=\"\/\/www.linksalpha.com\/images\/social_share_button.png\" alt=\"Share\" class=\"linksalpha_image\" \/>\n\t\t\t\t\t<\/a><script type=\"text\/javascript\" src=\"\/\/www.linksalpha.com\/scripts\/loader_iconbox.js?v=2.4\"><\/script><\/span><\/div>","protected":false},"author":4,"featured_media":0,"comment_status":"open","ping_status":"open","sticky":false,"template":"","format":"standard","meta":[],"categories":[21],"tags":[],"_links":{"self":[{"href":"http:\/\/www.blogdopilako.com.br\/wp\/wp-json\/wp\/v2\/posts\/2455"}],"collection":[{"href":"http:\/\/www.blogdopilako.com.br\/wp\/wp-json\/wp\/v2\/posts"}],"about":[{"href":"http:\/\/www.blogdopilako.com.br\/wp\/wp-json\/wp\/v2\/types\/post"}],"author":[{"embeddable":true,"href":"http:\/\/www.blogdopilako.com.br\/wp\/wp-json\/wp\/v2\/users\/4"}],"replies":[{"embeddable":true,"href":"http:\/\/www.blogdopilako.com.br\/wp\/wp-json\/wp\/v2\/comments?post=2455"}],"version-history":[{"count":14,"href":"http:\/\/www.blogdopilako.com.br\/wp\/wp-json\/wp\/v2\/posts\/2455\/revisions"}],"predecessor-version":[{"id":2473,"href":"http:\/\/www.blogdopilako.com.br\/wp\/wp-json\/wp\/v2\/posts\/2455\/revisions\/2473"}],"wp:attachment":[{"href":"http:\/\/www.blogdopilako.com.br\/wp\/wp-json\/wp\/v2\/media?parent=2455"}],"wp:term":[{"taxonomy":"category","embeddable":true,"href":"http:\/\/www.blogdopilako.com.br\/wp\/wp-json\/wp\/v2\/categories?post=2455"},{"taxonomy":"post_tag","embeddable":true,"href":"http:\/\/www.blogdopilako.com.br\/wp\/wp-json\/wp\/v2\/tags?post=2455"}],"curies":[{"name":"wp","href":"https:\/\/api.w.org\/{rel}","templated":true}]}}