{"id":23837,"date":"2012-07-31T15:30:36","date_gmt":"2012-07-31T18:30:36","guid":{"rendered":"http:\/\/www.blogdopilako.com.br\/wp\/?p=23837"},"modified":"2015-06-11T11:07:34","modified_gmt":"2015-06-11T14:07:34","slug":"apelidos-vitorienses-paulino-moleza","status":"publish","type":"post","link":"http:\/\/www.blogdopilako.com.br\/wp\/2012\/07\/31\/apelidos-vitorienses-paulino-moleza\/","title":{"rendered":"Apelidos Vitorienses: Paulinho Moleza"},"content":{"rendered":"\n\t\t\t\t<div class=\"mr_social_sharing_wrapper\">\n\t\t\t\t<!-- Social Sharing Toolkit v2.2 --><span class=\"mr_social_sharing_top\"><span style=\"display: inline-block; width: 55px; height: 62px; overflow: hidden;\"><div class=\"fb-like\" data-href=\"http:\/\/www.blogdopilako.com.br\/wp\/2012\/07\/31\/apelidos-vitorienses-paulino-moleza\/\" data-send=\"false\" data-layout=\"box_count\" data-width=\"55\" data-show-faces=\"false\"><\/div><\/span><\/span><span class=\"mr_social_sharing_top\"><fb:share-button type=\"box_count\" href=\"http:\/\/www.blogdopilako.com.br\/wp\/2012\/07\/31\/apelidos-vitorienses-paulino-moleza\/\"><\/fb:share-button><\/span><span class=\"mr_social_sharing\"><a rel=\"nofollow\" class=\"linksalpha_button linksalpha_link\" href=\"\/\/www.linksalpha.com\/social\/mobile\" data-url=\"http:\/\/www.blogdopilako.com.br\/wp\/2012\/07\/31\/apelidos-vitorienses-paulino-moleza\/\" data-text=\"Apelidos Vitorienses: Paulinho Moleza\" data-desc=\"Dando continuidade a nossa coluna de Apelidos Vitorienses\u00a0hoje, vamos revelar a origem do vulgo do nosso amigo Paulo Marcelo Lins de Albuquerque, o popular \u00a0e querido por todos, PAULINHO MOLEZA. Contou-nos Moleza, em uma entrevista exclusiva, nas depend\u00eancias do Restaurante Gamela de Ouro no\" data-image=\"http:\/\/www.blogdopilako.com.br\/wp\/wp-content\/uploads\/paulinho-moleza-29-07-12.jpg\" data-button=\"none\">\n\t\t\t\t\t<img src=\"\/\/www.linksalpha.com\/images\/social_share_button.png\" alt=\"Share\" class=\"linksalpha_image\" \/>\n\t\t\t\t\t<\/a><script type=\"text\/javascript\" src=\"\/\/www.linksalpha.com\/scripts\/loader_iconbox.js?v=2.4\"><\/script><\/span><\/div><p><a href=\"http:\/\/www.blogdopilako.com.br\/wp\/wp-content\/uploads\/paulinho-moleza-29-07-12.jpg\"><img loading=\"lazy\" class=\"aligncenter size-full wp-image-23842\" title=\"paulinho-moleza-29-07-12\" src=\"http:\/\/www.blogdopilako.com.br\/wp\/wp-content\/uploads\/paulinho-moleza-29-07-12.jpg\" alt=\"\" width=\"437\" height=\"411\" \/><\/a><\/p>\n<p style=\"text-align: justify;\">Dando continuidade a nossa coluna de <strong>Apelidos Vitorienses<\/strong>\u00a0hoje, vamos revelar a origem do vulgo do nosso amigo <strong>Paulo Marcelo Lins de Albuquerque<\/strong>, o popular \u00a0e querido por todos, <span style=\"color: #0000ff;\"><strong>PAULINHO MOLEZA<\/strong><\/span>.<\/p>\n<p style=\"text-align: justify;\">Contou-nos <strong>Moleza<\/strong>, em uma entrevista exclusiva, nas depend\u00eancias do <strong>Restaurante Gamela de Ouro<\/strong> no s\u00e1bado passado (28) que a origem do seu apelido surgiu l\u00e1 atr\u00e1s quando ele era amigo do finado <strong>\u201cMago da Pit\u00fa\u201d<\/strong> que faleceu na d\u00e9cada de <strong>80<\/strong> em\u00a0decorr\u00eancia\u00a0de um acidente de autom\u00f3vel em Bonan\u00e7a, que na \u00e9poca se chamava <strong>Tapera<\/strong>.<\/p>\n<p style=\"text-align: justify;\">Naquele tempo passava um programa de bonequinhos na TV, e tinha um personagem que se assemelhava ao \u201cMago\u201d, da\u00ed depois de sua morte, quando <strong>Paulinho<\/strong> voltou a frequentar os mesmos lugares de antes, como as sinucas, o pessoal ficou falando: <strong>\u201cOlhe a\u00ed o amigo de Moleza\u201d<\/strong> sendo assim batizado de <strong>Paulinho Moleza<\/strong>.<\/p>\n<p style=\"text-align: justify;\">Um fato curioso aconteceu, quando Paulinho, j\u00e1 batizado de <strong>Paulinho Moleza<\/strong>, come\u00e7ou a trabalhar na <strong>PIT\u00da<\/strong>, que foi motivo de muita brincadeira, segundo ele, foi quando <strong>Seu Biu<\/strong> \u00a0arrumou um emprego para ele, que consistia em \u201ccuspir\u201d os selos. Um dos seus colegas de trabalho disse: <em><strong>\u201cTa\u00ed, um servi\u00e7o desses, \u00e9 por isso que teu apelido \u00e9 Moleza, um servi\u00e7o desses&#8230;\u201d<\/strong><\/em>.<\/p>\n<p><object width=\"560\" height=\"315\" classid=\"clsid:d27cdb6e-ae6d-11cf-96b8-444553540000\" codebase=\"http:\/\/download.macromedia.com\/pub\/shockwave\/cabs\/flash\/swflash.cab#version=6,0,40,0\"><param name=\"allowFullScreen\" value=\"true\" \/><param name=\"allowscriptaccess\" value=\"always\" \/><param name=\"src\" value=\"http:\/\/www.youtube.com\/v\/FrL0K4wKptw?version=3&amp;hl=pt_BR\" \/><param name=\"allowfullscreen\" value=\"true\" \/><embed width=\"560\" height=\"315\" type=\"application\/x-shockwave-flash\" src=\"http:\/\/www.youtube.com\/v\/FrL0K4wKptw?version=3&amp;hl=pt_BR\" allowfullscreen=\"allowfullscreen\" allowscriptaccess=\"always\" allowfullscreen=\"allowfullscreen\" \/><\/object><\/p>\n<p style=\"text-align: justify;\">Sendo assim, o amigo <strong>Paulino Moleza<\/strong> \u00e9 mais um que entra para nossa importante \u00a0galeria dos vitorienses que s\u00e3o mais conhecidos pelos <strong>apelidos<\/strong> que o pr\u00f3prio nome.<\/p>\n<p style=\"text-align: justify;\"><strong>Veja outros Apelidos Vitorienses:<\/strong><\/p>\n<ul>\n<li><a href=\"http:\/\/www.blogdopilako.com.br\/wp\/2012\/07\/11\/apelidos-vitorienses-a-jaca-de-heleno-foi-heranca-de-seu-biu\/\">Heleno da Jaca<\/a><\/li>\n<li><a href=\"http:\/\/www.blogdopilako.com.br\/wp\/2012\/06\/21\/apelidos-vitorienses-josimar-cavalcanti-da-silva-o-batfino\/\">BatFino<\/a><\/li>\n<li><a href=\"http:\/\/www.blogdopilako.com.br\/wp\/2012\/06\/05\/nova-coluna-apelidos-vitorienes\/\">Pilako<\/a><\/li>\n<\/ul>\n\n\t\t\t\t<div class=\"mr_social_sharing_wrapper\">\n\t\t\t\t<!-- Social Sharing Toolkit v2.2 --><span class=\"mr_social_sharing_top\"><span style=\"display: inline-block; width: 55px; height: 62px; overflow: hidden;\"><div class=\"fb-like\" data-href=\"http:\/\/www.blogdopilako.com.br\/wp\/2012\/07\/31\/apelidos-vitorienses-paulino-moleza\/\" data-send=\"false\" data-layout=\"box_count\" data-width=\"55\" data-show-faces=\"false\"><\/div><\/span><\/span><span class=\"mr_social_sharing_top\"><fb:share-button type=\"box_count\" href=\"http:\/\/www.blogdopilako.com.br\/wp\/2012\/07\/31\/apelidos-vitorienses-paulino-moleza\/\"><\/fb:share-button><\/span><span class=\"mr_social_sharing\"><a rel=\"nofollow\" class=\"linksalpha_button linksalpha_link\" href=\"\/\/www.linksalpha.com\/social\/mobile\" data-url=\"http:\/\/www.blogdopilako.com.br\/wp\/2012\/07\/31\/apelidos-vitorienses-paulino-moleza\/\" data-text=\"Apelidos Vitorienses: Paulinho Moleza\" data-desc=\"Dando continuidade a nossa coluna de Apelidos Vitorienses\u00a0hoje, vamos revelar a origem do vulgo do nosso amigo Paulo Marcelo Lins de Albuquerque, o popular \u00a0e querido por todos, PAULINHO MOLEZA. Contou-nos Moleza, em uma entrevista exclusiva, nas depend\u00eancias do Restaurante Gamela de Ouro no\" data-image=\"http:\/\/www.blogdopilako.com.br\/wp\/wp-content\/uploads\/paulinho-moleza-29-07-12.jpg\" data-button=\"none\">\n\t\t\t\t\t<img src=\"\/\/www.linksalpha.com\/images\/social_share_button.png\" alt=\"Share\" class=\"linksalpha_image\" \/>\n\t\t\t\t\t<\/a><script type=\"text\/javascript\" src=\"\/\/www.linksalpha.com\/scripts\/loader_iconbox.js?v=2.4\"><\/script><\/span><\/div>","protected":false},"excerpt":{"rendered":"\n\t\t\t\t<div class=\"mr_social_sharing_wrapper\">\n\t\t\t\t<!-- Social Sharing Toolkit v2.2 --><span class=\"mr_social_sharing_top\"><span style=\"display: inline-block; width: 55px; height: 62px; overflow: hidden;\"><div class=\"fb-like\" data-href=\"http:\/\/www.blogdopilako.com.br\/wp\/2012\/07\/31\/apelidos-vitorienses-paulino-moleza\/\" data-send=\"false\" data-layout=\"box_count\" data-width=\"55\" data-show-faces=\"false\"><\/div><\/span><\/span><span class=\"mr_social_sharing_top\"><fb:share-button type=\"box_count\" href=\"http:\/\/www.blogdopilako.com.br\/wp\/2012\/07\/31\/apelidos-vitorienses-paulino-moleza\/\"><\/fb:share-button><\/span><span class=\"mr_social_sharing\"><a rel=\"nofollow\" class=\"linksalpha_button linksalpha_link\" href=\"\/\/www.linksalpha.com\/social\/mobile\" data-url=\"http:\/\/www.blogdopilako.com.br\/wp\/2012\/07\/31\/apelidos-vitorienses-paulino-moleza\/\" data-text=\"Apelidos Vitorienses: Paulinho Moleza\" data-desc=\"Dando continuidade a nossa coluna de Apelidos Vitorienses\u00a0hoje, vamos revelar a origem do vulgo do nosso amigo Paulo Marcelo Lins de Albuquerque, o popular \u00a0e querido por todos, PAULINHO MOLEZA. Contou-nos Moleza, em uma entrevista exclusiva, nas depend\u00eancias do Restaurante Gamela de Ouro no\" data-image=\"\" data-button=\"none\">\n\t\t\t\t\t<img src=\"\/\/www.linksalpha.com\/images\/social_share_button.png\" alt=\"Share\" class=\"linksalpha_image\" \/>\n\t\t\t\t\t<\/a><script type=\"text\/javascript\" src=\"\/\/www.linksalpha.com\/scripts\/loader_iconbox.js?v=2.4\"><\/script><\/span><\/div><p>Dando continuidade a nossa coluna de Apelidos Vitorienses\u00a0hoje, vamos revelar a origem do vulgo do nosso amigo Paulo Marcelo Lins de Albuquerque, o popular \u00a0e querido por todos, PAULINHO MOLEZA. Contou-nos Moleza, em uma entrevista exclusiva, nas depend\u00eancias do Restaurante &hellip; <a href=\"http:\/\/www.blogdopilako.com.br\/wp\/2012\/07\/31\/apelidos-vitorienses-paulino-moleza\/\">Continue lendo <span class=\"meta-nav\">&rarr;<\/span><\/a><\/p>\n\n\t\t\t\t<div class=\"mr_social_sharing_wrapper\">\n\t\t\t\t<!-- Social Sharing Toolkit v2.2 --><span class=\"mr_social_sharing_top\"><span style=\"display: inline-block; width: 55px; height: 62px; overflow: hidden;\"><div class=\"fb-like\" data-href=\"http:\/\/www.blogdopilako.com.br\/wp\/2012\/07\/31\/apelidos-vitorienses-paulino-moleza\/\" data-send=\"false\" data-layout=\"box_count\" data-width=\"55\" data-show-faces=\"false\"><\/div><\/span><\/span><span class=\"mr_social_sharing_top\"><fb:share-button type=\"box_count\" href=\"http:\/\/www.blogdopilako.com.br\/wp\/2012\/07\/31\/apelidos-vitorienses-paulino-moleza\/\"><\/fb:share-button><\/span><span class=\"mr_social_sharing\"><a rel=\"nofollow\" class=\"linksalpha_button linksalpha_link\" href=\"\/\/www.linksalpha.com\/social\/mobile\" data-url=\"http:\/\/www.blogdopilako.com.br\/wp\/2012\/07\/31\/apelidos-vitorienses-paulino-moleza\/\" data-text=\"Apelidos Vitorienses: Paulinho Moleza\" data-desc=\"Dando continuidade a nossa coluna de Apelidos Vitorienses\u00a0hoje, vamos revelar a origem do vulgo do nosso amigo Paulo Marcelo Lins de Albuquerque, o popular \u00a0e querido por todos, PAULINHO MOLEZA. Contou-nos Moleza, em uma entrevista exclusiva, nas depend\u00eancias do Restaurante Gamela de Ouro no\" data-image=\"\" data-button=\"none\">\n\t\t\t\t\t<img src=\"\/\/www.linksalpha.com\/images\/social_share_button.png\" alt=\"Share\" class=\"linksalpha_image\" \/>\n\t\t\t\t\t<\/a><script type=\"text\/javascript\" src=\"\/\/www.linksalpha.com\/scripts\/loader_iconbox.js?v=2.4\"><\/script><\/span><\/div>","protected":false},"author":4,"featured_media":0,"comment_status":"open","ping_status":"open","sticky":false,"template":"","format":"standard","meta":[],"categories":[124,22],"tags":[],"_links":{"self":[{"href":"http:\/\/www.blogdopilako.com.br\/wp\/wp-json\/wp\/v2\/posts\/23837"}],"collection":[{"href":"http:\/\/www.blogdopilako.com.br\/wp\/wp-json\/wp\/v2\/posts"}],"about":[{"href":"http:\/\/www.blogdopilako.com.br\/wp\/wp-json\/wp\/v2\/types\/post"}],"author":[{"embeddable":true,"href":"http:\/\/www.blogdopilako.com.br\/wp\/wp-json\/wp\/v2\/users\/4"}],"replies":[{"embeddable":true,"href":"http:\/\/www.blogdopilako.com.br\/wp\/wp-json\/wp\/v2\/comments?post=23837"}],"version-history":[{"count":8,"href":"http:\/\/www.blogdopilako.com.br\/wp\/wp-json\/wp\/v2\/posts\/23837\/revisions"}],"predecessor-version":[{"id":76725,"href":"http:\/\/www.blogdopilako.com.br\/wp\/wp-json\/wp\/v2\/posts\/23837\/revisions\/76725"}],"wp:attachment":[{"href":"http:\/\/www.blogdopilako.com.br\/wp\/wp-json\/wp\/v2\/media?parent=23837"}],"wp:term":[{"taxonomy":"category","embeddable":true,"href":"http:\/\/www.blogdopilako.com.br\/wp\/wp-json\/wp\/v2\/categories?post=23837"},{"taxonomy":"post_tag","embeddable":true,"href":"http:\/\/www.blogdopilako.com.br\/wp\/wp-json\/wp\/v2\/tags?post=23837"}],"curies":[{"name":"wp","href":"https:\/\/api.w.org\/{rel}","templated":true}]}}