{"id":23824,"date":"2012-07-31T15:00:04","date_gmt":"2012-07-31T18:00:04","guid":{"rendered":"http:\/\/www.blogdopilako.com.br\/wp\/?p=23824"},"modified":"2012-07-31T15:13:10","modified_gmt":"2012-07-31T18:13:10","slug":"uma-vergonha-para-todos-nos","status":"publish","type":"post","link":"http:\/\/www.blogdopilako.com.br\/wp\/2012\/07\/31\/uma-vergonha-para-todos-nos\/","title":{"rendered":"Uma vergonha para todos n\u00f3s."},"content":{"rendered":"\n\t\t\t\t<div class=\"mr_social_sharing_wrapper\">\n\t\t\t\t<!-- Social Sharing Toolkit v2.2 --><span class=\"mr_social_sharing_top\"><span style=\"display: inline-block; width: 55px; height: 62px; overflow: hidden;\"><div class=\"fb-like\" data-href=\"http:\/\/www.blogdopilako.com.br\/wp\/2012\/07\/31\/uma-vergonha-para-todos-nos\/\" data-send=\"false\" data-layout=\"box_count\" data-width=\"55\" data-show-faces=\"false\"><\/div><\/span><\/span><span class=\"mr_social_sharing_top\"><fb:share-button type=\"box_count\" href=\"http:\/\/www.blogdopilako.com.br\/wp\/2012\/07\/31\/uma-vergonha-para-todos-nos\/\"><\/fb:share-button><\/span><span class=\"mr_social_sharing\"><a rel=\"nofollow\" class=\"linksalpha_button linksalpha_link\" href=\"\/\/www.linksalpha.com\/social\/mobile\" data-url=\"http:\/\/www.blogdopilako.com.br\/wp\/2012\/07\/31\/uma-vergonha-para-todos-nos\/\" data-text=\"Uma vergonha para todos n\u00f3s.\" data-desc=\"Nossas lentes registraram na Pra\u00e7a Duque de Caxias, mais um exemplo inequ\u00edvoco, dos servi\u00e7os de recapeamento \u201cengana besta\u201d realizado em nossa cidade pela gest\u00e3o do Governo de Todos comandada pelo Prefeito Elias Lira. Nossa cidade, sob o ponto de vista pol\u00edtico-administrativa, est\u00e1\" data-image=\"http:\/\/www.blogdopilako.com.br\/wp\/wp-content\/uploads\/buraco-na-duque-29-07-12.jpg\" data-button=\"none\">\n\t\t\t\t\t<img src=\"\/\/www.linksalpha.com\/images\/social_share_button.png\" alt=\"Share\" class=\"linksalpha_image\" \/>\n\t\t\t\t\t<\/a><script type=\"text\/javascript\" src=\"\/\/www.linksalpha.com\/scripts\/loader_iconbox.js?v=2.4\"><\/script><\/span><\/div><p style=\"text-align: justify;\"><a href=\"http:\/\/www.blogdopilako.com.br\/wp\/wp-content\/uploads\/buraco-na-duque-29-07-12.jpg\"><img loading=\"lazy\" class=\"aligncenter size-full wp-image-23835\" title=\"buraco-na-duque-29-07-12\" src=\"http:\/\/www.blogdopilako.com.br\/wp\/wp-content\/uploads\/buraco-na-duque-29-07-12.jpg\" alt=\"\" width=\"576\" height=\"376\" \/><\/a><\/p>\n<p style=\"text-align: justify;\">Nossas lentes registraram na <strong>Pra\u00e7a Duque de Caxias<\/strong>, mais um exemplo inequ\u00edvoco, dos servi\u00e7os de recapeamento \u201cengana besta\u201d realizado em nossa cidade pela gest\u00e3o do Governo de Todos comandada pelo Prefeito <strong>Elias Lira<\/strong>.<\/p>\n<p style=\"text-align: justify;\">Nossa cidade, sob o ponto de vista pol\u00edtico-administrativa, est\u00e1 vivendo, acredito eu, um dos piores momentos dos seus quase 400 anos de hist\u00f3ria. <strong>Elias Lira<\/strong> e <strong>Jos\u00e9 Aglailson<\/strong> <span style=\"color: #0000ff;\"><strong>perderam completamente a credibilidade<\/strong> <strong>governamental<\/strong><\/span>, pois nem um dos dois assume seus erros, proferem a velha ret\u00f3rica f\u00e1cil de <strong>colocar a culpa no outro<\/strong>, nossa cidade tem uma hist\u00f3ria rica, desde a her\u00f3ica vit\u00f3ria no <strong>Monte das Tabocas<\/strong> em 1645, passando pela participa\u00e7\u00e3o de nossas tropas comandada pelo bravo <strong>Pedro Ribeiro<\/strong> na Guerra dos Mascates em 1710 e exemplos que engrandece nosso povo como da jovem <strong>Mariana Am\u00e1lia<\/strong> no epis\u00f3dio da Guerra do Paraguai em 1864, sendo assim, \u201cnossos\u201d pol\u00edticos s\u00e3o uma vergonha para todos n\u00f3s.<\/p>\n\n\t\t\t\t<div class=\"mr_social_sharing_wrapper\">\n\t\t\t\t<!-- Social Sharing Toolkit v2.2 --><span class=\"mr_social_sharing_top\"><span style=\"display: inline-block; width: 55px; height: 62px; overflow: hidden;\"><div class=\"fb-like\" data-href=\"http:\/\/www.blogdopilako.com.br\/wp\/2012\/07\/31\/uma-vergonha-para-todos-nos\/\" data-send=\"false\" data-layout=\"box_count\" data-width=\"55\" data-show-faces=\"false\"><\/div><\/span><\/span><span class=\"mr_social_sharing_top\"><fb:share-button type=\"box_count\" href=\"http:\/\/www.blogdopilako.com.br\/wp\/2012\/07\/31\/uma-vergonha-para-todos-nos\/\"><\/fb:share-button><\/span><span class=\"mr_social_sharing\"><a rel=\"nofollow\" class=\"linksalpha_button linksalpha_link\" href=\"\/\/www.linksalpha.com\/social\/mobile\" data-url=\"http:\/\/www.blogdopilako.com.br\/wp\/2012\/07\/31\/uma-vergonha-para-todos-nos\/\" data-text=\"Uma vergonha para todos n\u00f3s.\" data-desc=\"Nossas lentes registraram na Pra\u00e7a Duque de Caxias, mais um exemplo inequ\u00edvoco, dos servi\u00e7os de recapeamento \u201cengana besta\u201d realizado em nossa cidade pela gest\u00e3o do Governo de Todos comandada pelo Prefeito Elias Lira. Nossa cidade, sob o ponto de vista pol\u00edtico-administrativa, est\u00e1\" data-image=\"http:\/\/www.blogdopilako.com.br\/wp\/wp-content\/uploads\/buraco-na-duque-29-07-12.jpg\" data-button=\"none\">\n\t\t\t\t\t<img src=\"\/\/www.linksalpha.com\/images\/social_share_button.png\" alt=\"Share\" class=\"linksalpha_image\" \/>\n\t\t\t\t\t<\/a><script type=\"text\/javascript\" src=\"\/\/www.linksalpha.com\/scripts\/loader_iconbox.js?v=2.4\"><\/script><\/span><\/div>","protected":false},"excerpt":{"rendered":"\n\t\t\t\t<div class=\"mr_social_sharing_wrapper\">\n\t\t\t\t<!-- Social Sharing Toolkit v2.2 --><span class=\"mr_social_sharing_top\"><span style=\"display: inline-block; width: 55px; height: 62px; overflow: hidden;\"><div class=\"fb-like\" data-href=\"http:\/\/www.blogdopilako.com.br\/wp\/2012\/07\/31\/uma-vergonha-para-todos-nos\/\" data-send=\"false\" data-layout=\"box_count\" data-width=\"55\" data-show-faces=\"false\"><\/div><\/span><\/span><span class=\"mr_social_sharing_top\"><fb:share-button type=\"box_count\" href=\"http:\/\/www.blogdopilako.com.br\/wp\/2012\/07\/31\/uma-vergonha-para-todos-nos\/\"><\/fb:share-button><\/span><span class=\"mr_social_sharing\"><a rel=\"nofollow\" class=\"linksalpha_button linksalpha_link\" href=\"\/\/www.linksalpha.com\/social\/mobile\" data-url=\"http:\/\/www.blogdopilako.com.br\/wp\/2012\/07\/31\/uma-vergonha-para-todos-nos\/\" data-text=\"Uma vergonha para todos n\u00f3s.\" data-desc=\"Nossas lentes registraram na Pra\u00e7a Duque de Caxias, mais um exemplo inequ\u00edvoco, dos servi\u00e7os de recapeamento \u201cengana besta\u201d realizado em nossa cidade pela gest\u00e3o do Governo de Todos comandada pelo Prefeito Elias Lira. Nossa cidade, sob o ponto de vista pol\u00edtico-administrativa, est\u00e1\" data-image=\"\" data-button=\"none\">\n\t\t\t\t\t<img src=\"\/\/www.linksalpha.com\/images\/social_share_button.png\" alt=\"Share\" class=\"linksalpha_image\" \/>\n\t\t\t\t\t<\/a><script type=\"text\/javascript\" src=\"\/\/www.linksalpha.com\/scripts\/loader_iconbox.js?v=2.4\"><\/script><\/span><\/div><p>Nossas lentes registraram na Pra\u00e7a Duque de Caxias, mais um exemplo inequ\u00edvoco, dos servi\u00e7os de recapeamento \u201cengana besta\u201d realizado em nossa cidade pela gest\u00e3o do Governo de Todos comandada pelo Prefeito Elias Lira. Nossa cidade, sob o ponto de vista &hellip; <a href=\"http:\/\/www.blogdopilako.com.br\/wp\/2012\/07\/31\/uma-vergonha-para-todos-nos\/\">Continue lendo <span class=\"meta-nav\">&rarr;<\/span><\/a><\/p>\n\n\t\t\t\t<div class=\"mr_social_sharing_wrapper\">\n\t\t\t\t<!-- Social Sharing Toolkit v2.2 --><span class=\"mr_social_sharing_top\"><span style=\"display: inline-block; width: 55px; height: 62px; overflow: hidden;\"><div class=\"fb-like\" data-href=\"http:\/\/www.blogdopilako.com.br\/wp\/2012\/07\/31\/uma-vergonha-para-todos-nos\/\" data-send=\"false\" data-layout=\"box_count\" data-width=\"55\" data-show-faces=\"false\"><\/div><\/span><\/span><span class=\"mr_social_sharing_top\"><fb:share-button type=\"box_count\" href=\"http:\/\/www.blogdopilako.com.br\/wp\/2012\/07\/31\/uma-vergonha-para-todos-nos\/\"><\/fb:share-button><\/span><span class=\"mr_social_sharing\"><a rel=\"nofollow\" class=\"linksalpha_button linksalpha_link\" href=\"\/\/www.linksalpha.com\/social\/mobile\" data-url=\"http:\/\/www.blogdopilako.com.br\/wp\/2012\/07\/31\/uma-vergonha-para-todos-nos\/\" data-text=\"Uma vergonha para todos n\u00f3s.\" data-desc=\"Nossas lentes registraram na Pra\u00e7a Duque de Caxias, mais um exemplo inequ\u00edvoco, dos servi\u00e7os de recapeamento \u201cengana besta\u201d realizado em nossa cidade pela gest\u00e3o do Governo de Todos comandada pelo Prefeito Elias Lira. Nossa cidade, sob o ponto de vista pol\u00edtico-administrativa, est\u00e1\" data-image=\"\" data-button=\"none\">\n\t\t\t\t\t<img src=\"\/\/www.linksalpha.com\/images\/social_share_button.png\" alt=\"Share\" class=\"linksalpha_image\" \/>\n\t\t\t\t\t<\/a><script type=\"text\/javascript\" src=\"\/\/www.linksalpha.com\/scripts\/loader_iconbox.js?v=2.4\"><\/script><\/span><\/div>","protected":false},"author":4,"featured_media":0,"comment_status":"open","ping_status":"open","sticky":false,"template":"","format":"standard","meta":[],"categories":[21,22],"tags":[],"_links":{"self":[{"href":"http:\/\/www.blogdopilako.com.br\/wp\/wp-json\/wp\/v2\/posts\/23824"}],"collection":[{"href":"http:\/\/www.blogdopilako.com.br\/wp\/wp-json\/wp\/v2\/posts"}],"about":[{"href":"http:\/\/www.blogdopilako.com.br\/wp\/wp-json\/wp\/v2\/types\/post"}],"author":[{"embeddable":true,"href":"http:\/\/www.blogdopilako.com.br\/wp\/wp-json\/wp\/v2\/users\/4"}],"replies":[{"embeddable":true,"href":"http:\/\/www.blogdopilako.com.br\/wp\/wp-json\/wp\/v2\/comments?post=23824"}],"version-history":[{"count":5,"href":"http:\/\/www.blogdopilako.com.br\/wp\/wp-json\/wp\/v2\/posts\/23824\/revisions"}],"predecessor-version":[{"id":23850,"href":"http:\/\/www.blogdopilako.com.br\/wp\/wp-json\/wp\/v2\/posts\/23824\/revisions\/23850"}],"wp:attachment":[{"href":"http:\/\/www.blogdopilako.com.br\/wp\/wp-json\/wp\/v2\/media?parent=23824"}],"wp:term":[{"taxonomy":"category","embeddable":true,"href":"http:\/\/www.blogdopilako.com.br\/wp\/wp-json\/wp\/v2\/categories?post=23824"},{"taxonomy":"post_tag","embeddable":true,"href":"http:\/\/www.blogdopilako.com.br\/wp\/wp-json\/wp\/v2\/tags?post=23824"}],"curies":[{"name":"wp","href":"https:\/\/api.w.org\/{rel}","templated":true}]}}