{"id":2381,"date":"2011-07-26T14:00:01","date_gmt":"2011-07-26T17:00:01","guid":{"rendered":"http:\/\/www.blogdopilako.com.br\/wp\/?p=2381"},"modified":"2011-07-26T12:22:45","modified_gmt":"2011-07-26T15:22:45","slug":"o-tempo-voa-reuniao-de-amigos-sao-joao-1984","status":"publish","type":"post","link":"http:\/\/www.blogdopilako.com.br\/wp\/2011\/07\/26\/o-tempo-voa-reuniao-de-amigos-sao-joao-1984\/","title":{"rendered":"O Tempo Voa: reuni\u00e3o de amigos &#8211; S\u00e3o Jo\u00e3o (1984)"},"content":{"rendered":"\n\t\t\t\t<div class=\"mr_social_sharing_wrapper\">\n\t\t\t\t<!-- Social Sharing Toolkit v2.2 --><span class=\"mr_social_sharing_top\"><span style=\"display: inline-block; width: 55px; height: 62px; overflow: hidden;\"><div class=\"fb-like\" data-href=\"http:\/\/www.blogdopilako.com.br\/wp\/2011\/07\/26\/o-tempo-voa-reuniao-de-amigos-sao-joao-1984\/\" data-send=\"false\" data-layout=\"box_count\" data-width=\"55\" data-show-faces=\"false\"><\/div><\/span><\/span><span class=\"mr_social_sharing_top\"><fb:share-button type=\"box_count\" href=\"http:\/\/www.blogdopilako.com.br\/wp\/2011\/07\/26\/o-tempo-voa-reuniao-de-amigos-sao-joao-1984\/\"><\/fb:share-button><\/span><span class=\"mr_social_sharing\"><a rel=\"nofollow\" class=\"linksalpha_button linksalpha_link\" href=\"\/\/www.linksalpha.com\/social\/mobile\" data-url=\"http:\/\/www.blogdopilako.com.br\/wp\/2011\/07\/26\/o-tempo-voa-reuniao-de-amigos-sao-joao-1984\/\" data-text=\"O Tempo Voa: reuni\u00e3o de amigos \u2013 S\u00e3o Jo\u00e3o (1984)\" data-desc=\"Da esquerda para a direita: Brivaldo Sandres (In Memoriam), Toinho Dutra, Jo\u00e3o de Barros e Lauro Taiada. Foto registrada durante o uma reuni\u00e3o de amigos, na casa de Seu Zito Mariano, no S\u00e3o Jo\u00e3o de 1984. Envie voc\u00ea tamb\u00e9m a sua foto para a coluna O Tempo Voa. E-mail:\" data-image=\"http:\/\/www.blogdopilako.com.br\/wp\/wp-content\/uploads\/tempovoa84.jpg\" data-button=\"none\">\n\t\t\t\t\t<img src=\"\/\/www.linksalpha.com\/images\/social_share_button.png\" alt=\"Share\" class=\"linksalpha_image\" \/>\n\t\t\t\t\t<\/a><script type=\"text\/javascript\" src=\"\/\/www.linksalpha.com\/scripts\/loader_iconbox.js?v=2.4\"><\/script><\/span><\/div><div id=\"attachment_2382\" style=\"width: 442px\" class=\"wp-caption aligncenter\"><a href=\"http:\/\/www.blogdopilako.com.br\/wp\/wp-content\/uploads\/tempovoa84.jpg\"><img aria-describedby=\"caption-attachment-2382\" loading=\"lazy\" class=\"size-full wp-image-2382\" title=\"tempovoa84\" src=\"http:\/\/www.blogdopilako.com.br\/wp\/wp-content\/uploads\/tempovoa84.jpg\" alt=\"\" width=\"432\" height=\"609\" \/><\/a><p id=\"caption-attachment-2382\" class=\"wp-caption-text\">Foto: acervo pessoal do blogueiro<\/p><\/div>\n<p style=\"text-align: justify;\">Da esquerda para a direita: Brivaldo Sandres (In Memoriam), Toinho Dutra, Jo\u00e3o de Barros e Lauro Taiada. Foto registrada durante o uma reuni\u00e3o de amigos, na casa de Seu Zito Mariano, no S\u00e3o Jo\u00e3o de 1984.<\/p>\n<p style=\"text-align: center;\"><strong>Envie voc\u00ea tamb\u00e9m a sua foto para a coluna O Tempo Voa.<\/strong><br \/>\n<strong>E-mail: contato@blogdopilako.com.br <\/strong><\/p>\n\n\t\t\t\t<div class=\"mr_social_sharing_wrapper\">\n\t\t\t\t<!-- Social Sharing Toolkit v2.2 --><span class=\"mr_social_sharing_top\"><span style=\"display: inline-block; width: 55px; height: 62px; overflow: hidden;\"><div class=\"fb-like\" data-href=\"http:\/\/www.blogdopilako.com.br\/wp\/2011\/07\/26\/o-tempo-voa-reuniao-de-amigos-sao-joao-1984\/\" data-send=\"false\" data-layout=\"box_count\" data-width=\"55\" data-show-faces=\"false\"><\/div><\/span><\/span><span class=\"mr_social_sharing_top\"><fb:share-button type=\"box_count\" href=\"http:\/\/www.blogdopilako.com.br\/wp\/2011\/07\/26\/o-tempo-voa-reuniao-de-amigos-sao-joao-1984\/\"><\/fb:share-button><\/span><span class=\"mr_social_sharing\"><a rel=\"nofollow\" class=\"linksalpha_button linksalpha_link\" href=\"\/\/www.linksalpha.com\/social\/mobile\" data-url=\"http:\/\/www.blogdopilako.com.br\/wp\/2011\/07\/26\/o-tempo-voa-reuniao-de-amigos-sao-joao-1984\/\" data-text=\"O Tempo Voa: reuni\u00e3o de amigos \u2013 S\u00e3o Jo\u00e3o (1984)\" data-desc=\"Da esquerda para a direita: Brivaldo Sandres (In Memoriam), Toinho Dutra, Jo\u00e3o de Barros e Lauro Taiada. Foto registrada durante o uma reuni\u00e3o de amigos, na casa de Seu Zito Mariano, no S\u00e3o Jo\u00e3o de 1984. Envie voc\u00ea tamb\u00e9m a sua foto para a coluna O Tempo Voa. E-mail:\" data-image=\"http:\/\/www.blogdopilako.com.br\/wp\/wp-content\/uploads\/tempovoa84.jpg\" data-button=\"none\">\n\t\t\t\t\t<img src=\"\/\/www.linksalpha.com\/images\/social_share_button.png\" alt=\"Share\" class=\"linksalpha_image\" \/>\n\t\t\t\t\t<\/a><script type=\"text\/javascript\" src=\"\/\/www.linksalpha.com\/scripts\/loader_iconbox.js?v=2.4\"><\/script><\/span><\/div>","protected":false},"excerpt":{"rendered":"\n\t\t\t\t<div class=\"mr_social_sharing_wrapper\">\n\t\t\t\t<!-- Social Sharing Toolkit v2.2 --><span class=\"mr_social_sharing_top\"><span style=\"display: inline-block; width: 55px; height: 62px; overflow: hidden;\"><div class=\"fb-like\" data-href=\"http:\/\/www.blogdopilako.com.br\/wp\/2011\/07\/26\/o-tempo-voa-reuniao-de-amigos-sao-joao-1984\/\" data-send=\"false\" data-layout=\"box_count\" data-width=\"55\" data-show-faces=\"false\"><\/div><\/span><\/span><span class=\"mr_social_sharing_top\"><fb:share-button type=\"box_count\" href=\"http:\/\/www.blogdopilako.com.br\/wp\/2011\/07\/26\/o-tempo-voa-reuniao-de-amigos-sao-joao-1984\/\"><\/fb:share-button><\/span><span class=\"mr_social_sharing\"><a rel=\"nofollow\" class=\"linksalpha_button linksalpha_link\" href=\"\/\/www.linksalpha.com\/social\/mobile\" data-url=\"http:\/\/www.blogdopilako.com.br\/wp\/2011\/07\/26\/o-tempo-voa-reuniao-de-amigos-sao-joao-1984\/\" data-text=\"O Tempo Voa: reuni\u00e3o de amigos \u2013 S\u00e3o Jo\u00e3o (1984)\" data-desc=\"Da esquerda para a direita: Brivaldo Sandres (In Memoriam), Toinho Dutra, Jo\u00e3o de Barros e Lauro Taiada. Foto registrada durante o uma reuni\u00e3o de amigos, na casa de Seu Zito Mariano, no S\u00e3o Jo\u00e3o de 1984. Envie voc\u00ea tamb\u00e9m a sua foto para a coluna O Tempo Voa. E-mail:\" data-image=\"\" data-button=\"none\">\n\t\t\t\t\t<img src=\"\/\/www.linksalpha.com\/images\/social_share_button.png\" alt=\"Share\" class=\"linksalpha_image\" \/>\n\t\t\t\t\t<\/a><script type=\"text\/javascript\" src=\"\/\/www.linksalpha.com\/scripts\/loader_iconbox.js?v=2.4\"><\/script><\/span><\/div><p>Da esquerda para a direita: Brivaldo Sandres (In Memoriam), Toinho Dutra, Jo\u00e3o de Barros e Lauro Taiada. Foto registrada durante o uma reuni\u00e3o de amigos, na casa de Seu Zito Mariano, no S\u00e3o Jo\u00e3o de 1984. Envie voc\u00ea tamb\u00e9m a &hellip; <a href=\"http:\/\/www.blogdopilako.com.br\/wp\/2011\/07\/26\/o-tempo-voa-reuniao-de-amigos-sao-joao-1984\/\">Continue lendo <span class=\"meta-nav\">&rarr;<\/span><\/a><\/p>\n\n\t\t\t\t<div class=\"mr_social_sharing_wrapper\">\n\t\t\t\t<!-- Social Sharing Toolkit v2.2 --><span class=\"mr_social_sharing_top\"><span style=\"display: inline-block; width: 55px; height: 62px; overflow: hidden;\"><div class=\"fb-like\" data-href=\"http:\/\/www.blogdopilako.com.br\/wp\/2011\/07\/26\/o-tempo-voa-reuniao-de-amigos-sao-joao-1984\/\" data-send=\"false\" data-layout=\"box_count\" data-width=\"55\" data-show-faces=\"false\"><\/div><\/span><\/span><span class=\"mr_social_sharing_top\"><fb:share-button type=\"box_count\" href=\"http:\/\/www.blogdopilako.com.br\/wp\/2011\/07\/26\/o-tempo-voa-reuniao-de-amigos-sao-joao-1984\/\"><\/fb:share-button><\/span><span class=\"mr_social_sharing\"><a rel=\"nofollow\" class=\"linksalpha_button linksalpha_link\" href=\"\/\/www.linksalpha.com\/social\/mobile\" data-url=\"http:\/\/www.blogdopilako.com.br\/wp\/2011\/07\/26\/o-tempo-voa-reuniao-de-amigos-sao-joao-1984\/\" data-text=\"O Tempo Voa: reuni\u00e3o de amigos \u2013 S\u00e3o Jo\u00e3o (1984)\" data-desc=\"Da esquerda para a direita: Brivaldo Sandres (In Memoriam), Toinho Dutra, Jo\u00e3o de Barros e Lauro Taiada. Foto registrada durante o uma reuni\u00e3o de amigos, na casa de Seu Zito Mariano, no S\u00e3o Jo\u00e3o de 1984. Envie voc\u00ea tamb\u00e9m a sua foto para a coluna O Tempo Voa. E-mail:\" data-image=\"\" data-button=\"none\">\n\t\t\t\t\t<img src=\"\/\/www.linksalpha.com\/images\/social_share_button.png\" alt=\"Share\" class=\"linksalpha_image\" \/>\n\t\t\t\t\t<\/a><script type=\"text\/javascript\" src=\"\/\/www.linksalpha.com\/scripts\/loader_iconbox.js?v=2.4\"><\/script><\/span><\/div>","protected":false},"author":4,"featured_media":0,"comment_status":"open","ping_status":"open","sticky":false,"template":"","format":"standard","meta":[],"categories":[23],"tags":[],"_links":{"self":[{"href":"http:\/\/www.blogdopilako.com.br\/wp\/wp-json\/wp\/v2\/posts\/2381"}],"collection":[{"href":"http:\/\/www.blogdopilako.com.br\/wp\/wp-json\/wp\/v2\/posts"}],"about":[{"href":"http:\/\/www.blogdopilako.com.br\/wp\/wp-json\/wp\/v2\/types\/post"}],"author":[{"embeddable":true,"href":"http:\/\/www.blogdopilako.com.br\/wp\/wp-json\/wp\/v2\/users\/4"}],"replies":[{"embeddable":true,"href":"http:\/\/www.blogdopilako.com.br\/wp\/wp-json\/wp\/v2\/comments?post=2381"}],"version-history":[{"count":2,"href":"http:\/\/www.blogdopilako.com.br\/wp\/wp-json\/wp\/v2\/posts\/2381\/revisions"}],"predecessor-version":[{"id":2393,"href":"http:\/\/www.blogdopilako.com.br\/wp\/wp-json\/wp\/v2\/posts\/2381\/revisions\/2393"}],"wp:attachment":[{"href":"http:\/\/www.blogdopilako.com.br\/wp\/wp-json\/wp\/v2\/media?parent=2381"}],"wp:term":[{"taxonomy":"category","embeddable":true,"href":"http:\/\/www.blogdopilako.com.br\/wp\/wp-json\/wp\/v2\/categories?post=2381"},{"taxonomy":"post_tag","embeddable":true,"href":"http:\/\/www.blogdopilako.com.br\/wp\/wp-json\/wp\/v2\/tags?post=2381"}],"curies":[{"name":"wp","href":"https:\/\/api.w.org\/{rel}","templated":true}]}}