{"id":23442,"date":"2012-07-25T14:17:06","date_gmt":"2012-07-25T17:17:06","guid":{"rendered":"http:\/\/www.blogdopilako.com.br\/wp\/?p=23442"},"modified":"2012-08-31T10:10:47","modified_gmt":"2012-08-31T13:10:47","slug":"o-tempo-voa-posse-do-conselho-municipal-1974","status":"publish","type":"post","link":"http:\/\/www.blogdopilako.com.br\/wp\/2012\/07\/25\/o-tempo-voa-posse-do-conselho-municipal-1974\/","title":{"rendered":"O Tempo Voa: Posse do Conselho Municipal (1974)"},"content":{"rendered":"\n\t\t\t\t<div class=\"mr_social_sharing_wrapper\">\n\t\t\t\t<!-- Social Sharing Toolkit v2.2 --><span class=\"mr_social_sharing_top\"><span style=\"display: inline-block; width: 55px; height: 62px; overflow: hidden;\"><div class=\"fb-like\" data-href=\"http:\/\/www.blogdopilako.com.br\/wp\/2012\/07\/25\/o-tempo-voa-posse-do-conselho-municipal-1974\/\" data-send=\"false\" data-layout=\"box_count\" data-width=\"55\" data-show-faces=\"false\"><\/div><\/span><\/span><span class=\"mr_social_sharing_top\"><fb:share-button type=\"box_count\" href=\"http:\/\/www.blogdopilako.com.br\/wp\/2012\/07\/25\/o-tempo-voa-posse-do-conselho-municipal-1974\/\"><\/fb:share-button><\/span><span class=\"mr_social_sharing\"><a rel=\"nofollow\" class=\"linksalpha_button linksalpha_link\" href=\"\/\/www.linksalpha.com\/social\/mobile\" data-url=\"http:\/\/www.blogdopilako.com.br\/wp\/2012\/07\/25\/o-tempo-voa-posse-do-conselho-municipal-1974\/\" data-text=\"O Tempo Voa: Posse do Conselho Municipal (1974)\" data-desc=\"Foto registrada durante a posse do Conselho Municipal em 18 de Mar\u00e7o de 1974. Entre as pessoas est\u00e3o Jos\u00e9 Augusto Ferrer, Jo\u00e3o Valois, Ivo Queiroz, Seu Doca e Gilson Ferrer.\" data-image=\"http:\/\/www.blogdopilako.com.br\/wp\/wp-content\/uploads\/O-TEMPO-VOA-POSSE-DO-CONSELHO-EM-18-03-74.jpg\" data-button=\"none\">\n\t\t\t\t\t<img src=\"\/\/www.linksalpha.com\/images\/social_share_button.png\" alt=\"Share\" class=\"linksalpha_image\" \/>\n\t\t\t\t\t<\/a><script type=\"text\/javascript\" src=\"\/\/www.linksalpha.com\/scripts\/loader_iconbox.js?v=2.4\"><\/script><\/span><\/div><p><a href=\"http:\/\/www.blogdopilako.com.br\/wp\/wp-content\/uploads\/O-TEMPO-VOA-POSSE-DO-CONSELHO-EM-18-03-74.jpg\"><img loading=\"lazy\" class=\"aligncenter size-full wp-image-23443\" title=\"O TEMPO VOA - POSSE DO CONSELHO EM 18-03-74\" src=\"http:\/\/www.blogdopilako.com.br\/wp\/wp-content\/uploads\/O-TEMPO-VOA-POSSE-DO-CONSELHO-EM-18-03-74.jpg\" alt=\"\" width=\"572\" height=\"424\" \/><\/a><\/p>\n<p style=\"text-align: center;\">Foto registrada durante a posse do Conselho Municipal em 18 de Mar\u00e7o de <strong>1974<\/strong>. Entre as pessoas est\u00e3o Jos\u00e9 Augusto Ferrer, Jo\u00e3o Valois, Ivo Queiroz, Seu Doca e Gilson Ferrer.<\/p>\n\n\t\t\t\t<div class=\"mr_social_sharing_wrapper\">\n\t\t\t\t<!-- Social Sharing Toolkit v2.2 --><span class=\"mr_social_sharing_top\"><span style=\"display: inline-block; width: 55px; height: 62px; overflow: hidden;\"><div class=\"fb-like\" data-href=\"http:\/\/www.blogdopilako.com.br\/wp\/2012\/07\/25\/o-tempo-voa-posse-do-conselho-municipal-1974\/\" data-send=\"false\" data-layout=\"box_count\" data-width=\"55\" data-show-faces=\"false\"><\/div><\/span><\/span><span class=\"mr_social_sharing_top\"><fb:share-button type=\"box_count\" href=\"http:\/\/www.blogdopilako.com.br\/wp\/2012\/07\/25\/o-tempo-voa-posse-do-conselho-municipal-1974\/\"><\/fb:share-button><\/span><span class=\"mr_social_sharing\"><a rel=\"nofollow\" class=\"linksalpha_button linksalpha_link\" href=\"\/\/www.linksalpha.com\/social\/mobile\" data-url=\"http:\/\/www.blogdopilako.com.br\/wp\/2012\/07\/25\/o-tempo-voa-posse-do-conselho-municipal-1974\/\" data-text=\"O Tempo Voa: Posse do Conselho Municipal (1974)\" data-desc=\"Foto registrada durante a posse do Conselho Municipal em 18 de Mar\u00e7o de 1974. Entre as pessoas est\u00e3o Jos\u00e9 Augusto Ferrer, Jo\u00e3o Valois, Ivo Queiroz, Seu Doca e Gilson Ferrer.\" data-image=\"http:\/\/www.blogdopilako.com.br\/wp\/wp-content\/uploads\/O-TEMPO-VOA-POSSE-DO-CONSELHO-EM-18-03-74.jpg\" data-button=\"none\">\n\t\t\t\t\t<img src=\"\/\/www.linksalpha.com\/images\/social_share_button.png\" alt=\"Share\" class=\"linksalpha_image\" \/>\n\t\t\t\t\t<\/a><script type=\"text\/javascript\" src=\"\/\/www.linksalpha.com\/scripts\/loader_iconbox.js?v=2.4\"><\/script><\/span><\/div>","protected":false},"excerpt":{"rendered":"\n\t\t\t\t<div class=\"mr_social_sharing_wrapper\">\n\t\t\t\t<!-- Social Sharing Toolkit v2.2 --><span class=\"mr_social_sharing_top\"><span style=\"display: inline-block; width: 55px; height: 62px; overflow: hidden;\"><div class=\"fb-like\" data-href=\"http:\/\/www.blogdopilako.com.br\/wp\/2012\/07\/25\/o-tempo-voa-posse-do-conselho-municipal-1974\/\" data-send=\"false\" data-layout=\"box_count\" data-width=\"55\" data-show-faces=\"false\"><\/div><\/span><\/span><span class=\"mr_social_sharing_top\"><fb:share-button type=\"box_count\" href=\"http:\/\/www.blogdopilako.com.br\/wp\/2012\/07\/25\/o-tempo-voa-posse-do-conselho-municipal-1974\/\"><\/fb:share-button><\/span><span class=\"mr_social_sharing\"><a rel=\"nofollow\" class=\"linksalpha_button linksalpha_link\" href=\"\/\/www.linksalpha.com\/social\/mobile\" data-url=\"http:\/\/www.blogdopilako.com.br\/wp\/2012\/07\/25\/o-tempo-voa-posse-do-conselho-municipal-1974\/\" data-text=\"O Tempo Voa: Posse do Conselho Municipal (1974)\" data-desc=\"Foto registrada durante a posse do Conselho Municipal em 18 de Mar\u00e7o de 1974. Entre as pessoas est\u00e3o Jos\u00e9 Augusto Ferrer, Jo\u00e3o Valois, Ivo Queiroz, Seu Doca e Gilson Ferrer.\" data-image=\"\" data-button=\"none\">\n\t\t\t\t\t<img src=\"\/\/www.linksalpha.com\/images\/social_share_button.png\" alt=\"Share\" class=\"linksalpha_image\" \/>\n\t\t\t\t\t<\/a><script type=\"text\/javascript\" src=\"\/\/www.linksalpha.com\/scripts\/loader_iconbox.js?v=2.4\"><\/script><\/span><\/div><p>Foto registrada durante a posse do Conselho Municipal em 18 de Mar\u00e7o de 1974. Entre as pessoas est\u00e3o Jos\u00e9 Augusto Ferrer, Jo\u00e3o Valois, Ivo Queiroz, Seu Doca e Gilson Ferrer.<\/p>\n\n\t\t\t\t<div class=\"mr_social_sharing_wrapper\">\n\t\t\t\t<!-- Social Sharing Toolkit v2.2 --><span class=\"mr_social_sharing_top\"><span style=\"display: inline-block; width: 55px; height: 62px; overflow: hidden;\"><div class=\"fb-like\" data-href=\"http:\/\/www.blogdopilako.com.br\/wp\/2012\/07\/25\/o-tempo-voa-posse-do-conselho-municipal-1974\/\" data-send=\"false\" data-layout=\"box_count\" data-width=\"55\" data-show-faces=\"false\"><\/div><\/span><\/span><span class=\"mr_social_sharing_top\"><fb:share-button type=\"box_count\" href=\"http:\/\/www.blogdopilako.com.br\/wp\/2012\/07\/25\/o-tempo-voa-posse-do-conselho-municipal-1974\/\"><\/fb:share-button><\/span><span class=\"mr_social_sharing\"><a rel=\"nofollow\" class=\"linksalpha_button linksalpha_link\" href=\"\/\/www.linksalpha.com\/social\/mobile\" data-url=\"http:\/\/www.blogdopilako.com.br\/wp\/2012\/07\/25\/o-tempo-voa-posse-do-conselho-municipal-1974\/\" data-text=\"O Tempo Voa: Posse do Conselho Municipal (1974)\" data-desc=\"Foto registrada durante a posse do Conselho Municipal em 18 de Mar\u00e7o de 1974. Entre as pessoas est\u00e3o Jos\u00e9 Augusto Ferrer, Jo\u00e3o Valois, Ivo Queiroz, Seu Doca e Gilson Ferrer.\" data-image=\"\" data-button=\"none\">\n\t\t\t\t\t<img src=\"\/\/www.linksalpha.com\/images\/social_share_button.png\" alt=\"Share\" class=\"linksalpha_image\" \/>\n\t\t\t\t\t<\/a><script type=\"text\/javascript\" src=\"\/\/www.linksalpha.com\/scripts\/loader_iconbox.js?v=2.4\"><\/script><\/span><\/div>","protected":false},"author":4,"featured_media":0,"comment_status":"open","ping_status":"open","sticky":false,"template":"","format":"standard","meta":[],"categories":[23],"tags":[],"_links":{"self":[{"href":"http:\/\/www.blogdopilako.com.br\/wp\/wp-json\/wp\/v2\/posts\/23442"}],"collection":[{"href":"http:\/\/www.blogdopilako.com.br\/wp\/wp-json\/wp\/v2\/posts"}],"about":[{"href":"http:\/\/www.blogdopilako.com.br\/wp\/wp-json\/wp\/v2\/types\/post"}],"author":[{"embeddable":true,"href":"http:\/\/www.blogdopilako.com.br\/wp\/wp-json\/wp\/v2\/users\/4"}],"replies":[{"embeddable":true,"href":"http:\/\/www.blogdopilako.com.br\/wp\/wp-json\/wp\/v2\/comments?post=23442"}],"version-history":[{"count":3,"href":"http:\/\/www.blogdopilako.com.br\/wp\/wp-json\/wp\/v2\/posts\/23442\/revisions"}],"predecessor-version":[{"id":25857,"href":"http:\/\/www.blogdopilako.com.br\/wp\/wp-json\/wp\/v2\/posts\/23442\/revisions\/25857"}],"wp:attachment":[{"href":"http:\/\/www.blogdopilako.com.br\/wp\/wp-json\/wp\/v2\/media?parent=23442"}],"wp:term":[{"taxonomy":"category","embeddable":true,"href":"http:\/\/www.blogdopilako.com.br\/wp\/wp-json\/wp\/v2\/categories?post=23442"},{"taxonomy":"post_tag","embeddable":true,"href":"http:\/\/www.blogdopilako.com.br\/wp\/wp-json\/wp\/v2\/tags?post=23442"}],"curies":[{"name":"wp","href":"https:\/\/api.w.org\/{rel}","templated":true}]}}