{"id":22374,"date":"2012-07-06T14:25:43","date_gmt":"2012-07-06T17:25:43","guid":{"rendered":"http:\/\/www.blogdopilako.com.br\/wp\/?p=22374"},"modified":"2012-07-06T14:25:43","modified_gmt":"2012-07-06T17:25:43","slug":"arco-iris-no-ceu-da-vitoria","status":"publish","type":"post","link":"http:\/\/www.blogdopilako.com.br\/wp\/2012\/07\/06\/arco-iris-no-ceu-da-vitoria\/","title":{"rendered":"Arco-iris no c\u00e9u da Vit\u00f3ria"},"content":{"rendered":"\n\t\t\t\t<div class=\"mr_social_sharing_wrapper\">\n\t\t\t\t<!-- Social Sharing Toolkit v2.2 --><span class=\"mr_social_sharing_top\"><span style=\"display: inline-block; width: 55px; height: 62px; overflow: hidden;\"><div class=\"fb-like\" data-href=\"http:\/\/www.blogdopilako.com.br\/wp\/2012\/07\/06\/arco-iris-no-ceu-da-vitoria\/\" data-send=\"false\" data-layout=\"box_count\" data-width=\"55\" data-show-faces=\"false\"><\/div><\/span><\/span><span class=\"mr_social_sharing_top\"><fb:share-button type=\"box_count\" href=\"http:\/\/www.blogdopilako.com.br\/wp\/2012\/07\/06\/arco-iris-no-ceu-da-vitoria\/\"><\/fb:share-button><\/span><span class=\"mr_social_sharing\"><a rel=\"nofollow\" class=\"linksalpha_button linksalpha_link\" href=\"\/\/www.linksalpha.com\/social\/mobile\" data-url=\"http:\/\/www.blogdopilako.com.br\/wp\/2012\/07\/06\/arco-iris-no-ceu-da-vitoria\/\" data-text=\"Arco-iris no c\u00e9u da Vit\u00f3ria\" data-desc=\"Na tarde de ontem (05) por volta das 17h no P\u00e1tio da AABB, nossas lentes registraram uma bel\u00edssima cena, digna de cart\u00e3o postal, onde a forma\u00e7\u00e3o do ARCO-\u00cdRIS deu uma beleza toda especial a paisagem.\" data-image=\"http:\/\/www.blogdopilako.com.br\/wp\/wp-content\/uploads\/arco-iris-aabb.jpg\" data-button=\"none\">\n\t\t\t\t\t<img src=\"\/\/www.linksalpha.com\/images\/social_share_button.png\" alt=\"Share\" class=\"linksalpha_image\" \/>\n\t\t\t\t\t<\/a><script type=\"text\/javascript\" src=\"\/\/www.linksalpha.com\/scripts\/loader_iconbox.js?v=2.4\"><\/script><\/span><\/div><p><a href=\"http:\/\/www.blogdopilako.com.br\/wp\/wp-content\/uploads\/arco-iris-aabb.jpg\"><img loading=\"lazy\" class=\"aligncenter size-full wp-image-22395\" title=\"arco-iris-aabb\" src=\"http:\/\/www.blogdopilako.com.br\/wp\/wp-content\/uploads\/arco-iris-aabb.jpg\" alt=\"\" width=\"575\" height=\"429\" \/><\/a><\/p>\n<p style=\"text-align: justify;\">Na tarde de ontem (05) por volta das 17h no <strong>P\u00e1tio da AABB<\/strong>, nossas lentes registraram uma bel\u00edssima cena, digna de cart\u00e3o postal, onde a forma\u00e7\u00e3o do <strong>ARCO-\u00cdRIS<\/strong> deu uma beleza toda especial a paisagem.<\/p>\n\n\t\t\t\t<div class=\"mr_social_sharing_wrapper\">\n\t\t\t\t<!-- Social Sharing Toolkit v2.2 --><span class=\"mr_social_sharing_top\"><span style=\"display: inline-block; width: 55px; height: 62px; overflow: hidden;\"><div class=\"fb-like\" data-href=\"http:\/\/www.blogdopilako.com.br\/wp\/2012\/07\/06\/arco-iris-no-ceu-da-vitoria\/\" data-send=\"false\" data-layout=\"box_count\" data-width=\"55\" data-show-faces=\"false\"><\/div><\/span><\/span><span class=\"mr_social_sharing_top\"><fb:share-button type=\"box_count\" href=\"http:\/\/www.blogdopilako.com.br\/wp\/2012\/07\/06\/arco-iris-no-ceu-da-vitoria\/\"><\/fb:share-button><\/span><span class=\"mr_social_sharing\"><a rel=\"nofollow\" class=\"linksalpha_button linksalpha_link\" href=\"\/\/www.linksalpha.com\/social\/mobile\" data-url=\"http:\/\/www.blogdopilako.com.br\/wp\/2012\/07\/06\/arco-iris-no-ceu-da-vitoria\/\" data-text=\"Arco-iris no c\u00e9u da Vit\u00f3ria\" data-desc=\"Na tarde de ontem (05) por volta das 17h no P\u00e1tio da AABB, nossas lentes registraram uma bel\u00edssima cena, digna de cart\u00e3o postal, onde a forma\u00e7\u00e3o do ARCO-\u00cdRIS deu uma beleza toda especial a paisagem.\" data-image=\"http:\/\/www.blogdopilako.com.br\/wp\/wp-content\/uploads\/arco-iris-aabb.jpg\" data-button=\"none\">\n\t\t\t\t\t<img src=\"\/\/www.linksalpha.com\/images\/social_share_button.png\" alt=\"Share\" class=\"linksalpha_image\" \/>\n\t\t\t\t\t<\/a><script type=\"text\/javascript\" src=\"\/\/www.linksalpha.com\/scripts\/loader_iconbox.js?v=2.4\"><\/script><\/span><\/div>","protected":false},"excerpt":{"rendered":"\n\t\t\t\t<div class=\"mr_social_sharing_wrapper\">\n\t\t\t\t<!-- Social Sharing Toolkit v2.2 --><span class=\"mr_social_sharing_top\"><span style=\"display: inline-block; width: 55px; height: 62px; overflow: hidden;\"><div class=\"fb-like\" data-href=\"http:\/\/www.blogdopilako.com.br\/wp\/2012\/07\/06\/arco-iris-no-ceu-da-vitoria\/\" data-send=\"false\" data-layout=\"box_count\" data-width=\"55\" data-show-faces=\"false\"><\/div><\/span><\/span><span class=\"mr_social_sharing_top\"><fb:share-button type=\"box_count\" href=\"http:\/\/www.blogdopilako.com.br\/wp\/2012\/07\/06\/arco-iris-no-ceu-da-vitoria\/\"><\/fb:share-button><\/span><span class=\"mr_social_sharing\"><a rel=\"nofollow\" class=\"linksalpha_button linksalpha_link\" href=\"\/\/www.linksalpha.com\/social\/mobile\" data-url=\"http:\/\/www.blogdopilako.com.br\/wp\/2012\/07\/06\/arco-iris-no-ceu-da-vitoria\/\" data-text=\"Arco-iris no c\u00e9u da Vit\u00f3ria\" data-desc=\"Na tarde de ontem (05) por volta das 17h no P\u00e1tio da AABB, nossas lentes registraram uma bel\u00edssima cena, digna de cart\u00e3o postal, onde a forma\u00e7\u00e3o do ARCO-\u00cdRIS deu uma beleza toda especial a paisagem.\" data-image=\"\" data-button=\"none\">\n\t\t\t\t\t<img src=\"\/\/www.linksalpha.com\/images\/social_share_button.png\" alt=\"Share\" class=\"linksalpha_image\" \/>\n\t\t\t\t\t<\/a><script type=\"text\/javascript\" src=\"\/\/www.linksalpha.com\/scripts\/loader_iconbox.js?v=2.4\"><\/script><\/span><\/div><p>Na tarde de ontem (05) por volta das 17h no P\u00e1tio da AABB, nossas lentes registraram uma bel\u00edssima cena, digna de cart\u00e3o postal, onde a forma\u00e7\u00e3o do ARCO-\u00cdRIS deu uma beleza toda especial a paisagem.<\/p>\n\n\t\t\t\t<div class=\"mr_social_sharing_wrapper\">\n\t\t\t\t<!-- Social Sharing Toolkit v2.2 --><span class=\"mr_social_sharing_top\"><span style=\"display: inline-block; width: 55px; height: 62px; overflow: hidden;\"><div class=\"fb-like\" data-href=\"http:\/\/www.blogdopilako.com.br\/wp\/2012\/07\/06\/arco-iris-no-ceu-da-vitoria\/\" data-send=\"false\" data-layout=\"box_count\" data-width=\"55\" data-show-faces=\"false\"><\/div><\/span><\/span><span class=\"mr_social_sharing_top\"><fb:share-button type=\"box_count\" href=\"http:\/\/www.blogdopilako.com.br\/wp\/2012\/07\/06\/arco-iris-no-ceu-da-vitoria\/\"><\/fb:share-button><\/span><span class=\"mr_social_sharing\"><a rel=\"nofollow\" class=\"linksalpha_button linksalpha_link\" href=\"\/\/www.linksalpha.com\/social\/mobile\" data-url=\"http:\/\/www.blogdopilako.com.br\/wp\/2012\/07\/06\/arco-iris-no-ceu-da-vitoria\/\" data-text=\"Arco-iris no c\u00e9u da Vit\u00f3ria\" data-desc=\"Na tarde de ontem (05) por volta das 17h no P\u00e1tio da AABB, nossas lentes registraram uma bel\u00edssima cena, digna de cart\u00e3o postal, onde a forma\u00e7\u00e3o do ARCO-\u00cdRIS deu uma beleza toda especial a paisagem.\" data-image=\"\" data-button=\"none\">\n\t\t\t\t\t<img src=\"\/\/www.linksalpha.com\/images\/social_share_button.png\" alt=\"Share\" class=\"linksalpha_image\" \/>\n\t\t\t\t\t<\/a><script type=\"text\/javascript\" src=\"\/\/www.linksalpha.com\/scripts\/loader_iconbox.js?v=2.4\"><\/script><\/span><\/div>","protected":false},"author":4,"featured_media":0,"comment_status":"open","ping_status":"open","sticky":false,"template":"","format":"standard","meta":[],"categories":[22],"tags":[],"_links":{"self":[{"href":"http:\/\/www.blogdopilako.com.br\/wp\/wp-json\/wp\/v2\/posts\/22374"}],"collection":[{"href":"http:\/\/www.blogdopilako.com.br\/wp\/wp-json\/wp\/v2\/posts"}],"about":[{"href":"http:\/\/www.blogdopilako.com.br\/wp\/wp-json\/wp\/v2\/types\/post"}],"author":[{"embeddable":true,"href":"http:\/\/www.blogdopilako.com.br\/wp\/wp-json\/wp\/v2\/users\/4"}],"replies":[{"embeddable":true,"href":"http:\/\/www.blogdopilako.com.br\/wp\/wp-json\/wp\/v2\/comments?post=22374"}],"version-history":[{"count":2,"href":"http:\/\/www.blogdopilako.com.br\/wp\/wp-json\/wp\/v2\/posts\/22374\/revisions"}],"predecessor-version":[{"id":22396,"href":"http:\/\/www.blogdopilako.com.br\/wp\/wp-json\/wp\/v2\/posts\/22374\/revisions\/22396"}],"wp:attachment":[{"href":"http:\/\/www.blogdopilako.com.br\/wp\/wp-json\/wp\/v2\/media?parent=22374"}],"wp:term":[{"taxonomy":"category","embeddable":true,"href":"http:\/\/www.blogdopilako.com.br\/wp\/wp-json\/wp\/v2\/categories?post=22374"},{"taxonomy":"post_tag","embeddable":true,"href":"http:\/\/www.blogdopilako.com.br\/wp\/wp-json\/wp\/v2\/tags?post=22374"}],"curies":[{"name":"wp","href":"https:\/\/api.w.org\/{rel}","templated":true}]}}