{"id":22365,"date":"2012-07-06T11:17:42","date_gmt":"2012-07-06T14:17:42","guid":{"rendered":"http:\/\/www.blogdopilako.com.br\/wp\/?p=22365"},"modified":"2012-07-06T11:19:22","modified_gmt":"2012-07-06T14:19:22","slug":"e-bom-ficar-ligado","status":"publish","type":"post","link":"http:\/\/www.blogdopilako.com.br\/wp\/2012\/07\/06\/e-bom-ficar-ligado\/","title":{"rendered":"\u00c9 bom ficar ligado&#8230;"},"content":{"rendered":"\n\t\t\t\t<div class=\"mr_social_sharing_wrapper\">\n\t\t\t\t<!-- Social Sharing Toolkit v2.2 --><span class=\"mr_social_sharing_top\"><span style=\"display: inline-block; width: 55px; height: 62px; overflow: hidden;\"><div class=\"fb-like\" data-href=\"http:\/\/www.blogdopilako.com.br\/wp\/2012\/07\/06\/e-bom-ficar-ligado\/\" data-send=\"false\" data-layout=\"box_count\" data-width=\"55\" data-show-faces=\"false\"><\/div><\/span><\/span><span class=\"mr_social_sharing_top\"><fb:share-button type=\"box_count\" href=\"http:\/\/www.blogdopilako.com.br\/wp\/2012\/07\/06\/e-bom-ficar-ligado\/\"><\/fb:share-button><\/span><span class=\"mr_social_sharing\"><a rel=\"nofollow\" class=\"linksalpha_button linksalpha_link\" href=\"\/\/www.linksalpha.com\/social\/mobile\" data-url=\"http:\/\/www.blogdopilako.com.br\/wp\/2012\/07\/06\/e-bom-ficar-ligado\/\" data-text=\"\u00c9 bom ficar ligado\u2026\" data-desc=\"Propaganda liberada-\u00a0A partir de hoje (sexta-feira) \u00e9 permitida a propaganda eleitoral dos candidatos a prefeito, vice-prefeito e vereador nas elei\u00e7\u00f5es 2012, de acordo com a Lei 9.504\/97. Segundo a resolu\u00e7\u00e3o TSE, que trata das regras de propaganda eleitoral dos partidos, coliga\u00e7\u00f5es e\" data-image=\"http:\/\/www.blogdopilako.com.br\/wp\/wp-content\/uploads\/elei\u00e7\u00f5es-20121.jpg\" data-button=\"none\">\n\t\t\t\t\t<img src=\"\/\/www.linksalpha.com\/images\/social_share_button.png\" alt=\"Share\" class=\"linksalpha_image\" \/>\n\t\t\t\t\t<\/a><script type=\"text\/javascript\" src=\"\/\/www.linksalpha.com\/scripts\/loader_iconbox.js?v=2.4\"><\/script><\/span><\/div><p style=\"text-align: justify;\"><a href=\"http:\/\/www.blogdopilako.com.br\/wp\/wp-content\/uploads\/elei\u00e7\u00f5es-20121.jpg\"><img loading=\"lazy\" class=\"aligncenter size-full wp-image-22382\" title=\"elei\u00e7\u00f5es-20121\" src=\"http:\/\/www.blogdopilako.com.br\/wp\/wp-content\/uploads\/elei\u00e7\u00f5es-20121.jpg\" alt=\"\" width=\"489\" height=\"366\" \/><\/a><\/p>\n<p style=\"text-align: justify;\"><strong>Propaganda liberada<\/strong>&#8211;\u00a0A partir de hoje (sexta-feira) \u00e9 permitida a propaganda eleitoral dos candidatos a prefeito, vice-prefeito e vereador nas elei\u00e7\u00f5es 2012, de acordo com a Lei 9.504\/97. Segundo a resolu\u00e7\u00e3o TSE, que trata das regras de propaganda eleitoral dos partidos, coliga\u00e7\u00f5es e candidatos, est\u00e3o liberados atos pol\u00edticos em locais aberto ou fechado.<\/p>\n<p style=\"text-align: justify;\"><strong>De olho&#8230;\u00a0<\/strong>O TSE pro\u00edbe propaganda em outdoors, showm\u00edcios ou eventos semelhantes para a promo\u00e7\u00e3o de candidatos e a apresenta\u00e7\u00e3o, remunerada ou n\u00e3o, de artistas com o objetivo de animar com\u00edcio e reuni\u00e3o eleitoral. A produ\u00e7\u00e3o, uso e distribui\u00e7\u00e3o de brindes, camisetas, chaveiros, bon\u00e9s, canetas, cestas b\u00e1sicas ou outros bens ou materiais que possam proporcionar vantagem ao eleitor tamb\u00e9m \u00e9 vedada.<\/p>\n<p style=\"text-align: justify;\"><strong>&#8230; Na internet<\/strong>\u00a0&#8211; Segundo a resolu\u00e7\u00e3o do TSE, a propaganda eleitoral pela internet pode ser realizada a partir de hoje (dia 6 de julho). Essa propaganda \u00e9 permitida nos sites do candidato, do partido ou coliga\u00e7\u00e3o, com endere\u00e7os eletr\u00f4nicos informados \u00e0 Justi\u00e7a Eleitoral. Ela tamb\u00e9m pode ser feita atrav\u00e9s de mensagem eletr\u00f4nica, por meio de blogs, redes sociais, sites de mensagens instant\u00e2neas e assemelhados. Mas a propaganda virtual paga est\u00e1 proibida.<\/p>\n<p><strong>Do blog do amigo <a href=\"http:\/\/www.blogdomagno.com.br\/\" target=\"_blank\">Magno Martins<\/a>.<\/strong><\/p>\n\n\t\t\t\t<div class=\"mr_social_sharing_wrapper\">\n\t\t\t\t<!-- Social Sharing Toolkit v2.2 --><span class=\"mr_social_sharing_top\"><span style=\"display: inline-block; width: 55px; height: 62px; overflow: hidden;\"><div class=\"fb-like\" data-href=\"http:\/\/www.blogdopilako.com.br\/wp\/2012\/07\/06\/e-bom-ficar-ligado\/\" data-send=\"false\" data-layout=\"box_count\" data-width=\"55\" data-show-faces=\"false\"><\/div><\/span><\/span><span class=\"mr_social_sharing_top\"><fb:share-button type=\"box_count\" href=\"http:\/\/www.blogdopilako.com.br\/wp\/2012\/07\/06\/e-bom-ficar-ligado\/\"><\/fb:share-button><\/span><span class=\"mr_social_sharing\"><a rel=\"nofollow\" class=\"linksalpha_button linksalpha_link\" href=\"\/\/www.linksalpha.com\/social\/mobile\" data-url=\"http:\/\/www.blogdopilako.com.br\/wp\/2012\/07\/06\/e-bom-ficar-ligado\/\" data-text=\"\u00c9 bom ficar ligado\u2026\" data-desc=\"Propaganda liberada-\u00a0A partir de hoje (sexta-feira) \u00e9 permitida a propaganda eleitoral dos candidatos a prefeito, vice-prefeito e vereador nas elei\u00e7\u00f5es 2012, de acordo com a Lei 9.504\/97. Segundo a resolu\u00e7\u00e3o TSE, que trata das regras de propaganda eleitoral dos partidos, coliga\u00e7\u00f5es e\" data-image=\"http:\/\/www.blogdopilako.com.br\/wp\/wp-content\/uploads\/elei\u00e7\u00f5es-20121.jpg\" data-button=\"none\">\n\t\t\t\t\t<img src=\"\/\/www.linksalpha.com\/images\/social_share_button.png\" alt=\"Share\" class=\"linksalpha_image\" \/>\n\t\t\t\t\t<\/a><script type=\"text\/javascript\" src=\"\/\/www.linksalpha.com\/scripts\/loader_iconbox.js?v=2.4\"><\/script><\/span><\/div>","protected":false},"excerpt":{"rendered":"\n\t\t\t\t<div class=\"mr_social_sharing_wrapper\">\n\t\t\t\t<!-- Social Sharing Toolkit v2.2 --><span class=\"mr_social_sharing_top\"><span style=\"display: inline-block; width: 55px; height: 62px; overflow: hidden;\"><div class=\"fb-like\" data-href=\"http:\/\/www.blogdopilako.com.br\/wp\/2012\/07\/06\/e-bom-ficar-ligado\/\" data-send=\"false\" data-layout=\"box_count\" data-width=\"55\" data-show-faces=\"false\"><\/div><\/span><\/span><span class=\"mr_social_sharing_top\"><fb:share-button type=\"box_count\" href=\"http:\/\/www.blogdopilako.com.br\/wp\/2012\/07\/06\/e-bom-ficar-ligado\/\"><\/fb:share-button><\/span><span class=\"mr_social_sharing\"><a rel=\"nofollow\" class=\"linksalpha_button linksalpha_link\" href=\"\/\/www.linksalpha.com\/social\/mobile\" data-url=\"http:\/\/www.blogdopilako.com.br\/wp\/2012\/07\/06\/e-bom-ficar-ligado\/\" data-text=\"\u00c9 bom ficar ligado\u2026\" data-desc=\"Propaganda liberada-\u00a0A partir de hoje (sexta-feira) \u00e9 permitida a propaganda eleitoral dos candidatos a prefeito, vice-prefeito e vereador nas elei\u00e7\u00f5es 2012, de acordo com a Lei 9.504\/97. Segundo a resolu\u00e7\u00e3o TSE, que trata das regras de propaganda eleitoral dos partidos, coliga\u00e7\u00f5es e\" data-image=\"\" data-button=\"none\">\n\t\t\t\t\t<img src=\"\/\/www.linksalpha.com\/images\/social_share_button.png\" alt=\"Share\" class=\"linksalpha_image\" \/>\n\t\t\t\t\t<\/a><script type=\"text\/javascript\" src=\"\/\/www.linksalpha.com\/scripts\/loader_iconbox.js?v=2.4\"><\/script><\/span><\/div><p>Propaganda liberada&#8211;\u00a0A partir de hoje (sexta-feira) \u00e9 permitida a propaganda eleitoral dos candidatos a prefeito, vice-prefeito e vereador nas elei\u00e7\u00f5es 2012, de acordo com a Lei 9.504\/97. Segundo a resolu\u00e7\u00e3o TSE, que trata das regras de propaganda eleitoral dos partidos, &hellip; <a href=\"http:\/\/www.blogdopilako.com.br\/wp\/2012\/07\/06\/e-bom-ficar-ligado\/\">Continue lendo <span class=\"meta-nav\">&rarr;<\/span><\/a><\/p>\n\n\t\t\t\t<div class=\"mr_social_sharing_wrapper\">\n\t\t\t\t<!-- Social Sharing Toolkit v2.2 --><span class=\"mr_social_sharing_top\"><span style=\"display: inline-block; width: 55px; height: 62px; overflow: hidden;\"><div class=\"fb-like\" data-href=\"http:\/\/www.blogdopilako.com.br\/wp\/2012\/07\/06\/e-bom-ficar-ligado\/\" data-send=\"false\" data-layout=\"box_count\" data-width=\"55\" data-show-faces=\"false\"><\/div><\/span><\/span><span class=\"mr_social_sharing_top\"><fb:share-button type=\"box_count\" href=\"http:\/\/www.blogdopilako.com.br\/wp\/2012\/07\/06\/e-bom-ficar-ligado\/\"><\/fb:share-button><\/span><span class=\"mr_social_sharing\"><a rel=\"nofollow\" class=\"linksalpha_button linksalpha_link\" href=\"\/\/www.linksalpha.com\/social\/mobile\" data-url=\"http:\/\/www.blogdopilako.com.br\/wp\/2012\/07\/06\/e-bom-ficar-ligado\/\" data-text=\"\u00c9 bom ficar ligado\u2026\" data-desc=\"Propaganda liberada-\u00a0A partir de hoje (sexta-feira) \u00e9 permitida a propaganda eleitoral dos candidatos a prefeito, vice-prefeito e vereador nas elei\u00e7\u00f5es 2012, de acordo com a Lei 9.504\/97. Segundo a resolu\u00e7\u00e3o TSE, que trata das regras de propaganda eleitoral dos partidos, coliga\u00e7\u00f5es e\" data-image=\"\" data-button=\"none\">\n\t\t\t\t\t<img src=\"\/\/www.linksalpha.com\/images\/social_share_button.png\" alt=\"Share\" class=\"linksalpha_image\" \/>\n\t\t\t\t\t<\/a><script type=\"text\/javascript\" src=\"\/\/www.linksalpha.com\/scripts\/loader_iconbox.js?v=2.4\"><\/script><\/span><\/div>","protected":false},"author":4,"featured_media":0,"comment_status":"open","ping_status":"open","sticky":false,"template":"","format":"standard","meta":[],"categories":[21,22],"tags":[],"_links":{"self":[{"href":"http:\/\/www.blogdopilako.com.br\/wp\/wp-json\/wp\/v2\/posts\/22365"}],"collection":[{"href":"http:\/\/www.blogdopilako.com.br\/wp\/wp-json\/wp\/v2\/posts"}],"about":[{"href":"http:\/\/www.blogdopilako.com.br\/wp\/wp-json\/wp\/v2\/types\/post"}],"author":[{"embeddable":true,"href":"http:\/\/www.blogdopilako.com.br\/wp\/wp-json\/wp\/v2\/users\/4"}],"replies":[{"embeddable":true,"href":"http:\/\/www.blogdopilako.com.br\/wp\/wp-json\/wp\/v2\/comments?post=22365"}],"version-history":[{"count":5,"href":"http:\/\/www.blogdopilako.com.br\/wp\/wp-json\/wp\/v2\/posts\/22365\/revisions"}],"predecessor-version":[{"id":22381,"href":"http:\/\/www.blogdopilako.com.br\/wp\/wp-json\/wp\/v2\/posts\/22365\/revisions\/22381"}],"wp:attachment":[{"href":"http:\/\/www.blogdopilako.com.br\/wp\/wp-json\/wp\/v2\/media?parent=22365"}],"wp:term":[{"taxonomy":"category","embeddable":true,"href":"http:\/\/www.blogdopilako.com.br\/wp\/wp-json\/wp\/v2\/categories?post=22365"},{"taxonomy":"post_tag","embeddable":true,"href":"http:\/\/www.blogdopilako.com.br\/wp\/wp-json\/wp\/v2\/tags?post=22365"}],"curies":[{"name":"wp","href":"https:\/\/api.w.org\/{rel}","templated":true}]}}