{"id":22306,"date":"2012-07-05T15:44:04","date_gmt":"2012-07-05T18:44:04","guid":{"rendered":"http:\/\/www.blogdopilako.com.br\/wp\/?p=22306"},"modified":"2012-07-05T15:44:04","modified_gmt":"2012-07-05T18:44:04","slug":"gestores-sem-moral","status":"publish","type":"post","link":"http:\/\/www.blogdopilako.com.br\/wp\/2012\/07\/05\/gestores-sem-moral\/","title":{"rendered":"Gestores sem moral"},"content":{"rendered":"\n\t\t\t\t<div class=\"mr_social_sharing_wrapper\">\n\t\t\t\t<!-- Social Sharing Toolkit v2.2 --><span class=\"mr_social_sharing_top\"><span style=\"display: inline-block; width: 55px; height: 62px; overflow: hidden;\"><div class=\"fb-like\" data-href=\"http:\/\/www.blogdopilako.com.br\/wp\/2012\/07\/05\/gestores-sem-moral\/\" data-send=\"false\" data-layout=\"box_count\" data-width=\"55\" data-show-faces=\"false\"><\/div><\/span><\/span><span class=\"mr_social_sharing_top\"><fb:share-button type=\"box_count\" href=\"http:\/\/www.blogdopilako.com.br\/wp\/2012\/07\/05\/gestores-sem-moral\/\"><\/fb:share-button><\/span><span class=\"mr_social_sharing\"><a rel=\"nofollow\" class=\"linksalpha_button linksalpha_link\" href=\"\/\/www.linksalpha.com\/social\/mobile\" data-url=\"http:\/\/www.blogdopilako.com.br\/wp\/2012\/07\/05\/gestores-sem-moral\/\" data-text=\"Gestores sem moral\" data-desc=\"Na tarde de hoje (05) nossas lentes registraram mais um caso de abuso cometido pelos condutores da frota de autom\u00f3veis da gest\u00e3o do Governo de Todos\u00a0em nossa cidade. Um funcion\u00e1rio da Prefeitura, aparentemente sem habilita\u00e7\u00e3o para dirigir, estacionou o carro em cima da cal\u00e7ada\u00a0nas\" data-image=\"http:\/\/www.blogdopilako.com.br\/wp\/wp-content\/uploads\/carro-prefeitura4.jpg\" data-button=\"none\">\n\t\t\t\t\t<img src=\"\/\/www.linksalpha.com\/images\/social_share_button.png\" alt=\"Share\" class=\"linksalpha_image\" \/>\n\t\t\t\t\t<\/a><script type=\"text\/javascript\" src=\"\/\/www.linksalpha.com\/scripts\/loader_iconbox.js?v=2.4\"><\/script><\/span><\/div><p style=\"text-align: justify;\"><a href=\"http:\/\/www.blogdopilako.com.br\/wp\/wp-content\/uploads\/carro-prefeitura4.jpg\"><img loading=\"lazy\" class=\"aligncenter size-full wp-image-22312\" title=\"carro-prefeitura\" src=\"http:\/\/www.blogdopilako.com.br\/wp\/wp-content\/uploads\/carro-prefeitura4.jpg\" alt=\"\" width=\"576\" height=\"359\" \/><\/a><\/p>\n<p style=\"text-align: justify;\">Na tarde de hoje (05) nossas lentes registraram mais um caso de abuso cometido pelos condutores da frota de autom\u00f3veis da <strong>gest\u00e3o do Governo de Todos<\/strong>\u00a0em nossa cidade. Um funcion\u00e1rio da Prefeitura, aparentemente sem habilita\u00e7\u00e3o para dirigir, <strong>estacionou<\/strong> o carro <strong>em cima da cal\u00e7ada\u00a0<\/strong>nas proximidades do Pr\u00e9dio da Antiga Esta\u00e7\u00e3o Ferrovi\u00e1ria.<\/p>\n<p style=\"text-align: justify;\">N\u00e3o \u00e9 de hoje que flagramos <strong>condutores<\/strong> da frota da <strong>Prefeitura<\/strong> desrespeitando as leis de tr\u00e2nsito em nossa cidade. Isso apenas reflete a falta de ordem e comando dos nossos gestores, que diga-se de passagem, se antes j\u00e1 n\u00e3o tinham interesse de botar \u201cmoral\u201d, imaginem agora em plena campanha eleitoral.<\/p>\n<p style=\"text-align: justify;\">Um fato curioso, que deve ser destacado, \u00e9 que <strong>exatamente h\u00e1 um ano<\/strong>, n\u00f3s denunciamos a mesma irregularidade cometida por condutores de ve\u00edculos da frota da Prefeitura. <strong><a href=\"http:\/\/www.blogdopilako.com.br\/wp\/2011\/07\/05\/abuso\/\">Veja &#8211; \u00a0clique aqui.<\/a><\/strong><\/p>\n\n\t\t\t\t<div class=\"mr_social_sharing_wrapper\">\n\t\t\t\t<!-- Social Sharing Toolkit v2.2 --><span class=\"mr_social_sharing_top\"><span style=\"display: inline-block; width: 55px; height: 62px; overflow: hidden;\"><div class=\"fb-like\" data-href=\"http:\/\/www.blogdopilako.com.br\/wp\/2012\/07\/05\/gestores-sem-moral\/\" data-send=\"false\" data-layout=\"box_count\" data-width=\"55\" data-show-faces=\"false\"><\/div><\/span><\/span><span class=\"mr_social_sharing_top\"><fb:share-button type=\"box_count\" href=\"http:\/\/www.blogdopilako.com.br\/wp\/2012\/07\/05\/gestores-sem-moral\/\"><\/fb:share-button><\/span><span class=\"mr_social_sharing\"><a rel=\"nofollow\" class=\"linksalpha_button linksalpha_link\" href=\"\/\/www.linksalpha.com\/social\/mobile\" data-url=\"http:\/\/www.blogdopilako.com.br\/wp\/2012\/07\/05\/gestores-sem-moral\/\" data-text=\"Gestores sem moral\" data-desc=\"Na tarde de hoje (05) nossas lentes registraram mais um caso de abuso cometido pelos condutores da frota de autom\u00f3veis da gest\u00e3o do Governo de Todos\u00a0em nossa cidade. Um funcion\u00e1rio da Prefeitura, aparentemente sem habilita\u00e7\u00e3o para dirigir, estacionou o carro em cima da cal\u00e7ada\u00a0nas\" data-image=\"http:\/\/www.blogdopilako.com.br\/wp\/wp-content\/uploads\/carro-prefeitura4.jpg\" data-button=\"none\">\n\t\t\t\t\t<img src=\"\/\/www.linksalpha.com\/images\/social_share_button.png\" alt=\"Share\" class=\"linksalpha_image\" \/>\n\t\t\t\t\t<\/a><script type=\"text\/javascript\" src=\"\/\/www.linksalpha.com\/scripts\/loader_iconbox.js?v=2.4\"><\/script><\/span><\/div>","protected":false},"excerpt":{"rendered":"\n\t\t\t\t<div class=\"mr_social_sharing_wrapper\">\n\t\t\t\t<!-- Social Sharing Toolkit v2.2 --><span class=\"mr_social_sharing_top\"><span style=\"display: inline-block; width: 55px; height: 62px; overflow: hidden;\"><div class=\"fb-like\" data-href=\"http:\/\/www.blogdopilako.com.br\/wp\/2012\/07\/05\/gestores-sem-moral\/\" data-send=\"false\" data-layout=\"box_count\" data-width=\"55\" data-show-faces=\"false\"><\/div><\/span><\/span><span class=\"mr_social_sharing_top\"><fb:share-button type=\"box_count\" href=\"http:\/\/www.blogdopilako.com.br\/wp\/2012\/07\/05\/gestores-sem-moral\/\"><\/fb:share-button><\/span><span class=\"mr_social_sharing\"><a rel=\"nofollow\" class=\"linksalpha_button linksalpha_link\" href=\"\/\/www.linksalpha.com\/social\/mobile\" data-url=\"http:\/\/www.blogdopilako.com.br\/wp\/2012\/07\/05\/gestores-sem-moral\/\" data-text=\"Gestores sem moral\" data-desc=\"Na tarde de hoje (05) nossas lentes registraram mais um caso de abuso cometido pelos condutores da frota de autom\u00f3veis da gest\u00e3o do Governo de Todos\u00a0em nossa cidade. Um funcion\u00e1rio da Prefeitura, aparentemente sem habilita\u00e7\u00e3o para dirigir, estacionou o carro em cima da cal\u00e7ada\u00a0nas\" data-image=\"\" data-button=\"none\">\n\t\t\t\t\t<img src=\"\/\/www.linksalpha.com\/images\/social_share_button.png\" alt=\"Share\" class=\"linksalpha_image\" \/>\n\t\t\t\t\t<\/a><script type=\"text\/javascript\" src=\"\/\/www.linksalpha.com\/scripts\/loader_iconbox.js?v=2.4\"><\/script><\/span><\/div><p>Na tarde de hoje (05) nossas lentes registraram mais um caso de abuso cometido pelos condutores da frota de autom\u00f3veis da gest\u00e3o do Governo de Todos\u00a0em nossa cidade. Um funcion\u00e1rio da Prefeitura, aparentemente sem habilita\u00e7\u00e3o para dirigir, estacionou o carro &hellip; <a href=\"http:\/\/www.blogdopilako.com.br\/wp\/2012\/07\/05\/gestores-sem-moral\/\">Continue lendo <span class=\"meta-nav\">&rarr;<\/span><\/a><\/p>\n\n\t\t\t\t<div class=\"mr_social_sharing_wrapper\">\n\t\t\t\t<!-- Social Sharing Toolkit v2.2 --><span class=\"mr_social_sharing_top\"><span style=\"display: inline-block; width: 55px; height: 62px; overflow: hidden;\"><div class=\"fb-like\" data-href=\"http:\/\/www.blogdopilako.com.br\/wp\/2012\/07\/05\/gestores-sem-moral\/\" data-send=\"false\" data-layout=\"box_count\" data-width=\"55\" data-show-faces=\"false\"><\/div><\/span><\/span><span class=\"mr_social_sharing_top\"><fb:share-button type=\"box_count\" href=\"http:\/\/www.blogdopilako.com.br\/wp\/2012\/07\/05\/gestores-sem-moral\/\"><\/fb:share-button><\/span><span class=\"mr_social_sharing\"><a rel=\"nofollow\" class=\"linksalpha_button linksalpha_link\" href=\"\/\/www.linksalpha.com\/social\/mobile\" data-url=\"http:\/\/www.blogdopilako.com.br\/wp\/2012\/07\/05\/gestores-sem-moral\/\" data-text=\"Gestores sem moral\" data-desc=\"Na tarde de hoje (05) nossas lentes registraram mais um caso de abuso cometido pelos condutores da frota de autom\u00f3veis da gest\u00e3o do Governo de Todos\u00a0em nossa cidade. Um funcion\u00e1rio da Prefeitura, aparentemente sem habilita\u00e7\u00e3o para dirigir, estacionou o carro em cima da cal\u00e7ada\u00a0nas\" data-image=\"\" data-button=\"none\">\n\t\t\t\t\t<img src=\"\/\/www.linksalpha.com\/images\/social_share_button.png\" alt=\"Share\" class=\"linksalpha_image\" \/>\n\t\t\t\t\t<\/a><script type=\"text\/javascript\" src=\"\/\/www.linksalpha.com\/scripts\/loader_iconbox.js?v=2.4\"><\/script><\/span><\/div>","protected":false},"author":4,"featured_media":0,"comment_status":"open","ping_status":"open","sticky":false,"template":"","format":"standard","meta":[],"categories":[21,22],"tags":[],"_links":{"self":[{"href":"http:\/\/www.blogdopilako.com.br\/wp\/wp-json\/wp\/v2\/posts\/22306"}],"collection":[{"href":"http:\/\/www.blogdopilako.com.br\/wp\/wp-json\/wp\/v2\/posts"}],"about":[{"href":"http:\/\/www.blogdopilako.com.br\/wp\/wp-json\/wp\/v2\/types\/post"}],"author":[{"embeddable":true,"href":"http:\/\/www.blogdopilako.com.br\/wp\/wp-json\/wp\/v2\/users\/4"}],"replies":[{"embeddable":true,"href":"http:\/\/www.blogdopilako.com.br\/wp\/wp-json\/wp\/v2\/comments?post=22306"}],"version-history":[{"count":3,"href":"http:\/\/www.blogdopilako.com.br\/wp\/wp-json\/wp\/v2\/posts\/22306\/revisions"}],"predecessor-version":[{"id":22316,"href":"http:\/\/www.blogdopilako.com.br\/wp\/wp-json\/wp\/v2\/posts\/22306\/revisions\/22316"}],"wp:attachment":[{"href":"http:\/\/www.blogdopilako.com.br\/wp\/wp-json\/wp\/v2\/media?parent=22306"}],"wp:term":[{"taxonomy":"category","embeddable":true,"href":"http:\/\/www.blogdopilako.com.br\/wp\/wp-json\/wp\/v2\/categories?post=22306"},{"taxonomy":"post_tag","embeddable":true,"href":"http:\/\/www.blogdopilako.com.br\/wp\/wp-json\/wp\/v2\/tags?post=22306"}],"curies":[{"name":"wp","href":"https:\/\/api.w.org\/{rel}","templated":true}]}}