{"id":2229,"date":"2011-07-22T16:42:54","date_gmt":"2011-07-22T19:42:54","guid":{"rendered":"http:\/\/www.blogdopilako.com.br\/wp\/?p=2229"},"modified":"2011-07-22T16:42:54","modified_gmt":"2011-07-22T19:42:54","slug":"desabafo","status":"publish","type":"post","link":"http:\/\/www.blogdopilako.com.br\/wp\/2011\/07\/22\/desabafo\/","title":{"rendered":"Desabafo"},"content":{"rendered":"\n\t\t\t\t<div class=\"mr_social_sharing_wrapper\">\n\t\t\t\t<!-- Social Sharing Toolkit v2.2 --><span class=\"mr_social_sharing_top\"><span style=\"display: inline-block; width: 55px; height: 62px; overflow: hidden;\"><div class=\"fb-like\" data-href=\"http:\/\/www.blogdopilako.com.br\/wp\/2011\/07\/22\/desabafo\/\" data-send=\"false\" data-layout=\"box_count\" data-width=\"55\" data-show-faces=\"false\"><\/div><\/span><\/span><span class=\"mr_social_sharing_top\"><fb:share-button type=\"box_count\" href=\"http:\/\/www.blogdopilako.com.br\/wp\/2011\/07\/22\/desabafo\/\"><\/fb:share-button><\/span><span class=\"mr_social_sharing\"><a rel=\"nofollow\" class=\"linksalpha_button linksalpha_link\" href=\"\/\/www.linksalpha.com\/social\/mobile\" data-url=\"http:\/\/www.blogdopilako.com.br\/wp\/2011\/07\/22\/desabafo\/\" data-text=\"Desabafo\" data-desc=\"Mais uma vez recebemos um e-mail de uma internauta preocupada com a situa\u00e7\u00e3o das cal\u00e7adas depois que os porcos passam. \u201cJ\u00e1 n\u00e3o sei o que fazer mais\u201d - desabafou dona Margarida Lima. A foto foi registrada na subida da FAINTVISA.\" data-image=\"http:\/\/www.blogdopilako.com.br\/wp\/wp-content\/uploads\/lixo1.jpg\" data-button=\"none\">\n\t\t\t\t\t<img src=\"\/\/www.linksalpha.com\/images\/social_share_button.png\" alt=\"Share\" class=\"linksalpha_image\" \/>\n\t\t\t\t\t<\/a><script type=\"text\/javascript\" src=\"\/\/www.linksalpha.com\/scripts\/loader_iconbox.js?v=2.4\"><\/script><\/span><\/div><p style=\"text-align: justify;\"><img loading=\"lazy\" class=\"aligncenter size-full wp-image-2237\" title=\"lixo\" src=\"http:\/\/www.blogdopilako.com.br\/wp\/wp-content\/uploads\/lixo1.jpg\" alt=\"\" width=\"431\" height=\"324\" \/><\/p>\n<p style=\"text-align: justify;\">Mais uma vez recebemos um e-mail de uma internauta preocupada com a situa\u00e7\u00e3o das cal\u00e7adas depois que os porcos passam. <em><strong>\u201cJ\u00e1 n\u00e3o sei o que fazer mais\u201d <\/strong>&#8211; <\/em>desabafou dona <strong>Margarida Lima<\/strong>. A foto foi registrada na subida da FAINTVISA.<\/p>\n\n\t\t\t\t<div class=\"mr_social_sharing_wrapper\">\n\t\t\t\t<!-- Social Sharing Toolkit v2.2 --><span class=\"mr_social_sharing_top\"><span style=\"display: inline-block; width: 55px; height: 62px; overflow: hidden;\"><div class=\"fb-like\" data-href=\"http:\/\/www.blogdopilako.com.br\/wp\/2011\/07\/22\/desabafo\/\" data-send=\"false\" data-layout=\"box_count\" data-width=\"55\" data-show-faces=\"false\"><\/div><\/span><\/span><span class=\"mr_social_sharing_top\"><fb:share-button type=\"box_count\" href=\"http:\/\/www.blogdopilako.com.br\/wp\/2011\/07\/22\/desabafo\/\"><\/fb:share-button><\/span><span class=\"mr_social_sharing\"><a rel=\"nofollow\" class=\"linksalpha_button linksalpha_link\" href=\"\/\/www.linksalpha.com\/social\/mobile\" data-url=\"http:\/\/www.blogdopilako.com.br\/wp\/2011\/07\/22\/desabafo\/\" data-text=\"Desabafo\" data-desc=\"Mais uma vez recebemos um e-mail de uma internauta preocupada com a situa\u00e7\u00e3o das cal\u00e7adas depois que os porcos passam. \u201cJ\u00e1 n\u00e3o sei o que fazer mais\u201d - desabafou dona Margarida Lima. A foto foi registrada na subida da FAINTVISA.\" data-image=\"http:\/\/www.blogdopilako.com.br\/wp\/wp-content\/uploads\/lixo1.jpg\" data-button=\"none\">\n\t\t\t\t\t<img src=\"\/\/www.linksalpha.com\/images\/social_share_button.png\" alt=\"Share\" class=\"linksalpha_image\" \/>\n\t\t\t\t\t<\/a><script type=\"text\/javascript\" src=\"\/\/www.linksalpha.com\/scripts\/loader_iconbox.js?v=2.4\"><\/script><\/span><\/div>","protected":false},"excerpt":{"rendered":"\n\t\t\t\t<div class=\"mr_social_sharing_wrapper\">\n\t\t\t\t<!-- Social Sharing Toolkit v2.2 --><span class=\"mr_social_sharing_top\"><span style=\"display: inline-block; width: 55px; height: 62px; overflow: hidden;\"><div class=\"fb-like\" data-href=\"http:\/\/www.blogdopilako.com.br\/wp\/2011\/07\/22\/desabafo\/\" data-send=\"false\" data-layout=\"box_count\" data-width=\"55\" data-show-faces=\"false\"><\/div><\/span><\/span><span class=\"mr_social_sharing_top\"><fb:share-button type=\"box_count\" href=\"http:\/\/www.blogdopilako.com.br\/wp\/2011\/07\/22\/desabafo\/\"><\/fb:share-button><\/span><span class=\"mr_social_sharing\"><a rel=\"nofollow\" class=\"linksalpha_button linksalpha_link\" href=\"\/\/www.linksalpha.com\/social\/mobile\" data-url=\"http:\/\/www.blogdopilako.com.br\/wp\/2011\/07\/22\/desabafo\/\" data-text=\"Desabafo\" data-desc=\"Mais uma vez recebemos um e-mail de uma internauta preocupada com a situa\u00e7\u00e3o das cal\u00e7adas depois que os porcos passam. \u201cJ\u00e1 n\u00e3o sei o que fazer mais\u201d - desabafou dona Margarida Lima. A foto foi registrada na subida da FAINTVISA.\" data-image=\"\" data-button=\"none\">\n\t\t\t\t\t<img src=\"\/\/www.linksalpha.com\/images\/social_share_button.png\" alt=\"Share\" class=\"linksalpha_image\" \/>\n\t\t\t\t\t<\/a><script type=\"text\/javascript\" src=\"\/\/www.linksalpha.com\/scripts\/loader_iconbox.js?v=2.4\"><\/script><\/span><\/div><p>Mais uma vez recebemos um e-mail de uma internauta preocupada com a situa\u00e7\u00e3o das cal\u00e7adas depois que os porcos passam. \u201cJ\u00e1 n\u00e3o sei o que fazer mais\u201d &#8211; desabafou dona Margarida Lima. A foto foi registrada na subida da FAINTVISA.<\/p>\n\n\t\t\t\t<div class=\"mr_social_sharing_wrapper\">\n\t\t\t\t<!-- Social Sharing Toolkit v2.2 --><span class=\"mr_social_sharing_top\"><span style=\"display: inline-block; width: 55px; height: 62px; overflow: hidden;\"><div class=\"fb-like\" data-href=\"http:\/\/www.blogdopilako.com.br\/wp\/2011\/07\/22\/desabafo\/\" data-send=\"false\" data-layout=\"box_count\" data-width=\"55\" data-show-faces=\"false\"><\/div><\/span><\/span><span class=\"mr_social_sharing_top\"><fb:share-button type=\"box_count\" href=\"http:\/\/www.blogdopilako.com.br\/wp\/2011\/07\/22\/desabafo\/\"><\/fb:share-button><\/span><span class=\"mr_social_sharing\"><a rel=\"nofollow\" class=\"linksalpha_button linksalpha_link\" href=\"\/\/www.linksalpha.com\/social\/mobile\" data-url=\"http:\/\/www.blogdopilako.com.br\/wp\/2011\/07\/22\/desabafo\/\" data-text=\"Desabafo\" data-desc=\"Mais uma vez recebemos um e-mail de uma internauta preocupada com a situa\u00e7\u00e3o das cal\u00e7adas depois que os porcos passam. \u201cJ\u00e1 n\u00e3o sei o que fazer mais\u201d - desabafou dona Margarida Lima. A foto foi registrada na subida da FAINTVISA.\" data-image=\"\" data-button=\"none\">\n\t\t\t\t\t<img src=\"\/\/www.linksalpha.com\/images\/social_share_button.png\" alt=\"Share\" class=\"linksalpha_image\" \/>\n\t\t\t\t\t<\/a><script type=\"text\/javascript\" src=\"\/\/www.linksalpha.com\/scripts\/loader_iconbox.js?v=2.4\"><\/script><\/span><\/div>","protected":false},"author":4,"featured_media":0,"comment_status":"open","ping_status":"open","sticky":false,"template":"","format":"standard","meta":[],"categories":[21],"tags":[],"_links":{"self":[{"href":"http:\/\/www.blogdopilako.com.br\/wp\/wp-json\/wp\/v2\/posts\/2229"}],"collection":[{"href":"http:\/\/www.blogdopilako.com.br\/wp\/wp-json\/wp\/v2\/posts"}],"about":[{"href":"http:\/\/www.blogdopilako.com.br\/wp\/wp-json\/wp\/v2\/types\/post"}],"author":[{"embeddable":true,"href":"http:\/\/www.blogdopilako.com.br\/wp\/wp-json\/wp\/v2\/users\/4"}],"replies":[{"embeddable":true,"href":"http:\/\/www.blogdopilako.com.br\/wp\/wp-json\/wp\/v2\/comments?post=2229"}],"version-history":[{"count":4,"href":"http:\/\/www.blogdopilako.com.br\/wp\/wp-json\/wp\/v2\/posts\/2229\/revisions"}],"predecessor-version":[{"id":2240,"href":"http:\/\/www.blogdopilako.com.br\/wp\/wp-json\/wp\/v2\/posts\/2229\/revisions\/2240"}],"wp:attachment":[{"href":"http:\/\/www.blogdopilako.com.br\/wp\/wp-json\/wp\/v2\/media?parent=2229"}],"wp:term":[{"taxonomy":"category","embeddable":true,"href":"http:\/\/www.blogdopilako.com.br\/wp\/wp-json\/wp\/v2\/categories?post=2229"},{"taxonomy":"post_tag","embeddable":true,"href":"http:\/\/www.blogdopilako.com.br\/wp\/wp-json\/wp\/v2\/tags?post=2229"}],"curies":[{"name":"wp","href":"https:\/\/api.w.org\/{rel}","templated":true}]}}