{"id":2074,"date":"2011-07-21T11:17:03","date_gmt":"2011-07-21T14:17:03","guid":{"rendered":"http:\/\/www.blogdopilako.com.br\/wp\/?p=2074"},"modified":"2011-07-21T11:58:55","modified_gmt":"2011-07-21T14:58:55","slug":"centro-de-saude-do-oiteiro","status":"publish","type":"post","link":"http:\/\/www.blogdopilako.com.br\/wp\/2011\/07\/21\/centro-de-saude-do-oiteiro\/","title":{"rendered":"Centro de Sa\u00fade do Oiteiro"},"content":{"rendered":"\n\t\t\t\t<div class=\"mr_social_sharing_wrapper\">\n\t\t\t\t<!-- Social Sharing Toolkit v2.2 --><span class=\"mr_social_sharing_top\"><span style=\"display: inline-block; width: 55px; height: 62px; overflow: hidden;\"><div class=\"fb-like\" data-href=\"http:\/\/www.blogdopilako.com.br\/wp\/2011\/07\/21\/centro-de-saude-do-oiteiro\/\" data-send=\"false\" data-layout=\"box_count\" data-width=\"55\" data-show-faces=\"false\"><\/div><\/span><\/span><span class=\"mr_social_sharing_top\"><fb:share-button type=\"box_count\" href=\"http:\/\/www.blogdopilako.com.br\/wp\/2011\/07\/21\/centro-de-saude-do-oiteiro\/\"><\/fb:share-button><\/span><span class=\"mr_social_sharing\"><a rel=\"nofollow\" class=\"linksalpha_button linksalpha_link\" href=\"\/\/www.linksalpha.com\/social\/mobile\" data-url=\"http:\/\/www.blogdopilako.com.br\/wp\/2011\/07\/21\/centro-de-saude-do-oiteiro\/\" data-text=\"Centro de Sa\u00fade do Oiteiro\" data-desc=\"Dando continuidade \u00e0 s\u00e9rie de postagens das informa\u00e7\u00f5es sobre as Unidades de Sa\u00fade de nossa cidade, hoje publicamos o Centro de Sa\u00fade do Oiteiro. Segundo o Minist\u00e9rio da Sa\u00fade, o\u00a0Centro de Sa\u00fade do Oiteiro conta com 01 M\u00e9dico, 01 Psic\u00f3logo,\u00a001 Enfermeiro, 01 Auxiliar e\u00a012 Agentes de\" data-image=\"http:\/\/2.bp.blogspot.com\/_eSECo7ufOWY\/S4w9mNJ7oKI\/AAAAAAAAAXo\/aEejJOTaKuk\/s400\/olho_grande_lupa.jpg\" data-button=\"none\">\n\t\t\t\t\t<img src=\"\/\/www.linksalpha.com\/images\/social_share_button.png\" alt=\"Share\" class=\"linksalpha_image\" \/>\n\t\t\t\t\t<\/a><script type=\"text\/javascript\" src=\"\/\/www.linksalpha.com\/scripts\/loader_iconbox.js?v=2.4\"><\/script><\/span><\/div><p style=\"text-align: center;\"><img loading=\"lazy\" class=\"aligncenter\" title=\"Olho Grande\" src=\"http:\/\/2.bp.blogspot.com\/_eSECo7ufOWY\/S4w9mNJ7oKI\/AAAAAAAAAXo\/aEejJOTaKuk\/s400\/olho_grande_lupa.jpg\" alt=\"\" width=\"368\" height=\"400\" \/><\/p>\n<p style=\"text-align: justify;\">Dando continuidade \u00e0 s\u00e9rie de postagens das informa\u00e7\u00f5es sobre as Unidades de Sa\u00fade de nossa cidade, hoje publicamos o <strong>Centro de Sa\u00fade do Oiteiro.<\/strong><\/p>\n<p style=\"text-align: justify;\">Segundo o <a href=\"http:\/\/www.saude.gov.br\/\" target=\"_blank\">Minist\u00e9rio da Sa\u00fade<\/a>, o\u00a0<strong><strong><strong>Centro de Sa\u00fade do Oiteiro<\/strong><\/strong> <\/strong>conta com <strong>01 <\/strong>M\u00e9dico,<strong> <\/strong><strong>01 <\/strong>Psic\u00f3logo,\u00a0<strong>01 <\/strong>Enfermeiro<strong>, <\/strong><strong>01 <\/strong>Auxiliar e\u00a0<span style=\"color: #000000;\"><strong>12 <\/strong><\/span>Agentes de Sa\u00fade, totalizando\u00a0<strong>16 <\/strong>funcion\u00e1rios pagos com recursos p\u00fablicos.<\/p>\n<p style=\"text-align: left;\"><strong>M\u00c9DICOS<\/strong><br \/>\n[table id=86\/]<\/p>\n<p><strong>PSIC\u00d3LOGOS<\/strong><\/p>\n<p>[table id=87\/]<\/p>\n<p style=\"text-align: left;\"><strong>ENFERMEIROS<br \/>\n<\/strong>[table id=85\/]<\/p>\n<p><strong>AUXILIARES<br \/>\n<\/strong>[table id=84\/]<\/p>\n<p style=\"text-align: left;\"><strong>AGENTES DE SA\u00daDE<\/strong><br \/>\n[table id=83\/]<\/p>\n\n\t\t\t\t<div class=\"mr_social_sharing_wrapper\">\n\t\t\t\t<!-- Social Sharing Toolkit v2.2 --><span class=\"mr_social_sharing_top\"><span style=\"display: inline-block; width: 55px; height: 62px; overflow: hidden;\"><div class=\"fb-like\" data-href=\"http:\/\/www.blogdopilako.com.br\/wp\/2011\/07\/21\/centro-de-saude-do-oiteiro\/\" data-send=\"false\" data-layout=\"box_count\" data-width=\"55\" data-show-faces=\"false\"><\/div><\/span><\/span><span class=\"mr_social_sharing_top\"><fb:share-button type=\"box_count\" href=\"http:\/\/www.blogdopilako.com.br\/wp\/2011\/07\/21\/centro-de-saude-do-oiteiro\/\"><\/fb:share-button><\/span><span class=\"mr_social_sharing\"><a rel=\"nofollow\" class=\"linksalpha_button linksalpha_link\" href=\"\/\/www.linksalpha.com\/social\/mobile\" data-url=\"http:\/\/www.blogdopilako.com.br\/wp\/2011\/07\/21\/centro-de-saude-do-oiteiro\/\" data-text=\"Centro de Sa\u00fade do Oiteiro\" data-desc=\"Dando continuidade \u00e0 s\u00e9rie de postagens das informa\u00e7\u00f5es sobre as Unidades de Sa\u00fade de nossa cidade, hoje publicamos o Centro de Sa\u00fade do Oiteiro. Segundo o Minist\u00e9rio da Sa\u00fade, o\u00a0Centro de Sa\u00fade do Oiteiro conta com 01 M\u00e9dico, 01 Psic\u00f3logo,\u00a001 Enfermeiro, 01 Auxiliar e\u00a012 Agentes de\" data-image=\"http:\/\/2.bp.blogspot.com\/_eSECo7ufOWY\/S4w9mNJ7oKI\/AAAAAAAAAXo\/aEejJOTaKuk\/s400\/olho_grande_lupa.jpg\" data-button=\"none\">\n\t\t\t\t\t<img src=\"\/\/www.linksalpha.com\/images\/social_share_button.png\" alt=\"Share\" class=\"linksalpha_image\" \/>\n\t\t\t\t\t<\/a><script type=\"text\/javascript\" src=\"\/\/www.linksalpha.com\/scripts\/loader_iconbox.js?v=2.4\"><\/script><\/span><\/div>","protected":false},"excerpt":{"rendered":"\n\t\t\t\t<div class=\"mr_social_sharing_wrapper\">\n\t\t\t\t<!-- Social Sharing Toolkit v2.2 --><span class=\"mr_social_sharing_top\"><span style=\"display: inline-block; width: 55px; height: 62px; overflow: hidden;\"><div class=\"fb-like\" data-href=\"http:\/\/www.blogdopilako.com.br\/wp\/2011\/07\/21\/centro-de-saude-do-oiteiro\/\" data-send=\"false\" data-layout=\"box_count\" data-width=\"55\" data-show-faces=\"false\"><\/div><\/span><\/span><span class=\"mr_social_sharing_top\"><fb:share-button type=\"box_count\" href=\"http:\/\/www.blogdopilako.com.br\/wp\/2011\/07\/21\/centro-de-saude-do-oiteiro\/\"><\/fb:share-button><\/span><span class=\"mr_social_sharing\"><a rel=\"nofollow\" class=\"linksalpha_button linksalpha_link\" href=\"\/\/www.linksalpha.com\/social\/mobile\" data-url=\"http:\/\/www.blogdopilako.com.br\/wp\/2011\/07\/21\/centro-de-saude-do-oiteiro\/\" data-text=\"Centro de Sa\u00fade do Oiteiro\" data-desc=\"Dando continuidade \u00e0 s\u00e9rie de postagens das informa\u00e7\u00f5es sobre as Unidades de Sa\u00fade de nossa cidade, hoje publicamos o Centro de Sa\u00fade do Oiteiro. Segundo o Minist\u00e9rio da Sa\u00fade, o\u00a0Centro de Sa\u00fade do Oiteiro conta com 01 M\u00e9dico, 01 Psic\u00f3logo,\u00a001 Enfermeiro, 01 Auxiliar e\u00a012 Agentes de\" data-image=\"\" data-button=\"none\">\n\t\t\t\t\t<img src=\"\/\/www.linksalpha.com\/images\/social_share_button.png\" alt=\"Share\" class=\"linksalpha_image\" \/>\n\t\t\t\t\t<\/a><script type=\"text\/javascript\" src=\"\/\/www.linksalpha.com\/scripts\/loader_iconbox.js?v=2.4\"><\/script><\/span><\/div><p>Dando continuidade \u00e0 s\u00e9rie de postagens das informa\u00e7\u00f5es sobre as Unidades de Sa\u00fade de nossa cidade, hoje publicamos o Centro de Sa\u00fade do Oiteiro. Segundo o Minist\u00e9rio da Sa\u00fade, o\u00a0Centro de Sa\u00fade do Oiteiro conta com 01 M\u00e9dico, 01 Psic\u00f3logo,\u00a001 &hellip; <a href=\"http:\/\/www.blogdopilako.com.br\/wp\/2011\/07\/21\/centro-de-saude-do-oiteiro\/\">Continue lendo <span class=\"meta-nav\">&rarr;<\/span><\/a><\/p>\n\n\t\t\t\t<div class=\"mr_social_sharing_wrapper\">\n\t\t\t\t<!-- Social Sharing Toolkit v2.2 --><span class=\"mr_social_sharing_top\"><span style=\"display: inline-block; width: 55px; height: 62px; overflow: hidden;\"><div class=\"fb-like\" data-href=\"http:\/\/www.blogdopilako.com.br\/wp\/2011\/07\/21\/centro-de-saude-do-oiteiro\/\" data-send=\"false\" data-layout=\"box_count\" data-width=\"55\" data-show-faces=\"false\"><\/div><\/span><\/span><span class=\"mr_social_sharing_top\"><fb:share-button type=\"box_count\" href=\"http:\/\/www.blogdopilako.com.br\/wp\/2011\/07\/21\/centro-de-saude-do-oiteiro\/\"><\/fb:share-button><\/span><span class=\"mr_social_sharing\"><a rel=\"nofollow\" class=\"linksalpha_button linksalpha_link\" href=\"\/\/www.linksalpha.com\/social\/mobile\" data-url=\"http:\/\/www.blogdopilako.com.br\/wp\/2011\/07\/21\/centro-de-saude-do-oiteiro\/\" data-text=\"Centro de Sa\u00fade do Oiteiro\" data-desc=\"Dando continuidade \u00e0 s\u00e9rie de postagens das informa\u00e7\u00f5es sobre as Unidades de Sa\u00fade de nossa cidade, hoje publicamos o Centro de Sa\u00fade do Oiteiro. Segundo o Minist\u00e9rio da Sa\u00fade, o\u00a0Centro de Sa\u00fade do Oiteiro conta com 01 M\u00e9dico, 01 Psic\u00f3logo,\u00a001 Enfermeiro, 01 Auxiliar e\u00a012 Agentes de\" data-image=\"\" data-button=\"none\">\n\t\t\t\t\t<img src=\"\/\/www.linksalpha.com\/images\/social_share_button.png\" alt=\"Share\" class=\"linksalpha_image\" \/>\n\t\t\t\t\t<\/a><script type=\"text\/javascript\" src=\"\/\/www.linksalpha.com\/scripts\/loader_iconbox.js?v=2.4\"><\/script><\/span><\/div>","protected":false},"author":4,"featured_media":0,"comment_status":"open","ping_status":"open","sticky":false,"template":"","format":"standard","meta":[],"categories":[57],"tags":[],"_links":{"self":[{"href":"http:\/\/www.blogdopilako.com.br\/wp\/wp-json\/wp\/v2\/posts\/2074"}],"collection":[{"href":"http:\/\/www.blogdopilako.com.br\/wp\/wp-json\/wp\/v2\/posts"}],"about":[{"href":"http:\/\/www.blogdopilako.com.br\/wp\/wp-json\/wp\/v2\/types\/post"}],"author":[{"embeddable":true,"href":"http:\/\/www.blogdopilako.com.br\/wp\/wp-json\/wp\/v2\/users\/4"}],"replies":[{"embeddable":true,"href":"http:\/\/www.blogdopilako.com.br\/wp\/wp-json\/wp\/v2\/comments?post=2074"}],"version-history":[{"count":3,"href":"http:\/\/www.blogdopilako.com.br\/wp\/wp-json\/wp\/v2\/posts\/2074\/revisions"}],"predecessor-version":[{"id":2076,"href":"http:\/\/www.blogdopilako.com.br\/wp\/wp-json\/wp\/v2\/posts\/2074\/revisions\/2076"}],"wp:attachment":[{"href":"http:\/\/www.blogdopilako.com.br\/wp\/wp-json\/wp\/v2\/media?parent=2074"}],"wp:term":[{"taxonomy":"category","embeddable":true,"href":"http:\/\/www.blogdopilako.com.br\/wp\/wp-json\/wp\/v2\/categories?post=2074"},{"taxonomy":"post_tag","embeddable":true,"href":"http:\/\/www.blogdopilako.com.br\/wp\/wp-json\/wp\/v2\/tags?post=2074"}],"curies":[{"name":"wp","href":"https:\/\/api.w.org\/{rel}","templated":true}]}}