{"id":20718,"date":"2012-06-09T08:31:42","date_gmt":"2012-06-09T11:31:42","guid":{"rendered":"http:\/\/www.blogdopilako.com.br\/wp\/?p=20718"},"modified":"2012-06-09T09:30:11","modified_gmt":"2012-06-09T12:30:11","slug":"fim-de-semana-cultural-lua-e-mae-ninando-menino-por-sosigenes-bittencourt","status":"publish","type":"post","link":"http:\/\/www.blogdopilako.com.br\/wp\/2012\/06\/09\/fim-de-semana-cultural-lua-e-mae-ninando-menino-por-sosigenes-bittencourt\/","title":{"rendered":"Fim de Semana Cultural: <br>Lua e m\u00e3e ninando menino &#8211; Por Sosigenes Bittencourt"},"content":{"rendered":"\n\t\t\t\t<div class=\"mr_social_sharing_wrapper\">\n\t\t\t\t<!-- Social Sharing Toolkit v2.2 --><span class=\"mr_social_sharing_top\"><span style=\"display: inline-block; width: 55px; height: 62px; overflow: hidden;\"><div class=\"fb-like\" data-href=\"http:\/\/www.blogdopilako.com.br\/wp\/2012\/06\/09\/fim-de-semana-cultural-lua-e-mae-ninando-menino-por-sosigenes-bittencourt\/\" data-send=\"false\" data-layout=\"box_count\" data-width=\"55\" data-show-faces=\"false\"><\/div><\/span><\/span><span class=\"mr_social_sharing_top\"><fb:share-button type=\"box_count\" href=\"http:\/\/www.blogdopilako.com.br\/wp\/2012\/06\/09\/fim-de-semana-cultural-lua-e-mae-ninando-menino-por-sosigenes-bittencourt\/\"><\/fb:share-button><\/span><span class=\"mr_social_sharing\"><a rel=\"nofollow\" class=\"linksalpha_button linksalpha_link\" href=\"\/\/www.linksalpha.com\/social\/mobile\" data-url=\"http:\/\/www.blogdopilako.com.br\/wp\/2012\/06\/09\/fim-de-semana-cultural-lua-e-mae-ninando-menino-por-sosigenes-bittencourt\/\" data-text=\"Fim de Semana Cultural: Lua e m\u00e3e ninando menino \u2013 Por Sosigenes Bittencourt\" data-desc=\"L\u00e1 fora tem uma lua no c\u00e9u. Quem viu a lua? A m\u00e3e pega o beb\u00ea, p\u00f5e no bra\u00e7o e come\u00e7a a cantarolar: - Cad\u00ea a lua, meu filhinho? Cad\u00ea a lua?... E o menininho balan\u00e7ando o coc\u00e3ozinho, como se procurasse alguma coisa no c\u00e9u. - Olha a lua, meu filhinho... Cad\u00ea a lua?... E o menininho\" data-image=\"http:\/\/www.blogdopilako.com.br\/wp\/wp-content\/uploads\/1207780129_a_lua_me_disse_i.jpg\" data-button=\"none\">\n\t\t\t\t\t<img src=\"\/\/www.linksalpha.com\/images\/social_share_button.png\" alt=\"Share\" class=\"linksalpha_image\" \/>\n\t\t\t\t\t<\/a><script type=\"text\/javascript\" src=\"\/\/www.linksalpha.com\/scripts\/loader_iconbox.js?v=2.4\"><\/script><\/span><\/div><h3><a href=\"http:\/\/www.blogdopilako.com.br\/wp\/wp-content\/uploads\/1207780129_a_lua_me_disse_i.jpg\"><img loading=\"lazy\" class=\"aligncenter size-full wp-image-20720\" title=\"1207780129_a_lua_me_disse_i\" src=\"http:\/\/www.blogdopilako.com.br\/wp\/wp-content\/uploads\/1207780129_a_lua_me_disse_i.jpg\" alt=\"\" width=\"420\" height=\"391\" \/><\/a><\/h3>\n<p>L\u00e1 fora tem uma lua no c\u00e9u.<\/p>\n<p>Quem viu a lua?<\/p>\n<p>A m\u00e3e pega o beb\u00ea, p\u00f5e no bra\u00e7o e come\u00e7a a cantarolar: &#8211; Cad\u00ea a lua, meu filhinho? Cad\u00ea a lua?&#8230;<\/p>\n<p>E o menininho balan\u00e7ando o coc\u00e3ozinho, como se procurasse alguma coisa no c\u00e9u.<\/p>\n<p>&#8211; Olha a lua, meu filhinho&#8230; Cad\u00ea a lua?&#8230;<\/p>\n<p>E o menininho levantando o coc\u00e3ozinho, como se entendesse um pouquinho.<\/p>\n<p>&#8211; Luuuuuuuuuuuua&#8230; Luuuuuuuuuuuua&#8230;<\/p>\n<p>&#8211; Cad\u00ea a lua?&#8230;<\/p>\n<p>E a lua l\u00e1 no c\u00e9u&#8230;<\/p>\n<p style=\"text-align: center;\"><strong>Sosigenes Bittencourt\u00a0<\/strong>&#8211; Escritor vitoriense.<\/p>\n<p style=\"text-align: center;\"><a href=\"http:\/\/www.blogdopilako.com.br\/wp\/wp-content\/uploads\/sosigenes-bittencourt.jpg\"><img loading=\"lazy\" title=\"sosigenes-bittencourt\" src=\"http:\/\/www.blogdopilako.com.br\/wp\/wp-content\/uploads\/sosigenes-bittencourt.jpg\" alt=\"\" width=\"272\" height=\"249\" \/><\/a><\/p>\n<p style=\"text-align: center;\"><strong>Voc\u00ea tamb\u00e9m \u00e9 escritor, poeta ou compositor vitoriense?<\/strong>\u00a0Envie o seu texto para ser publicado no fim de semana cultural. E-mail: contato@blogdopilako.com.br<\/p>\n\n\t\t\t\t<div class=\"mr_social_sharing_wrapper\">\n\t\t\t\t<!-- Social Sharing Toolkit v2.2 --><span class=\"mr_social_sharing_top\"><span style=\"display: inline-block; width: 55px; height: 62px; overflow: hidden;\"><div class=\"fb-like\" data-href=\"http:\/\/www.blogdopilako.com.br\/wp\/2012\/06\/09\/fim-de-semana-cultural-lua-e-mae-ninando-menino-por-sosigenes-bittencourt\/\" data-send=\"false\" data-layout=\"box_count\" data-width=\"55\" data-show-faces=\"false\"><\/div><\/span><\/span><span class=\"mr_social_sharing_top\"><fb:share-button type=\"box_count\" href=\"http:\/\/www.blogdopilako.com.br\/wp\/2012\/06\/09\/fim-de-semana-cultural-lua-e-mae-ninando-menino-por-sosigenes-bittencourt\/\"><\/fb:share-button><\/span><span class=\"mr_social_sharing\"><a rel=\"nofollow\" class=\"linksalpha_button linksalpha_link\" href=\"\/\/www.linksalpha.com\/social\/mobile\" data-url=\"http:\/\/www.blogdopilako.com.br\/wp\/2012\/06\/09\/fim-de-semana-cultural-lua-e-mae-ninando-menino-por-sosigenes-bittencourt\/\" data-text=\"Fim de Semana Cultural: Lua e m\u00e3e ninando menino \u2013 Por Sosigenes Bittencourt\" data-desc=\"L\u00e1 fora tem uma lua no c\u00e9u. Quem viu a lua? A m\u00e3e pega o beb\u00ea, p\u00f5e no bra\u00e7o e come\u00e7a a cantarolar: - Cad\u00ea a lua, meu filhinho? Cad\u00ea a lua?... E o menininho balan\u00e7ando o coc\u00e3ozinho, como se procurasse alguma coisa no c\u00e9u. - Olha a lua, meu filhinho... Cad\u00ea a lua?... E o menininho\" data-image=\"http:\/\/www.blogdopilako.com.br\/wp\/wp-content\/uploads\/1207780129_a_lua_me_disse_i.jpg\" data-button=\"none\">\n\t\t\t\t\t<img src=\"\/\/www.linksalpha.com\/images\/social_share_button.png\" alt=\"Share\" class=\"linksalpha_image\" \/>\n\t\t\t\t\t<\/a><script type=\"text\/javascript\" src=\"\/\/www.linksalpha.com\/scripts\/loader_iconbox.js?v=2.4\"><\/script><\/span><\/div>","protected":false},"excerpt":{"rendered":"\n\t\t\t\t<div class=\"mr_social_sharing_wrapper\">\n\t\t\t\t<!-- Social Sharing Toolkit v2.2 --><span class=\"mr_social_sharing_top\"><span style=\"display: inline-block; width: 55px; height: 62px; overflow: hidden;\"><div class=\"fb-like\" data-href=\"http:\/\/www.blogdopilako.com.br\/wp\/2012\/06\/09\/fim-de-semana-cultural-lua-e-mae-ninando-menino-por-sosigenes-bittencourt\/\" data-send=\"false\" data-layout=\"box_count\" data-width=\"55\" data-show-faces=\"false\"><\/div><\/span><\/span><span class=\"mr_social_sharing_top\"><fb:share-button type=\"box_count\" href=\"http:\/\/www.blogdopilako.com.br\/wp\/2012\/06\/09\/fim-de-semana-cultural-lua-e-mae-ninando-menino-por-sosigenes-bittencourt\/\"><\/fb:share-button><\/span><span class=\"mr_social_sharing\"><a rel=\"nofollow\" class=\"linksalpha_button linksalpha_link\" href=\"\/\/www.linksalpha.com\/social\/mobile\" data-url=\"http:\/\/www.blogdopilako.com.br\/wp\/2012\/06\/09\/fim-de-semana-cultural-lua-e-mae-ninando-menino-por-sosigenes-bittencourt\/\" data-text=\"Fim de Semana Cultural: Lua e m\u00e3e ninando menino \u2013 Por Sosigenes Bittencourt\" data-desc=\"L\u00e1 fora tem uma lua no c\u00e9u. Quem viu a lua? A m\u00e3e pega o beb\u00ea, p\u00f5e no bra\u00e7o e come\u00e7a a cantarolar: - Cad\u00ea a lua, meu filhinho? Cad\u00ea a lua?... E o menininho balan\u00e7ando o coc\u00e3ozinho, como se procurasse alguma coisa no c\u00e9u. - Olha a lua, meu filhinho... Cad\u00ea a lua?... E o menininho\" data-image=\"\" data-button=\"none\">\n\t\t\t\t\t<img src=\"\/\/www.linksalpha.com\/images\/social_share_button.png\" alt=\"Share\" class=\"linksalpha_image\" \/>\n\t\t\t\t\t<\/a><script type=\"text\/javascript\" src=\"\/\/www.linksalpha.com\/scripts\/loader_iconbox.js?v=2.4\"><\/script><\/span><\/div><p>L\u00e1 fora tem uma lua no c\u00e9u. Quem viu a lua? A m\u00e3e pega o beb\u00ea, p\u00f5e no bra\u00e7o e come\u00e7a a cantarolar: &#8211; Cad\u00ea a lua, meu filhinho? Cad\u00ea a lua?&#8230; E o menininho balan\u00e7ando o coc\u00e3ozinho, como se &hellip; <a href=\"http:\/\/www.blogdopilako.com.br\/wp\/2012\/06\/09\/fim-de-semana-cultural-lua-e-mae-ninando-menino-por-sosigenes-bittencourt\/\">Continue lendo <span class=\"meta-nav\">&rarr;<\/span><\/a><\/p>\n\n\t\t\t\t<div class=\"mr_social_sharing_wrapper\">\n\t\t\t\t<!-- Social Sharing Toolkit v2.2 --><span class=\"mr_social_sharing_top\"><span style=\"display: inline-block; width: 55px; height: 62px; overflow: hidden;\"><div class=\"fb-like\" data-href=\"http:\/\/www.blogdopilako.com.br\/wp\/2012\/06\/09\/fim-de-semana-cultural-lua-e-mae-ninando-menino-por-sosigenes-bittencourt\/\" data-send=\"false\" data-layout=\"box_count\" data-width=\"55\" data-show-faces=\"false\"><\/div><\/span><\/span><span class=\"mr_social_sharing_top\"><fb:share-button type=\"box_count\" href=\"http:\/\/www.blogdopilako.com.br\/wp\/2012\/06\/09\/fim-de-semana-cultural-lua-e-mae-ninando-menino-por-sosigenes-bittencourt\/\"><\/fb:share-button><\/span><span class=\"mr_social_sharing\"><a rel=\"nofollow\" class=\"linksalpha_button linksalpha_link\" href=\"\/\/www.linksalpha.com\/social\/mobile\" data-url=\"http:\/\/www.blogdopilako.com.br\/wp\/2012\/06\/09\/fim-de-semana-cultural-lua-e-mae-ninando-menino-por-sosigenes-bittencourt\/\" data-text=\"Fim de Semana Cultural: Lua e m\u00e3e ninando menino \u2013 Por Sosigenes Bittencourt\" data-desc=\"L\u00e1 fora tem uma lua no c\u00e9u. Quem viu a lua? A m\u00e3e pega o beb\u00ea, p\u00f5e no bra\u00e7o e come\u00e7a a cantarolar: - Cad\u00ea a lua, meu filhinho? Cad\u00ea a lua?... E o menininho balan\u00e7ando o coc\u00e3ozinho, como se procurasse alguma coisa no c\u00e9u. - Olha a lua, meu filhinho... Cad\u00ea a lua?... E o menininho\" data-image=\"\" data-button=\"none\">\n\t\t\t\t\t<img src=\"\/\/www.linksalpha.com\/images\/social_share_button.png\" alt=\"Share\" class=\"linksalpha_image\" \/>\n\t\t\t\t\t<\/a><script type=\"text\/javascript\" src=\"\/\/www.linksalpha.com\/scripts\/loader_iconbox.js?v=2.4\"><\/script><\/span><\/div>","protected":false},"author":4,"featured_media":0,"comment_status":"open","ping_status":"open","sticky":false,"template":"","format":"standard","meta":[],"categories":[114],"tags":[],"_links":{"self":[{"href":"http:\/\/www.blogdopilako.com.br\/wp\/wp-json\/wp\/v2\/posts\/20718"}],"collection":[{"href":"http:\/\/www.blogdopilako.com.br\/wp\/wp-json\/wp\/v2\/posts"}],"about":[{"href":"http:\/\/www.blogdopilako.com.br\/wp\/wp-json\/wp\/v2\/types\/post"}],"author":[{"embeddable":true,"href":"http:\/\/www.blogdopilako.com.br\/wp\/wp-json\/wp\/v2\/users\/4"}],"replies":[{"embeddable":true,"href":"http:\/\/www.blogdopilako.com.br\/wp\/wp-json\/wp\/v2\/comments?post=20718"}],"version-history":[{"count":4,"href":"http:\/\/www.blogdopilako.com.br\/wp\/wp-json\/wp\/v2\/posts\/20718\/revisions"}],"predecessor-version":[{"id":20725,"href":"http:\/\/www.blogdopilako.com.br\/wp\/wp-json\/wp\/v2\/posts\/20718\/revisions\/20725"}],"wp:attachment":[{"href":"http:\/\/www.blogdopilako.com.br\/wp\/wp-json\/wp\/v2\/media?parent=20718"}],"wp:term":[{"taxonomy":"category","embeddable":true,"href":"http:\/\/www.blogdopilako.com.br\/wp\/wp-json\/wp\/v2\/categories?post=20718"},{"taxonomy":"post_tag","embeddable":true,"href":"http:\/\/www.blogdopilako.com.br\/wp\/wp-json\/wp\/v2\/tags?post=20718"}],"curies":[{"name":"wp","href":"https:\/\/api.w.org\/{rel}","templated":true}]}}