{"id":19596,"date":"2012-05-24T14:29:17","date_gmt":"2012-05-24T17:29:17","guid":{"rendered":"http:\/\/www.blogdopilako.com.br\/wp\/?p=19596"},"modified":"2012-05-24T14:29:17","modified_gmt":"2012-05-24T17:29:17","slug":"marta-maria-da-silva-castro-e-a-vencedora-da-sexta-do-pilako-desta-semana","status":"publish","type":"post","link":"http:\/\/www.blogdopilako.com.br\/wp\/2012\/05\/24\/marta-maria-da-silva-castro-e-a-vencedora-da-sexta-do-pilako-desta-semana\/","title":{"rendered":"Marta Maria da Silva Castro \u00e9 a vencedora da Sexta do Pilako desta semana."},"content":{"rendered":"\n\t\t\t\t<div class=\"mr_social_sharing_wrapper\">\n\t\t\t\t<!-- Social Sharing Toolkit v2.2 --><span class=\"mr_social_sharing_top\"><span style=\"display: inline-block; width: 55px; height: 62px; overflow: hidden;\"><div class=\"fb-like\" data-href=\"http:\/\/www.blogdopilako.com.br\/wp\/2012\/05\/24\/marta-maria-da-silva-castro-e-a-vencedora-da-sexta-do-pilako-desta-semana\/\" data-send=\"false\" data-layout=\"box_count\" data-width=\"55\" data-show-faces=\"false\"><\/div><\/span><\/span><span class=\"mr_social_sharing_top\"><fb:share-button type=\"box_count\" href=\"http:\/\/www.blogdopilako.com.br\/wp\/2012\/05\/24\/marta-maria-da-silva-castro-e-a-vencedora-da-sexta-do-pilako-desta-semana\/\"><\/fb:share-button><\/span><span class=\"mr_social_sharing\"><a rel=\"nofollow\" class=\"linksalpha_button linksalpha_link\" href=\"\/\/www.linksalpha.com\/social\/mobile\" data-url=\"http:\/\/www.blogdopilako.com.br\/wp\/2012\/05\/24\/marta-maria-da-silva-castro-e-a-vencedora-da-sexta-do-pilako-desta-semana\/\" data-text=\"Marta Maria da Silva Castro \u00e9 a vencedora da Sexta do Pilako desta semana.\" data-desc=\"A vencedora da\u00a0SEXTA DO PILAKO\u00a0desta semana \u00e9\u00a0Marta Maria da Silva Castro\u00a0(e-mail:\u00a0marta.castro@hotmail.com). A mesma dever\u00e1 comparecer no escrit\u00f3rio do\u00a0Blog do Pilako, at\u00e9 as 17h nesta sexta-feira (25), portando documento de identidade, na Pra\u00e7a Le\u00e3o Coroado, n\u00ba 56 \u2013 Sala 07\u00a0 \u2013\" data-image=\"\" data-button=\"none\">\n\t\t\t\t\t<img src=\"\/\/www.linksalpha.com\/images\/social_share_button.png\" alt=\"Share\" class=\"linksalpha_image\" \/>\n\t\t\t\t\t<\/a><script type=\"text\/javascript\" src=\"\/\/www.linksalpha.com\/scripts\/loader_iconbox.js?v=2.4\"><\/script><\/span><\/div><p style=\"text-align: justify;\">A vencedora da\u00a0<strong>SEXTA DO PILAKO<\/strong>\u00a0desta semana \u00e9\u00a0<strong>Marta Maria da Silva Castro<\/strong>\u00a0(e-mail:\u00a0<em>marta.castro@hotmail.com<\/em>). A mesma dever\u00e1 comparecer no escrit\u00f3rio do\u00a0<em><strong>Blog do Pilako<\/strong><\/em>, at\u00e9 as 17h nesta sexta-feira (25), portando documento de identidade, na Pra\u00e7a Le\u00e3o Coroado, n\u00ba 56 \u2013 Sala 07\u00a0 \u2013 2\u00aa andar.<\/p>\n<p style=\"text-align: justify;\"><strong><em><strong>Marta Castro ganhou os seguintes pr\u00eamios:<\/strong><\/em><\/strong><\/p>\n<p style=\"text-align: justify;\">01 CAIXA DE DOCES FINOS (TRUFAS) &#8211; oferecido por Soraya e Cris Doces Finos.<\/p>\n<p style=\"text-align: justify;\">01 LIVRO &#8220;A INC\u00d3LUME ARTES\u00c3&#8221; &#8211; da poetisa vitoriense SUMAYA BITTENCOURT &#8211; Oferecido pela Ilumine Editorial.<\/p>\n<p style=\"text-align: justify;\">01 LIVRO INF\u00c2NTIL MARELIQUES DA PRAIA LOUCA, DE AUTORIA DE VIVIANE VEIGA TAVORA,\u00a0ILUSTRADO POR WALTHER MOREIRA SANTOS &#8211; Oferecido pela Ilumine Editorial.<\/p>\n<p style=\"text-align: justify;\">01 CD O Amor de Cristo nos Uniu &#8211; Oferecido por Aldenisio Tavares.<\/p>\n<p style=\"text-align: justify;\">01 CD de Zez\u00e9 do Forr\u00f3 &#8211; Oferecido por Zez\u00e9 do Forr\u00f3.<\/p>\n\n\t\t\t\t<div class=\"mr_social_sharing_wrapper\">\n\t\t\t\t<!-- Social Sharing Toolkit v2.2 --><span class=\"mr_social_sharing_top\"><span style=\"display: inline-block; width: 55px; height: 62px; overflow: hidden;\"><div class=\"fb-like\" data-href=\"http:\/\/www.blogdopilako.com.br\/wp\/2012\/05\/24\/marta-maria-da-silva-castro-e-a-vencedora-da-sexta-do-pilako-desta-semana\/\" data-send=\"false\" data-layout=\"box_count\" data-width=\"55\" data-show-faces=\"false\"><\/div><\/span><\/span><span class=\"mr_social_sharing_top\"><fb:share-button type=\"box_count\" href=\"http:\/\/www.blogdopilako.com.br\/wp\/2012\/05\/24\/marta-maria-da-silva-castro-e-a-vencedora-da-sexta-do-pilako-desta-semana\/\"><\/fb:share-button><\/span><span class=\"mr_social_sharing\"><a rel=\"nofollow\" class=\"linksalpha_button linksalpha_link\" href=\"\/\/www.linksalpha.com\/social\/mobile\" data-url=\"http:\/\/www.blogdopilako.com.br\/wp\/2012\/05\/24\/marta-maria-da-silva-castro-e-a-vencedora-da-sexta-do-pilako-desta-semana\/\" data-text=\"Marta Maria da Silva Castro \u00e9 a vencedora da Sexta do Pilako desta semana.\" data-desc=\"A vencedora da\u00a0SEXTA DO PILAKO\u00a0desta semana \u00e9\u00a0Marta Maria da Silva Castro\u00a0(e-mail:\u00a0marta.castro@hotmail.com). A mesma dever\u00e1 comparecer no escrit\u00f3rio do\u00a0Blog do Pilako, at\u00e9 as 17h nesta sexta-feira (25), portando documento de identidade, na Pra\u00e7a Le\u00e3o Coroado, n\u00ba 56 \u2013 Sala 07\u00a0 \u2013\" data-image=\"\" data-button=\"none\">\n\t\t\t\t\t<img src=\"\/\/www.linksalpha.com\/images\/social_share_button.png\" alt=\"Share\" class=\"linksalpha_image\" \/>\n\t\t\t\t\t<\/a><script type=\"text\/javascript\" src=\"\/\/www.linksalpha.com\/scripts\/loader_iconbox.js?v=2.4\"><\/script><\/span><\/div>","protected":false},"excerpt":{"rendered":"\n\t\t\t\t<div class=\"mr_social_sharing_wrapper\">\n\t\t\t\t<!-- Social Sharing Toolkit v2.2 --><span class=\"mr_social_sharing_top\"><span style=\"display: inline-block; width: 55px; height: 62px; overflow: hidden;\"><div class=\"fb-like\" data-href=\"http:\/\/www.blogdopilako.com.br\/wp\/2012\/05\/24\/marta-maria-da-silva-castro-e-a-vencedora-da-sexta-do-pilako-desta-semana\/\" data-send=\"false\" data-layout=\"box_count\" data-width=\"55\" data-show-faces=\"false\"><\/div><\/span><\/span><span class=\"mr_social_sharing_top\"><fb:share-button type=\"box_count\" href=\"http:\/\/www.blogdopilako.com.br\/wp\/2012\/05\/24\/marta-maria-da-silva-castro-e-a-vencedora-da-sexta-do-pilako-desta-semana\/\"><\/fb:share-button><\/span><span class=\"mr_social_sharing\"><a rel=\"nofollow\" class=\"linksalpha_button linksalpha_link\" href=\"\/\/www.linksalpha.com\/social\/mobile\" data-url=\"http:\/\/www.blogdopilako.com.br\/wp\/2012\/05\/24\/marta-maria-da-silva-castro-e-a-vencedora-da-sexta-do-pilako-desta-semana\/\" data-text=\"Marta Maria da Silva Castro \u00e9 a vencedora da Sexta do Pilako desta semana.\" data-desc=\"A vencedora da\u00a0SEXTA DO PILAKO\u00a0desta semana \u00e9\u00a0Marta Maria da Silva Castro\u00a0(e-mail:\u00a0marta.castro@hotmail.com). A mesma dever\u00e1 comparecer no escrit\u00f3rio do\u00a0Blog do Pilako, at\u00e9 as 17h nesta sexta-feira (25), portando documento de identidade, na Pra\u00e7a Le\u00e3o Coroado, n\u00ba 56 \u2013 Sala 07\u00a0 \u2013\" data-image=\"\" data-button=\"none\">\n\t\t\t\t\t<img src=\"\/\/www.linksalpha.com\/images\/social_share_button.png\" alt=\"Share\" class=\"linksalpha_image\" \/>\n\t\t\t\t\t<\/a><script type=\"text\/javascript\" src=\"\/\/www.linksalpha.com\/scripts\/loader_iconbox.js?v=2.4\"><\/script><\/span><\/div><p>A vencedora da\u00a0SEXTA DO PILAKO\u00a0desta semana \u00e9\u00a0Marta Maria da Silva Castro\u00a0(e-mail:\u00a0marta.castro@hotmail.com). A mesma dever\u00e1 comparecer no escrit\u00f3rio do\u00a0Blog do Pilako, at\u00e9 as 17h nesta sexta-feira (25), portando documento de identidade, na Pra\u00e7a Le\u00e3o Coroado, n\u00ba 56 \u2013 Sala 07\u00a0 \u2013 &hellip; <a href=\"http:\/\/www.blogdopilako.com.br\/wp\/2012\/05\/24\/marta-maria-da-silva-castro-e-a-vencedora-da-sexta-do-pilako-desta-semana\/\">Continue lendo <span class=\"meta-nav\">&rarr;<\/span><\/a><\/p>\n\n\t\t\t\t<div class=\"mr_social_sharing_wrapper\">\n\t\t\t\t<!-- Social Sharing Toolkit v2.2 --><span class=\"mr_social_sharing_top\"><span style=\"display: inline-block; width: 55px; height: 62px; overflow: hidden;\"><div class=\"fb-like\" data-href=\"http:\/\/www.blogdopilako.com.br\/wp\/2012\/05\/24\/marta-maria-da-silva-castro-e-a-vencedora-da-sexta-do-pilako-desta-semana\/\" data-send=\"false\" data-layout=\"box_count\" data-width=\"55\" data-show-faces=\"false\"><\/div><\/span><\/span><span class=\"mr_social_sharing_top\"><fb:share-button type=\"box_count\" href=\"http:\/\/www.blogdopilako.com.br\/wp\/2012\/05\/24\/marta-maria-da-silva-castro-e-a-vencedora-da-sexta-do-pilako-desta-semana\/\"><\/fb:share-button><\/span><span class=\"mr_social_sharing\"><a rel=\"nofollow\" class=\"linksalpha_button linksalpha_link\" href=\"\/\/www.linksalpha.com\/social\/mobile\" data-url=\"http:\/\/www.blogdopilako.com.br\/wp\/2012\/05\/24\/marta-maria-da-silva-castro-e-a-vencedora-da-sexta-do-pilako-desta-semana\/\" data-text=\"Marta Maria da Silva Castro \u00e9 a vencedora da Sexta do Pilako desta semana.\" data-desc=\"A vencedora da\u00a0SEXTA DO PILAKO\u00a0desta semana \u00e9\u00a0Marta Maria da Silva Castro\u00a0(e-mail:\u00a0marta.castro@hotmail.com). A mesma dever\u00e1 comparecer no escrit\u00f3rio do\u00a0Blog do Pilako, at\u00e9 as 17h nesta sexta-feira (25), portando documento de identidade, na Pra\u00e7a Le\u00e3o Coroado, n\u00ba 56 \u2013 Sala 07\u00a0 \u2013\" data-image=\"\" data-button=\"none\">\n\t\t\t\t\t<img src=\"\/\/www.linksalpha.com\/images\/social_share_button.png\" alt=\"Share\" class=\"linksalpha_image\" \/>\n\t\t\t\t\t<\/a><script type=\"text\/javascript\" src=\"\/\/www.linksalpha.com\/scripts\/loader_iconbox.js?v=2.4\"><\/script><\/span><\/div>","protected":false},"author":1,"featured_media":0,"comment_status":"open","ping_status":"open","sticky":false,"template":"","format":"standard","meta":[],"categories":[22],"tags":[],"_links":{"self":[{"href":"http:\/\/www.blogdopilako.com.br\/wp\/wp-json\/wp\/v2\/posts\/19596"}],"collection":[{"href":"http:\/\/www.blogdopilako.com.br\/wp\/wp-json\/wp\/v2\/posts"}],"about":[{"href":"http:\/\/www.blogdopilako.com.br\/wp\/wp-json\/wp\/v2\/types\/post"}],"author":[{"embeddable":true,"href":"http:\/\/www.blogdopilako.com.br\/wp\/wp-json\/wp\/v2\/users\/1"}],"replies":[{"embeddable":true,"href":"http:\/\/www.blogdopilako.com.br\/wp\/wp-json\/wp\/v2\/comments?post=19596"}],"version-history":[{"count":2,"href":"http:\/\/www.blogdopilako.com.br\/wp\/wp-json\/wp\/v2\/posts\/19596\/revisions"}],"predecessor-version":[{"id":19598,"href":"http:\/\/www.blogdopilako.com.br\/wp\/wp-json\/wp\/v2\/posts\/19596\/revisions\/19598"}],"wp:attachment":[{"href":"http:\/\/www.blogdopilako.com.br\/wp\/wp-json\/wp\/v2\/media?parent=19596"}],"wp:term":[{"taxonomy":"category","embeddable":true,"href":"http:\/\/www.blogdopilako.com.br\/wp\/wp-json\/wp\/v2\/categories?post=19596"},{"taxonomy":"post_tag","embeddable":true,"href":"http:\/\/www.blogdopilako.com.br\/wp\/wp-json\/wp\/v2\/tags?post=19596"}],"curies":[{"name":"wp","href":"https:\/\/api.w.org\/{rel}","templated":true}]}}