{"id":16020,"date":"2012-03-26T15:46:14","date_gmt":"2012-03-26T18:46:14","guid":{"rendered":"http:\/\/www.blogdopilako.com.br\/wp\/?p=16020"},"modified":"2012-03-26T15:52:13","modified_gmt":"2012-03-26T18:52:13","slug":"comunicado","status":"publish","type":"post","link":"http:\/\/www.blogdopilako.com.br\/wp\/2012\/03\/26\/comunicado\/","title":{"rendered":"Comunicado"},"content":{"rendered":"\n\t\t\t\t<div class=\"mr_social_sharing_wrapper\">\n\t\t\t\t<!-- Social Sharing Toolkit v2.2 --><span class=\"mr_social_sharing_top\"><span style=\"display: inline-block; width: 55px; height: 62px; overflow: hidden;\"><div class=\"fb-like\" data-href=\"http:\/\/www.blogdopilako.com.br\/wp\/2012\/03\/26\/comunicado\/\" data-send=\"false\" data-layout=\"box_count\" data-width=\"55\" data-show-faces=\"false\"><\/div><\/span><\/span><span class=\"mr_social_sharing_top\"><fb:share-button type=\"box_count\" href=\"http:\/\/www.blogdopilako.com.br\/wp\/2012\/03\/26\/comunicado\/\"><\/fb:share-button><\/span><span class=\"mr_social_sharing\"><a rel=\"nofollow\" class=\"linksalpha_button linksalpha_link\" href=\"\/\/www.linksalpha.com\/social\/mobile\" data-url=\"http:\/\/www.blogdopilako.com.br\/wp\/2012\/03\/26\/comunicado\/\" data-text=\"Comunicado\" data-desc=\"O Sindicato dos Comerci\u00e1rios de Vit\u00f3ria de Santo Ant\u00e3o\u00a0est\u00e1 convocando todos os comerci\u00e1rios para na noite desta segunda-feira (26) participarem de uma reuni\u00e3o em sua sede com objetivo de discutir o novo piso salarial e antecipa\u00e7\u00e3o da data base. O evento ocorrer\u00e1 \u00e0s 19h, maiores\" data-image=\"\" data-button=\"none\">\n\t\t\t\t\t<img src=\"\/\/www.linksalpha.com\/images\/social_share_button.png\" alt=\"Share\" class=\"linksalpha_image\" \/>\n\t\t\t\t\t<\/a><script type=\"text\/javascript\" src=\"\/\/www.linksalpha.com\/scripts\/loader_iconbox.js?v=2.4\"><\/script><\/span><\/div><p style=\"text-align: justify;\">O <strong>Sindicato dos Comerci\u00e1rios de Vit\u00f3ria de Santo Ant\u00e3o<\/strong>\u00a0est\u00e1 convocando todos os comerci\u00e1rios para na noite desta segunda-feira (26) participarem de uma reuni\u00e3o em sua sede com objetivo de discutir o novo piso salarial e antecipa\u00e7\u00e3o da data base.<\/p>\n<p style=\"text-align: justify;\">O evento ocorrer\u00e1 \u00e0s 19h, maiores informa\u00e7\u00f5es pelo<strong> (81) 3523-3979<\/strong>.<\/p>\n\n\t\t\t\t<div class=\"mr_social_sharing_wrapper\">\n\t\t\t\t<!-- Social Sharing Toolkit v2.2 --><span class=\"mr_social_sharing_top\"><span style=\"display: inline-block; width: 55px; height: 62px; overflow: hidden;\"><div class=\"fb-like\" data-href=\"http:\/\/www.blogdopilako.com.br\/wp\/2012\/03\/26\/comunicado\/\" data-send=\"false\" data-layout=\"box_count\" data-width=\"55\" data-show-faces=\"false\"><\/div><\/span><\/span><span class=\"mr_social_sharing_top\"><fb:share-button type=\"box_count\" href=\"http:\/\/www.blogdopilako.com.br\/wp\/2012\/03\/26\/comunicado\/\"><\/fb:share-button><\/span><span class=\"mr_social_sharing\"><a rel=\"nofollow\" class=\"linksalpha_button linksalpha_link\" href=\"\/\/www.linksalpha.com\/social\/mobile\" data-url=\"http:\/\/www.blogdopilako.com.br\/wp\/2012\/03\/26\/comunicado\/\" data-text=\"Comunicado\" data-desc=\"O Sindicato dos Comerci\u00e1rios de Vit\u00f3ria de Santo Ant\u00e3o\u00a0est\u00e1 convocando todos os comerci\u00e1rios para na noite desta segunda-feira (26) participarem de uma reuni\u00e3o em sua sede com objetivo de discutir o novo piso salarial e antecipa\u00e7\u00e3o da data base. O evento ocorrer\u00e1 \u00e0s 19h, maiores\" data-image=\"\" data-button=\"none\">\n\t\t\t\t\t<img src=\"\/\/www.linksalpha.com\/images\/social_share_button.png\" alt=\"Share\" class=\"linksalpha_image\" \/>\n\t\t\t\t\t<\/a><script type=\"text\/javascript\" src=\"\/\/www.linksalpha.com\/scripts\/loader_iconbox.js?v=2.4\"><\/script><\/span><\/div>","protected":false},"excerpt":{"rendered":"\n\t\t\t\t<div class=\"mr_social_sharing_wrapper\">\n\t\t\t\t<!-- Social Sharing Toolkit v2.2 --><span class=\"mr_social_sharing_top\"><span style=\"display: inline-block; width: 55px; height: 62px; overflow: hidden;\"><div class=\"fb-like\" data-href=\"http:\/\/www.blogdopilako.com.br\/wp\/2012\/03\/26\/comunicado\/\" data-send=\"false\" data-layout=\"box_count\" data-width=\"55\" data-show-faces=\"false\"><\/div><\/span><\/span><span class=\"mr_social_sharing_top\"><fb:share-button type=\"box_count\" href=\"http:\/\/www.blogdopilako.com.br\/wp\/2012\/03\/26\/comunicado\/\"><\/fb:share-button><\/span><span class=\"mr_social_sharing\"><a rel=\"nofollow\" class=\"linksalpha_button linksalpha_link\" href=\"\/\/www.linksalpha.com\/social\/mobile\" data-url=\"http:\/\/www.blogdopilako.com.br\/wp\/2012\/03\/26\/comunicado\/\" data-text=\"Comunicado\" data-desc=\"O Sindicato dos Comerci\u00e1rios de Vit\u00f3ria de Santo Ant\u00e3o\u00a0est\u00e1 convocando todos os comerci\u00e1rios para na noite desta segunda-feira (26) participarem de uma reuni\u00e3o em sua sede com objetivo de discutir o novo piso salarial e antecipa\u00e7\u00e3o da data base. O evento ocorrer\u00e1 \u00e0s 19h, maiores\" data-image=\"\" data-button=\"none\">\n\t\t\t\t\t<img src=\"\/\/www.linksalpha.com\/images\/social_share_button.png\" alt=\"Share\" class=\"linksalpha_image\" \/>\n\t\t\t\t\t<\/a><script type=\"text\/javascript\" src=\"\/\/www.linksalpha.com\/scripts\/loader_iconbox.js?v=2.4\"><\/script><\/span><\/div><p>O Sindicato dos Comerci\u00e1rios de Vit\u00f3ria de Santo Ant\u00e3o\u00a0est\u00e1 convocando todos os comerci\u00e1rios para na noite desta segunda-feira (26) participarem de uma reuni\u00e3o em sua sede com objetivo de discutir o novo piso salarial e antecipa\u00e7\u00e3o da data base. O &hellip; <a href=\"http:\/\/www.blogdopilako.com.br\/wp\/2012\/03\/26\/comunicado\/\">Continue lendo <span class=\"meta-nav\">&rarr;<\/span><\/a><\/p>\n\n\t\t\t\t<div class=\"mr_social_sharing_wrapper\">\n\t\t\t\t<!-- Social Sharing Toolkit v2.2 --><span class=\"mr_social_sharing_top\"><span style=\"display: inline-block; width: 55px; height: 62px; overflow: hidden;\"><div class=\"fb-like\" data-href=\"http:\/\/www.blogdopilako.com.br\/wp\/2012\/03\/26\/comunicado\/\" data-send=\"false\" data-layout=\"box_count\" data-width=\"55\" data-show-faces=\"false\"><\/div><\/span><\/span><span class=\"mr_social_sharing_top\"><fb:share-button type=\"box_count\" href=\"http:\/\/www.blogdopilako.com.br\/wp\/2012\/03\/26\/comunicado\/\"><\/fb:share-button><\/span><span class=\"mr_social_sharing\"><a rel=\"nofollow\" class=\"linksalpha_button linksalpha_link\" href=\"\/\/www.linksalpha.com\/social\/mobile\" data-url=\"http:\/\/www.blogdopilako.com.br\/wp\/2012\/03\/26\/comunicado\/\" data-text=\"Comunicado\" data-desc=\"O Sindicato dos Comerci\u00e1rios de Vit\u00f3ria de Santo Ant\u00e3o\u00a0est\u00e1 convocando todos os comerci\u00e1rios para na noite desta segunda-feira (26) participarem de uma reuni\u00e3o em sua sede com objetivo de discutir o novo piso salarial e antecipa\u00e7\u00e3o da data base. O evento ocorrer\u00e1 \u00e0s 19h, maiores\" data-image=\"\" data-button=\"none\">\n\t\t\t\t\t<img src=\"\/\/www.linksalpha.com\/images\/social_share_button.png\" alt=\"Share\" class=\"linksalpha_image\" \/>\n\t\t\t\t\t<\/a><script type=\"text\/javascript\" src=\"\/\/www.linksalpha.com\/scripts\/loader_iconbox.js?v=2.4\"><\/script><\/span><\/div>","protected":false},"author":4,"featured_media":0,"comment_status":"open","ping_status":"open","sticky":false,"template":"","format":"standard","meta":[],"categories":[22],"tags":[],"_links":{"self":[{"href":"http:\/\/www.blogdopilako.com.br\/wp\/wp-json\/wp\/v2\/posts\/16020"}],"collection":[{"href":"http:\/\/www.blogdopilako.com.br\/wp\/wp-json\/wp\/v2\/posts"}],"about":[{"href":"http:\/\/www.blogdopilako.com.br\/wp\/wp-json\/wp\/v2\/types\/post"}],"author":[{"embeddable":true,"href":"http:\/\/www.blogdopilako.com.br\/wp\/wp-json\/wp\/v2\/users\/4"}],"replies":[{"embeddable":true,"href":"http:\/\/www.blogdopilako.com.br\/wp\/wp-json\/wp\/v2\/comments?post=16020"}],"version-history":[{"count":3,"href":"http:\/\/www.blogdopilako.com.br\/wp\/wp-json\/wp\/v2\/posts\/16020\/revisions"}],"predecessor-version":[{"id":16025,"href":"http:\/\/www.blogdopilako.com.br\/wp\/wp-json\/wp\/v2\/posts\/16020\/revisions\/16025"}],"wp:attachment":[{"href":"http:\/\/www.blogdopilako.com.br\/wp\/wp-json\/wp\/v2\/media?parent=16020"}],"wp:term":[{"taxonomy":"category","embeddable":true,"href":"http:\/\/www.blogdopilako.com.br\/wp\/wp-json\/wp\/v2\/categories?post=16020"},{"taxonomy":"post_tag","embeddable":true,"href":"http:\/\/www.blogdopilako.com.br\/wp\/wp-json\/wp\/v2\/tags?post=16020"}],"curies":[{"name":"wp","href":"https:\/\/api.w.org\/{rel}","templated":true}]}}