{"id":16016,"date":"2012-03-26T15:40:52","date_gmt":"2012-03-26T18:40:52","guid":{"rendered":"http:\/\/www.blogdopilako.com.br\/wp\/?p=16016"},"modified":"2012-03-26T15:42:11","modified_gmt":"2012-03-26T18:42:11","slug":"parabens-ao-amigo-e-fotografo-raminho","status":"publish","type":"post","link":"http:\/\/www.blogdopilako.com.br\/wp\/2012\/03\/26\/parabens-ao-amigo-e-fotografo-raminho\/","title":{"rendered":"Parab\u00e9ns ao amigo e Fot\u00f3grafo Raminho"},"content":{"rendered":"\n\t\t\t\t<div class=\"mr_social_sharing_wrapper\">\n\t\t\t\t<!-- Social Sharing Toolkit v2.2 --><span class=\"mr_social_sharing_top\"><span style=\"display: inline-block; width: 55px; height: 62px; overflow: hidden;\"><div class=\"fb-like\" data-href=\"http:\/\/www.blogdopilako.com.br\/wp\/2012\/03\/26\/parabens-ao-amigo-e-fotografo-raminho\/\" data-send=\"false\" data-layout=\"box_count\" data-width=\"55\" data-show-faces=\"false\"><\/div><\/span><\/span><span class=\"mr_social_sharing_top\"><fb:share-button type=\"box_count\" href=\"http:\/\/www.blogdopilako.com.br\/wp\/2012\/03\/26\/parabens-ao-amigo-e-fotografo-raminho\/\"><\/fb:share-button><\/span><span class=\"mr_social_sharing\"><a rel=\"nofollow\" class=\"linksalpha_button linksalpha_link\" href=\"\/\/www.linksalpha.com\/social\/mobile\" data-url=\"http:\/\/www.blogdopilako.com.br\/wp\/2012\/03\/26\/parabens-ao-amigo-e-fotografo-raminho\/\" data-text=\"Parab\u00e9ns ao amigo e Fot\u00f3grafo Raminho\" data-desc=\"Parabenizamos o amigo e fot\u00f3grafo Raminho, que est\u00e1 aniversariando nesta segunda-feira (26). Raminho \u00e9 uma das\u00a0figuras que mais testemunhou os grandes momentos da nossa hist\u00f3ria nos \u00faltimos\u00a050 anos. O\u00a0fot\u00f3grafo Raminho\u00a0\u00e9 um verdadeiro\u00a0patrim\u00f4nio da nossa cidade.\" data-image=\"http:\/\/www.blogdopilako.com.br\/wp\/wp-content\/uploads\/raminho-fotografo.jpg\" data-button=\"none\">\n\t\t\t\t\t<img src=\"\/\/www.linksalpha.com\/images\/social_share_button.png\" alt=\"Share\" class=\"linksalpha_image\" \/>\n\t\t\t\t\t<\/a><script type=\"text\/javascript\" src=\"\/\/www.linksalpha.com\/scripts\/loader_iconbox.js?v=2.4\"><\/script><\/span><\/div><p style=\"text-align: justify;\"><a href=\"http:\/\/www.blogdopilako.com.br\/wp\/wp-content\/uploads\/raminho-fotografo.jpg\"><img loading=\"lazy\" class=\"aligncenter size-full wp-image-13717\" title=\"raminho-fotografo\" src=\"http:\/\/www.blogdopilako.com.br\/wp\/wp-content\/uploads\/raminho-fotografo.jpg\" alt=\"\" width=\"287\" height=\"431\" \/><\/a>Parabenizamos o amigo e <strong>fot\u00f3grafo Raminho<\/strong>, que est\u00e1 aniversariando nesta segunda-feira (26). Raminho \u00e9 uma das\u00a0figuras que mais testemunhou os grandes momentos da nossa hist\u00f3ria nos \u00faltimos\u00a0<strong>50 anos<\/strong>. O\u00a0<strong>fot\u00f3grafo Raminho<\/strong>\u00a0\u00e9 um verdadeiro\u00a0<strong>patrim\u00f4nio da nossa cidade.<\/strong><\/p>\n\n\t\t\t\t<div class=\"mr_social_sharing_wrapper\">\n\t\t\t\t<!-- Social Sharing Toolkit v2.2 --><span class=\"mr_social_sharing_top\"><span style=\"display: inline-block; width: 55px; height: 62px; overflow: hidden;\"><div class=\"fb-like\" data-href=\"http:\/\/www.blogdopilako.com.br\/wp\/2012\/03\/26\/parabens-ao-amigo-e-fotografo-raminho\/\" data-send=\"false\" data-layout=\"box_count\" data-width=\"55\" data-show-faces=\"false\"><\/div><\/span><\/span><span class=\"mr_social_sharing_top\"><fb:share-button type=\"box_count\" href=\"http:\/\/www.blogdopilako.com.br\/wp\/2012\/03\/26\/parabens-ao-amigo-e-fotografo-raminho\/\"><\/fb:share-button><\/span><span class=\"mr_social_sharing\"><a rel=\"nofollow\" class=\"linksalpha_button linksalpha_link\" href=\"\/\/www.linksalpha.com\/social\/mobile\" data-url=\"http:\/\/www.blogdopilako.com.br\/wp\/2012\/03\/26\/parabens-ao-amigo-e-fotografo-raminho\/\" data-text=\"Parab\u00e9ns ao amigo e Fot\u00f3grafo Raminho\" data-desc=\"Parabenizamos o amigo e fot\u00f3grafo Raminho, que est\u00e1 aniversariando nesta segunda-feira (26). Raminho \u00e9 uma das\u00a0figuras que mais testemunhou os grandes momentos da nossa hist\u00f3ria nos \u00faltimos\u00a050 anos. O\u00a0fot\u00f3grafo Raminho\u00a0\u00e9 um verdadeiro\u00a0patrim\u00f4nio da nossa cidade.\" data-image=\"http:\/\/www.blogdopilako.com.br\/wp\/wp-content\/uploads\/raminho-fotografo.jpg\" data-button=\"none\">\n\t\t\t\t\t<img src=\"\/\/www.linksalpha.com\/images\/social_share_button.png\" alt=\"Share\" class=\"linksalpha_image\" \/>\n\t\t\t\t\t<\/a><script type=\"text\/javascript\" src=\"\/\/www.linksalpha.com\/scripts\/loader_iconbox.js?v=2.4\"><\/script><\/span><\/div>","protected":false},"excerpt":{"rendered":"\n\t\t\t\t<div class=\"mr_social_sharing_wrapper\">\n\t\t\t\t<!-- Social Sharing Toolkit v2.2 --><span class=\"mr_social_sharing_top\"><span style=\"display: inline-block; width: 55px; height: 62px; overflow: hidden;\"><div class=\"fb-like\" data-href=\"http:\/\/www.blogdopilako.com.br\/wp\/2012\/03\/26\/parabens-ao-amigo-e-fotografo-raminho\/\" data-send=\"false\" data-layout=\"box_count\" data-width=\"55\" data-show-faces=\"false\"><\/div><\/span><\/span><span class=\"mr_social_sharing_top\"><fb:share-button type=\"box_count\" href=\"http:\/\/www.blogdopilako.com.br\/wp\/2012\/03\/26\/parabens-ao-amigo-e-fotografo-raminho\/\"><\/fb:share-button><\/span><span class=\"mr_social_sharing\"><a rel=\"nofollow\" class=\"linksalpha_button linksalpha_link\" href=\"\/\/www.linksalpha.com\/social\/mobile\" data-url=\"http:\/\/www.blogdopilako.com.br\/wp\/2012\/03\/26\/parabens-ao-amigo-e-fotografo-raminho\/\" data-text=\"Parab\u00e9ns ao amigo e Fot\u00f3grafo Raminho\" data-desc=\"Parabenizamos o amigo e fot\u00f3grafo Raminho, que est\u00e1 aniversariando nesta segunda-feira (26). Raminho \u00e9 uma das\u00a0figuras que mais testemunhou os grandes momentos da nossa hist\u00f3ria nos \u00faltimos\u00a050 anos. O\u00a0fot\u00f3grafo Raminho\u00a0\u00e9 um verdadeiro\u00a0patrim\u00f4nio da nossa cidade.\" data-image=\"\" data-button=\"none\">\n\t\t\t\t\t<img src=\"\/\/www.linksalpha.com\/images\/social_share_button.png\" alt=\"Share\" class=\"linksalpha_image\" \/>\n\t\t\t\t\t<\/a><script type=\"text\/javascript\" src=\"\/\/www.linksalpha.com\/scripts\/loader_iconbox.js?v=2.4\"><\/script><\/span><\/div><p>Parabenizamos o amigo e fot\u00f3grafo Raminho, que est\u00e1 aniversariando nesta segunda-feira (26). Raminho \u00e9 uma das\u00a0figuras que mais testemunhou os grandes momentos da nossa hist\u00f3ria nos \u00faltimos\u00a050 anos. O\u00a0fot\u00f3grafo Raminho\u00a0\u00e9 um verdadeiro\u00a0patrim\u00f4nio da nossa cidade.<\/p>\n\n\t\t\t\t<div class=\"mr_social_sharing_wrapper\">\n\t\t\t\t<!-- Social Sharing Toolkit v2.2 --><span class=\"mr_social_sharing_top\"><span style=\"display: inline-block; width: 55px; height: 62px; overflow: hidden;\"><div class=\"fb-like\" data-href=\"http:\/\/www.blogdopilako.com.br\/wp\/2012\/03\/26\/parabens-ao-amigo-e-fotografo-raminho\/\" data-send=\"false\" data-layout=\"box_count\" data-width=\"55\" data-show-faces=\"false\"><\/div><\/span><\/span><span class=\"mr_social_sharing_top\"><fb:share-button type=\"box_count\" href=\"http:\/\/www.blogdopilako.com.br\/wp\/2012\/03\/26\/parabens-ao-amigo-e-fotografo-raminho\/\"><\/fb:share-button><\/span><span class=\"mr_social_sharing\"><a rel=\"nofollow\" class=\"linksalpha_button linksalpha_link\" href=\"\/\/www.linksalpha.com\/social\/mobile\" data-url=\"http:\/\/www.blogdopilako.com.br\/wp\/2012\/03\/26\/parabens-ao-amigo-e-fotografo-raminho\/\" data-text=\"Parab\u00e9ns ao amigo e Fot\u00f3grafo Raminho\" data-desc=\"Parabenizamos o amigo e fot\u00f3grafo Raminho, que est\u00e1 aniversariando nesta segunda-feira (26). Raminho \u00e9 uma das\u00a0figuras que mais testemunhou os grandes momentos da nossa hist\u00f3ria nos \u00faltimos\u00a050 anos. O\u00a0fot\u00f3grafo Raminho\u00a0\u00e9 um verdadeiro\u00a0patrim\u00f4nio da nossa cidade.\" data-image=\"\" data-button=\"none\">\n\t\t\t\t\t<img src=\"\/\/www.linksalpha.com\/images\/social_share_button.png\" alt=\"Share\" class=\"linksalpha_image\" \/>\n\t\t\t\t\t<\/a><script type=\"text\/javascript\" src=\"\/\/www.linksalpha.com\/scripts\/loader_iconbox.js?v=2.4\"><\/script><\/span><\/div>","protected":false},"author":1,"featured_media":0,"comment_status":"open","ping_status":"open","sticky":false,"template":"","format":"standard","meta":[],"categories":[22],"tags":[],"_links":{"self":[{"href":"http:\/\/www.blogdopilako.com.br\/wp\/wp-json\/wp\/v2\/posts\/16016"}],"collection":[{"href":"http:\/\/www.blogdopilako.com.br\/wp\/wp-json\/wp\/v2\/posts"}],"about":[{"href":"http:\/\/www.blogdopilako.com.br\/wp\/wp-json\/wp\/v2\/types\/post"}],"author":[{"embeddable":true,"href":"http:\/\/www.blogdopilako.com.br\/wp\/wp-json\/wp\/v2\/users\/1"}],"replies":[{"embeddable":true,"href":"http:\/\/www.blogdopilako.com.br\/wp\/wp-json\/wp\/v2\/comments?post=16016"}],"version-history":[{"count":3,"href":"http:\/\/www.blogdopilako.com.br\/wp\/wp-json\/wp\/v2\/posts\/16016\/revisions"}],"predecessor-version":[{"id":16018,"href":"http:\/\/www.blogdopilako.com.br\/wp\/wp-json\/wp\/v2\/posts\/16016\/revisions\/16018"}],"wp:attachment":[{"href":"http:\/\/www.blogdopilako.com.br\/wp\/wp-json\/wp\/v2\/media?parent=16016"}],"wp:term":[{"taxonomy":"category","embeddable":true,"href":"http:\/\/www.blogdopilako.com.br\/wp\/wp-json\/wp\/v2\/categories?post=16016"},{"taxonomy":"post_tag","embeddable":true,"href":"http:\/\/www.blogdopilako.com.br\/wp\/wp-json\/wp\/v2\/tags?post=16016"}],"curies":[{"name":"wp","href":"https:\/\/api.w.org\/{rel}","templated":true}]}}