{"id":16011,"date":"2012-03-26T15:35:26","date_gmt":"2012-03-26T18:35:26","guid":{"rendered":"http:\/\/www.blogdopilako.com.br\/wp\/?p=16011"},"modified":"2012-03-26T15:35:26","modified_gmt":"2012-03-26T18:35:26","slug":"administracao-engessada","status":"publish","type":"post","link":"http:\/\/www.blogdopilako.com.br\/wp\/2012\/03\/26\/administracao-engessada\/","title":{"rendered":"Administra\u00e7\u00e3o engessada"},"content":{"rendered":"\n\t\t\t\t<div class=\"mr_social_sharing_wrapper\">\n\t\t\t\t<!-- Social Sharing Toolkit v2.2 --><span class=\"mr_social_sharing_top\"><span style=\"display: inline-block; width: 55px; height: 62px; overflow: hidden;\"><div class=\"fb-like\" data-href=\"http:\/\/www.blogdopilako.com.br\/wp\/2012\/03\/26\/administracao-engessada\/\" data-send=\"false\" data-layout=\"box_count\" data-width=\"55\" data-show-faces=\"false\"><\/div><\/span><\/span><span class=\"mr_social_sharing_top\"><fb:share-button type=\"box_count\" href=\"http:\/\/www.blogdopilako.com.br\/wp\/2012\/03\/26\/administracao-engessada\/\"><\/fb:share-button><\/span><span class=\"mr_social_sharing\"><a rel=\"nofollow\" class=\"linksalpha_button linksalpha_link\" href=\"\/\/www.linksalpha.com\/social\/mobile\" data-url=\"http:\/\/www.blogdopilako.com.br\/wp\/2012\/03\/26\/administracao-engessada\/\" data-text=\"Administra\u00e7\u00e3o engessada\" data-desc=\"Registramos na manh\u00e3 de hoje (26) um cavalete da Prefeitura na rua em frente a Igreja da Matriz. Esse cavalete foi usado pela Guarda Municipal\u00a0para o fechamento da rua por ocasi\u00e3o de um evento na \u00faltima sexta-feira (23) \u00e0 noite. Na posi\u00e7\u00e3o que deixaram o referido cavalete, podemos tirar\" data-image=\"http:\/\/www.blogdopilako.com.br\/wp\/wp-content\/uploads\/cavalete3.jpg\" data-button=\"none\">\n\t\t\t\t\t<img src=\"\/\/www.linksalpha.com\/images\/social_share_button.png\" alt=\"Share\" class=\"linksalpha_image\" \/>\n\t\t\t\t\t<\/a><script type=\"text\/javascript\" src=\"\/\/www.linksalpha.com\/scripts\/loader_iconbox.js?v=2.4\"><\/script><\/span><\/div><p><a href=\"http:\/\/www.blogdopilako.com.br\/wp\/wp-content\/uploads\/cavalete3.jpg\"><img loading=\"lazy\" class=\"size-full wp-image-16014 aligncenter\" title=\"cavalete\" src=\"http:\/\/www.blogdopilako.com.br\/wp\/wp-content\/uploads\/cavalete3.jpg\" alt=\"\" width=\"561\" height=\"376\" \/><\/a><\/p>\n<p style=\"text-align: justify;\">Registramos na manh\u00e3 de hoje (26) um cavalete da Prefeitura na rua em frente a <strong>Igreja da Matriz<\/strong>. Esse cavalete foi usado pela <strong>Guarda Municipal<\/strong>\u00a0para o fechamento da rua por ocasi\u00e3o de um evento na \u00faltima sexta-feira (23) \u00e0 noite. Na posi\u00e7\u00e3o que deixaram o referido cavalete, podemos tirar v\u00e1rias conclus\u00f5es, entre as quais que os guardas n\u00e3o tem no\u00e7\u00e3o nenhuma das leis de tr\u00e2nsito e a outra \u00e9 que a gest\u00e3o do Governo de Todos n\u00e3o tem log\u00edstica administrativa, pois para se botar e tirar um cavalete n\u00e3o \u00e9 preciso da ordem do Prefeito.<\/p>\n\n\t\t\t\t<div class=\"mr_social_sharing_wrapper\">\n\t\t\t\t<!-- Social Sharing Toolkit v2.2 --><span class=\"mr_social_sharing_top\"><span style=\"display: inline-block; width: 55px; height: 62px; overflow: hidden;\"><div class=\"fb-like\" data-href=\"http:\/\/www.blogdopilako.com.br\/wp\/2012\/03\/26\/administracao-engessada\/\" data-send=\"false\" data-layout=\"box_count\" data-width=\"55\" data-show-faces=\"false\"><\/div><\/span><\/span><span class=\"mr_social_sharing_top\"><fb:share-button type=\"box_count\" href=\"http:\/\/www.blogdopilako.com.br\/wp\/2012\/03\/26\/administracao-engessada\/\"><\/fb:share-button><\/span><span class=\"mr_social_sharing\"><a rel=\"nofollow\" class=\"linksalpha_button linksalpha_link\" href=\"\/\/www.linksalpha.com\/social\/mobile\" data-url=\"http:\/\/www.blogdopilako.com.br\/wp\/2012\/03\/26\/administracao-engessada\/\" data-text=\"Administra\u00e7\u00e3o engessada\" data-desc=\"Registramos na manh\u00e3 de hoje (26) um cavalete da Prefeitura na rua em frente a Igreja da Matriz. Esse cavalete foi usado pela Guarda Municipal\u00a0para o fechamento da rua por ocasi\u00e3o de um evento na \u00faltima sexta-feira (23) \u00e0 noite. Na posi\u00e7\u00e3o que deixaram o referido cavalete, podemos tirar\" data-image=\"http:\/\/www.blogdopilako.com.br\/wp\/wp-content\/uploads\/cavalete3.jpg\" data-button=\"none\">\n\t\t\t\t\t<img src=\"\/\/www.linksalpha.com\/images\/social_share_button.png\" alt=\"Share\" class=\"linksalpha_image\" \/>\n\t\t\t\t\t<\/a><script type=\"text\/javascript\" src=\"\/\/www.linksalpha.com\/scripts\/loader_iconbox.js?v=2.4\"><\/script><\/span><\/div>","protected":false},"excerpt":{"rendered":"\n\t\t\t\t<div class=\"mr_social_sharing_wrapper\">\n\t\t\t\t<!-- Social Sharing Toolkit v2.2 --><span class=\"mr_social_sharing_top\"><span style=\"display: inline-block; width: 55px; height: 62px; overflow: hidden;\"><div class=\"fb-like\" data-href=\"http:\/\/www.blogdopilako.com.br\/wp\/2012\/03\/26\/administracao-engessada\/\" data-send=\"false\" data-layout=\"box_count\" data-width=\"55\" data-show-faces=\"false\"><\/div><\/span><\/span><span class=\"mr_social_sharing_top\"><fb:share-button type=\"box_count\" href=\"http:\/\/www.blogdopilako.com.br\/wp\/2012\/03\/26\/administracao-engessada\/\"><\/fb:share-button><\/span><span class=\"mr_social_sharing\"><a rel=\"nofollow\" class=\"linksalpha_button linksalpha_link\" href=\"\/\/www.linksalpha.com\/social\/mobile\" data-url=\"http:\/\/www.blogdopilako.com.br\/wp\/2012\/03\/26\/administracao-engessada\/\" data-text=\"Administra\u00e7\u00e3o engessada\" data-desc=\"Registramos na manh\u00e3 de hoje (26) um cavalete da Prefeitura na rua em frente a Igreja da Matriz. Esse cavalete foi usado pela Guarda Municipal\u00a0para o fechamento da rua por ocasi\u00e3o de um evento na \u00faltima sexta-feira (23) \u00e0 noite. Na posi\u00e7\u00e3o que deixaram o referido cavalete, podemos tirar\" data-image=\"\" data-button=\"none\">\n\t\t\t\t\t<img src=\"\/\/www.linksalpha.com\/images\/social_share_button.png\" alt=\"Share\" class=\"linksalpha_image\" \/>\n\t\t\t\t\t<\/a><script type=\"text\/javascript\" src=\"\/\/www.linksalpha.com\/scripts\/loader_iconbox.js?v=2.4\"><\/script><\/span><\/div><p>Registramos na manh\u00e3 de hoje (26) um cavalete da Prefeitura na rua em frente a Igreja da Matriz. Esse cavalete foi usado pela Guarda Municipal\u00a0para o fechamento da rua por ocasi\u00e3o de um evento na \u00faltima sexta-feira (23) \u00e0 noite. &hellip; <a href=\"http:\/\/www.blogdopilako.com.br\/wp\/2012\/03\/26\/administracao-engessada\/\">Continue lendo <span class=\"meta-nav\">&rarr;<\/span><\/a><\/p>\n\n\t\t\t\t<div class=\"mr_social_sharing_wrapper\">\n\t\t\t\t<!-- Social Sharing Toolkit v2.2 --><span class=\"mr_social_sharing_top\"><span style=\"display: inline-block; width: 55px; height: 62px; overflow: hidden;\"><div class=\"fb-like\" data-href=\"http:\/\/www.blogdopilako.com.br\/wp\/2012\/03\/26\/administracao-engessada\/\" data-send=\"false\" data-layout=\"box_count\" data-width=\"55\" data-show-faces=\"false\"><\/div><\/span><\/span><span class=\"mr_social_sharing_top\"><fb:share-button type=\"box_count\" href=\"http:\/\/www.blogdopilako.com.br\/wp\/2012\/03\/26\/administracao-engessada\/\"><\/fb:share-button><\/span><span class=\"mr_social_sharing\"><a rel=\"nofollow\" class=\"linksalpha_button linksalpha_link\" href=\"\/\/www.linksalpha.com\/social\/mobile\" data-url=\"http:\/\/www.blogdopilako.com.br\/wp\/2012\/03\/26\/administracao-engessada\/\" data-text=\"Administra\u00e7\u00e3o engessada\" data-desc=\"Registramos na manh\u00e3 de hoje (26) um cavalete da Prefeitura na rua em frente a Igreja da Matriz. Esse cavalete foi usado pela Guarda Municipal\u00a0para o fechamento da rua por ocasi\u00e3o de um evento na \u00faltima sexta-feira (23) \u00e0 noite. Na posi\u00e7\u00e3o que deixaram o referido cavalete, podemos tirar\" data-image=\"\" data-button=\"none\">\n\t\t\t\t\t<img src=\"\/\/www.linksalpha.com\/images\/social_share_button.png\" alt=\"Share\" class=\"linksalpha_image\" \/>\n\t\t\t\t\t<\/a><script type=\"text\/javascript\" src=\"\/\/www.linksalpha.com\/scripts\/loader_iconbox.js?v=2.4\"><\/script><\/span><\/div>","protected":false},"author":4,"featured_media":0,"comment_status":"open","ping_status":"open","sticky":false,"template":"","format":"standard","meta":[],"categories":[22],"tags":[],"_links":{"self":[{"href":"http:\/\/www.blogdopilako.com.br\/wp\/wp-json\/wp\/v2\/posts\/16011"}],"collection":[{"href":"http:\/\/www.blogdopilako.com.br\/wp\/wp-json\/wp\/v2\/posts"}],"about":[{"href":"http:\/\/www.blogdopilako.com.br\/wp\/wp-json\/wp\/v2\/types\/post"}],"author":[{"embeddable":true,"href":"http:\/\/www.blogdopilako.com.br\/wp\/wp-json\/wp\/v2\/users\/4"}],"replies":[{"embeddable":true,"href":"http:\/\/www.blogdopilako.com.br\/wp\/wp-json\/wp\/v2\/comments?post=16011"}],"version-history":[{"count":3,"href":"http:\/\/www.blogdopilako.com.br\/wp\/wp-json\/wp\/v2\/posts\/16011\/revisions"}],"predecessor-version":[{"id":16015,"href":"http:\/\/www.blogdopilako.com.br\/wp\/wp-json\/wp\/v2\/posts\/16011\/revisions\/16015"}],"wp:attachment":[{"href":"http:\/\/www.blogdopilako.com.br\/wp\/wp-json\/wp\/v2\/media?parent=16011"}],"wp:term":[{"taxonomy":"category","embeddable":true,"href":"http:\/\/www.blogdopilako.com.br\/wp\/wp-json\/wp\/v2\/categories?post=16011"},{"taxonomy":"post_tag","embeddable":true,"href":"http:\/\/www.blogdopilako.com.br\/wp\/wp-json\/wp\/v2\/tags?post=16011"}],"curies":[{"name":"wp","href":"https:\/\/api.w.org\/{rel}","templated":true}]}}