{"id":15892,"date":"2012-03-23T15:45:45","date_gmt":"2012-03-23T18:45:45","guid":{"rendered":"http:\/\/www.blogdopilako.com.br\/wp\/?p=15892"},"modified":"2012-03-24T08:14:16","modified_gmt":"2012-03-24T11:14:16","slug":"levamos-balao-com-servicos-mal-feitos","status":"publish","type":"post","link":"http:\/\/www.blogdopilako.com.br\/wp\/2012\/03\/23\/levamos-balao-com-servicos-mal-feitos\/","title":{"rendered":"Levamos &#8220;Bal\u00e3o&#8221; com servi\u00e7os mal feitos"},"content":{"rendered":"\n\t\t\t\t<div class=\"mr_social_sharing_wrapper\">\n\t\t\t\t<!-- Social Sharing Toolkit v2.2 --><span class=\"mr_social_sharing_top\"><span style=\"display: inline-block; width: 55px; height: 62px; overflow: hidden;\"><div class=\"fb-like\" data-href=\"http:\/\/www.blogdopilako.com.br\/wp\/2012\/03\/23\/levamos-balao-com-servicos-mal-feitos\/\" data-send=\"false\" data-layout=\"box_count\" data-width=\"55\" data-show-faces=\"false\"><\/div><\/span><\/span><span class=\"mr_social_sharing_top\"><fb:share-button type=\"box_count\" href=\"http:\/\/www.blogdopilako.com.br\/wp\/2012\/03\/23\/levamos-balao-com-servicos-mal-feitos\/\"><\/fb:share-button><\/span><span class=\"mr_social_sharing\"><a rel=\"nofollow\" class=\"linksalpha_button linksalpha_link\" href=\"\/\/www.linksalpha.com\/social\/mobile\" data-url=\"http:\/\/www.blogdopilako.com.br\/wp\/2012\/03\/23\/levamos-balao-com-servicos-mal-feitos\/\" data-text=\"Levamos \u201cBal\u00e3o\u201d com servi\u00e7os mal feitos\" data-desc=\"N\u00e3o \u00e9 de hoje que cobramos, a\u00e7\u00f5es por parte da Diretoria de Tr\u00e2nsito, departamento subordinado a Secret\u00e1ria de Defesa do Cidad\u00e3o, comandada pelo senhor D\u00e9cio Filho, no sentido de organizar a \u201cbagun\u00e7a\u201d que \u00e9 o tr\u00e2nsito da nossa cidade. Sinaliza\u00e7\u00e3o prec\u00e1ria, falta de investimentos em\" data-image=\"http:\/\/www.blogdopilako.com.br\/wp\/wp-content\/uploads\/esfarelando.jpg\" data-button=\"none\">\n\t\t\t\t\t<img src=\"\/\/www.linksalpha.com\/images\/social_share_button.png\" alt=\"Share\" class=\"linksalpha_image\" \/>\n\t\t\t\t\t<\/a><script type=\"text\/javascript\" src=\"\/\/www.linksalpha.com\/scripts\/loader_iconbox.js?v=2.4\"><\/script><\/span><\/div><p style=\"text-align: justify;\"><a href=\"http:\/\/www.blogdopilako.com.br\/wp\/wp-content\/uploads\/esfarelando.jpg\"><img loading=\"lazy\" class=\"aligncenter size-full wp-image-15923\" title=\"esfarelando\" src=\"http:\/\/www.blogdopilako.com.br\/wp\/wp-content\/uploads\/esfarelando.jpg\" alt=\"\" width=\"568\" height=\"426\" \/><\/a>N\u00e3o \u00e9 de hoje que cobramos, a\u00e7\u00f5es por parte da <strong>Diretoria de Tr\u00e2nsito<\/strong>, departamento subordinado a Secret\u00e1ria de Defesa do Cidad\u00e3o, comandada pelo senhor <strong>D\u00e9cio Filho<\/strong>, no sentido de organizar a \u201cbagun\u00e7a\u201d que \u00e9 o tr\u00e2nsito da nossa cidade. Sinaliza\u00e7\u00e3o prec\u00e1ria, falta de investimentos em estrutura, materiais e pessoal, falta de di\u00e1logo com os \u00f3rg\u00e3os classistas da cidade, motoqueiros e motoristas trafegando sem habilita\u00e7\u00e3o por conta da falta de fiscaliza\u00e7\u00e3o, entre tantos outros problemas s\u00e3o causas e sintomas da letargia da gest\u00e3o do Governo de Todos.<\/p>\n<p style=\"text-align: justify;\">Entre outros problemas, denunciamos o <strong>servi\u00e7o mal feito<\/strong>, com <strong>material inadequado<\/strong> quanto a demarca\u00e7\u00e3o das <strong>faixas de pedestres<\/strong>, conhecida tamb\u00e9m como faixas de seguran\u00e7a, na medida em que as mesmas n\u00e3o estavam sendo feitas dentro das normais especificadas pelos \u00f3rg\u00e3o competente, sendo inclusive mostramos, aqui no blog, um v\u00eddeo explicativo da maneira correta de fazer.<\/p>\n<p style=\"text-align: justify;\">Semanas atr\u00e1s encontramos nas ruas da cidade, funcion\u00e1rios de uma empresa pintando, aparentemente da maneira correta, as tais faixas de pedestres. Com poucas semanas constatamos que os servi\u00e7os n\u00e3o passaram de mais uma <strong>GAMBIARRA<\/strong> do Governo de Todos, pois em v\u00e1rio lugares as faixas ent\u00e3o se destacando com rapidez e em alguns casos est\u00e3o se desmanchando ficando como se fossem farinha.<\/p>\n<p style=\"text-align: justify;\"><a href=\"http:\/\/www.blogdopilako.com.br\/wp\/wp-content\/uploads\/esfarelando2.jpg\"><img loading=\"lazy\" class=\"aligncenter size-full wp-image-15924\" title=\"esfarelando2\" src=\"http:\/\/www.blogdopilako.com.br\/wp\/wp-content\/uploads\/esfarelando2.jpg\" alt=\"\" width=\"528\" height=\"396\" \/><\/a><\/p>\n<p style=\"text-align: justify;\">Mais uma vez, iremos mostrar ao senhor <strong>Barbosa<\/strong>, Secret\u00e1rio importado por <strong>Elias<\/strong> l\u00e1 da cidade de Belo jardim, qual a maneira correta de se fazer o servi\u00e7o. Segundo informa\u00e7\u00f5es, praticamente\u00a0todos contatos comerciais da Prefeitura s\u00e3o realizados atrav\u00e9s de Barbosa, sendo assim, seria bom \u00a0de uma pr\u00f3xima vez se ter mais cuidado para n\u00e3o levar \u201cbal\u00e3o\u201d dessas empresas \u00a0&#8220;sabidas&#8221; e desperdi\u00e7ar o valioso dinheiro azul e branco da Rep\u00fablica das Tabocas.<\/p>\n<p><a href=\"http:\/\/www.blogdopilako.com.br\/wp\/wp-content\/uploads\/CAMINH\u00c3O-FAIXA.jpg\"><img loading=\"lazy\" class=\"aligncenter\" title=\"CAMINH\u00c3O FAIXA\" src=\"http:\/\/www.blogdopilako.com.br\/wp\/wp-content\/uploads\/CAMINH\u00c3O-FAIXA.jpg\" alt=\"\" width=\"584\" height=\"438\" \/><\/a><\/p>\n\n\t\t\t\t<div class=\"mr_social_sharing_wrapper\">\n\t\t\t\t<!-- Social Sharing Toolkit v2.2 --><span class=\"mr_social_sharing_top\"><span style=\"display: inline-block; width: 55px; height: 62px; overflow: hidden;\"><div class=\"fb-like\" data-href=\"http:\/\/www.blogdopilako.com.br\/wp\/2012\/03\/23\/levamos-balao-com-servicos-mal-feitos\/\" data-send=\"false\" data-layout=\"box_count\" data-width=\"55\" data-show-faces=\"false\"><\/div><\/span><\/span><span class=\"mr_social_sharing_top\"><fb:share-button type=\"box_count\" href=\"http:\/\/www.blogdopilako.com.br\/wp\/2012\/03\/23\/levamos-balao-com-servicos-mal-feitos\/\"><\/fb:share-button><\/span><span class=\"mr_social_sharing\"><a rel=\"nofollow\" class=\"linksalpha_button linksalpha_link\" href=\"\/\/www.linksalpha.com\/social\/mobile\" data-url=\"http:\/\/www.blogdopilako.com.br\/wp\/2012\/03\/23\/levamos-balao-com-servicos-mal-feitos\/\" data-text=\"Levamos \u201cBal\u00e3o\u201d com servi\u00e7os mal feitos\" data-desc=\"N\u00e3o \u00e9 de hoje que cobramos, a\u00e7\u00f5es por parte da Diretoria de Tr\u00e2nsito, departamento subordinado a Secret\u00e1ria de Defesa do Cidad\u00e3o, comandada pelo senhor D\u00e9cio Filho, no sentido de organizar a \u201cbagun\u00e7a\u201d que \u00e9 o tr\u00e2nsito da nossa cidade. Sinaliza\u00e7\u00e3o prec\u00e1ria, falta de investimentos em\" data-image=\"http:\/\/www.blogdopilako.com.br\/wp\/wp-content\/uploads\/esfarelando.jpg\" data-button=\"none\">\n\t\t\t\t\t<img src=\"\/\/www.linksalpha.com\/images\/social_share_button.png\" alt=\"Share\" class=\"linksalpha_image\" \/>\n\t\t\t\t\t<\/a><script type=\"text\/javascript\" src=\"\/\/www.linksalpha.com\/scripts\/loader_iconbox.js?v=2.4\"><\/script><\/span><\/div>","protected":false},"excerpt":{"rendered":"\n\t\t\t\t<div class=\"mr_social_sharing_wrapper\">\n\t\t\t\t<!-- Social Sharing Toolkit v2.2 --><span class=\"mr_social_sharing_top\"><span style=\"display: inline-block; width: 55px; height: 62px; overflow: hidden;\"><div class=\"fb-like\" data-href=\"http:\/\/www.blogdopilako.com.br\/wp\/2012\/03\/23\/levamos-balao-com-servicos-mal-feitos\/\" data-send=\"false\" data-layout=\"box_count\" data-width=\"55\" data-show-faces=\"false\"><\/div><\/span><\/span><span class=\"mr_social_sharing_top\"><fb:share-button type=\"box_count\" href=\"http:\/\/www.blogdopilako.com.br\/wp\/2012\/03\/23\/levamos-balao-com-servicos-mal-feitos\/\"><\/fb:share-button><\/span><span class=\"mr_social_sharing\"><a rel=\"nofollow\" class=\"linksalpha_button linksalpha_link\" href=\"\/\/www.linksalpha.com\/social\/mobile\" data-url=\"http:\/\/www.blogdopilako.com.br\/wp\/2012\/03\/23\/levamos-balao-com-servicos-mal-feitos\/\" data-text=\"Levamos \u201cBal\u00e3o\u201d com servi\u00e7os mal feitos\" data-desc=\"N\u00e3o \u00e9 de hoje que cobramos, a\u00e7\u00f5es por parte da Diretoria de Tr\u00e2nsito, departamento subordinado a Secret\u00e1ria de Defesa do Cidad\u00e3o, comandada pelo senhor D\u00e9cio Filho, no sentido de organizar a \u201cbagun\u00e7a\u201d que \u00e9 o tr\u00e2nsito da nossa cidade. Sinaliza\u00e7\u00e3o prec\u00e1ria, falta de investimentos em\" data-image=\"\" data-button=\"none\">\n\t\t\t\t\t<img src=\"\/\/www.linksalpha.com\/images\/social_share_button.png\" alt=\"Share\" class=\"linksalpha_image\" \/>\n\t\t\t\t\t<\/a><script type=\"text\/javascript\" src=\"\/\/www.linksalpha.com\/scripts\/loader_iconbox.js?v=2.4\"><\/script><\/span><\/div><p>N\u00e3o \u00e9 de hoje que cobramos, a\u00e7\u00f5es por parte da Diretoria de Tr\u00e2nsito, departamento subordinado a Secret\u00e1ria de Defesa do Cidad\u00e3o, comandada pelo senhor D\u00e9cio Filho, no sentido de organizar a \u201cbagun\u00e7a\u201d que \u00e9 o tr\u00e2nsito da nossa cidade. Sinaliza\u00e7\u00e3o &hellip; <a href=\"http:\/\/www.blogdopilako.com.br\/wp\/2012\/03\/23\/levamos-balao-com-servicos-mal-feitos\/\">Continue lendo <span class=\"meta-nav\">&rarr;<\/span><\/a><\/p>\n\n\t\t\t\t<div class=\"mr_social_sharing_wrapper\">\n\t\t\t\t<!-- Social Sharing Toolkit v2.2 --><span class=\"mr_social_sharing_top\"><span style=\"display: inline-block; width: 55px; height: 62px; overflow: hidden;\"><div class=\"fb-like\" data-href=\"http:\/\/www.blogdopilako.com.br\/wp\/2012\/03\/23\/levamos-balao-com-servicos-mal-feitos\/\" data-send=\"false\" data-layout=\"box_count\" data-width=\"55\" data-show-faces=\"false\"><\/div><\/span><\/span><span class=\"mr_social_sharing_top\"><fb:share-button type=\"box_count\" href=\"http:\/\/www.blogdopilako.com.br\/wp\/2012\/03\/23\/levamos-balao-com-servicos-mal-feitos\/\"><\/fb:share-button><\/span><span class=\"mr_social_sharing\"><a rel=\"nofollow\" class=\"linksalpha_button linksalpha_link\" href=\"\/\/www.linksalpha.com\/social\/mobile\" data-url=\"http:\/\/www.blogdopilako.com.br\/wp\/2012\/03\/23\/levamos-balao-com-servicos-mal-feitos\/\" data-text=\"Levamos \u201cBal\u00e3o\u201d com servi\u00e7os mal feitos\" data-desc=\"N\u00e3o \u00e9 de hoje que cobramos, a\u00e7\u00f5es por parte da Diretoria de Tr\u00e2nsito, departamento subordinado a Secret\u00e1ria de Defesa do Cidad\u00e3o, comandada pelo senhor D\u00e9cio Filho, no sentido de organizar a \u201cbagun\u00e7a\u201d que \u00e9 o tr\u00e2nsito da nossa cidade. Sinaliza\u00e7\u00e3o prec\u00e1ria, falta de investimentos em\" data-image=\"\" data-button=\"none\">\n\t\t\t\t\t<img src=\"\/\/www.linksalpha.com\/images\/social_share_button.png\" alt=\"Share\" class=\"linksalpha_image\" \/>\n\t\t\t\t\t<\/a><script type=\"text\/javascript\" src=\"\/\/www.linksalpha.com\/scripts\/loader_iconbox.js?v=2.4\"><\/script><\/span><\/div>","protected":false},"author":4,"featured_media":0,"comment_status":"open","ping_status":"open","sticky":false,"template":"","format":"standard","meta":[],"categories":[21,22],"tags":[],"_links":{"self":[{"href":"http:\/\/www.blogdopilako.com.br\/wp\/wp-json\/wp\/v2\/posts\/15892"}],"collection":[{"href":"http:\/\/www.blogdopilako.com.br\/wp\/wp-json\/wp\/v2\/posts"}],"about":[{"href":"http:\/\/www.blogdopilako.com.br\/wp\/wp-json\/wp\/v2\/types\/post"}],"author":[{"embeddable":true,"href":"http:\/\/www.blogdopilako.com.br\/wp\/wp-json\/wp\/v2\/users\/4"}],"replies":[{"embeddable":true,"href":"http:\/\/www.blogdopilako.com.br\/wp\/wp-json\/wp\/v2\/comments?post=15892"}],"version-history":[{"count":5,"href":"http:\/\/www.blogdopilako.com.br\/wp\/wp-json\/wp\/v2\/posts\/15892\/revisions"}],"predecessor-version":[{"id":15926,"href":"http:\/\/www.blogdopilako.com.br\/wp\/wp-json\/wp\/v2\/posts\/15892\/revisions\/15926"}],"wp:attachment":[{"href":"http:\/\/www.blogdopilako.com.br\/wp\/wp-json\/wp\/v2\/media?parent=15892"}],"wp:term":[{"taxonomy":"category","embeddable":true,"href":"http:\/\/www.blogdopilako.com.br\/wp\/wp-json\/wp\/v2\/categories?post=15892"},{"taxonomy":"post_tag","embeddable":true,"href":"http:\/\/www.blogdopilako.com.br\/wp\/wp-json\/wp\/v2\/tags?post=15892"}],"curies":[{"name":"wp","href":"https:\/\/api.w.org\/{rel}","templated":true}]}}