{"id":15615,"date":"2012-03-19T15:46:37","date_gmt":"2012-03-19T18:46:37","guid":{"rendered":"http:\/\/www.blogdopilako.com.br\/wp\/?p=15615"},"modified":"2012-03-19T15:46:37","modified_gmt":"2012-03-19T18:46:37","slug":"mesmo-sem-barras-a-comunidade-ja-tinha-levado-gol","status":"publish","type":"post","link":"http:\/\/www.blogdopilako.com.br\/wp\/2012\/03\/19\/mesmo-sem-barras-a-comunidade-ja-tinha-levado-gol\/","title":{"rendered":"Mesmo sem barras, a comunidade j\u00e1 tinha levado Gol."},"content":{"rendered":"\n\t\t\t\t<div class=\"mr_social_sharing_wrapper\">\n\t\t\t\t<!-- Social Sharing Toolkit v2.2 --><span class=\"mr_social_sharing_top\"><span style=\"display: inline-block; width: 55px; height: 62px; overflow: hidden;\"><div class=\"fb-like\" data-href=\"http:\/\/www.blogdopilako.com.br\/wp\/2012\/03\/19\/mesmo-sem-barras-a-comunidade-ja-tinha-levado-gol\/\" data-send=\"false\" data-layout=\"box_count\" data-width=\"55\" data-show-faces=\"false\"><\/div><\/span><\/span><span class=\"mr_social_sharing_top\"><fb:share-button type=\"box_count\" href=\"http:\/\/www.blogdopilako.com.br\/wp\/2012\/03\/19\/mesmo-sem-barras-a-comunidade-ja-tinha-levado-gol\/\"><\/fb:share-button><\/span><span class=\"mr_social_sharing\"><a rel=\"nofollow\" class=\"linksalpha_button linksalpha_link\" href=\"\/\/www.linksalpha.com\/social\/mobile\" data-url=\"http:\/\/www.blogdopilako.com.br\/wp\/2012\/03\/19\/mesmo-sem-barras-a-comunidade-ja-tinha-levado-gol\/\" data-text=\"Mesmo sem barras, a comunidade j\u00e1 tinha levado Gol.\" data-desc=\"Com mais de seis meses de inaugurada, s\u00f3 agora, depois das nossas cobran\u00e7as \u00e9 que as barras na quadra da Escola Madre Tarc\u00edsia vieram aparecer. As nossas concess\u00f5es p\u00fablicas de r\u00e1dio e TV, que deveriam, por principio, serem \u00a0a voz da sociedade em nossa cidade s\u00e3o utilizadas apenas como\" data-image=\"http:\/\/www.blogdopilako.com.br\/wp\/wp-content\/uploads\/barras-chegaram.jpg\" data-button=\"none\">\n\t\t\t\t\t<img src=\"\/\/www.linksalpha.com\/images\/social_share_button.png\" alt=\"Share\" class=\"linksalpha_image\" \/>\n\t\t\t\t\t<\/a><script type=\"text\/javascript\" src=\"\/\/www.linksalpha.com\/scripts\/loader_iconbox.js?v=2.4\"><\/script><\/span><\/div><p style=\"text-align: justify;\"><a href=\"http:\/\/www.blogdopilako.com.br\/wp\/wp-content\/uploads\/barras-chegaram.jpg\"><img loading=\"lazy\" class=\"aligncenter size-full wp-image-15661\" title=\"barras-chegaram\" src=\"http:\/\/www.blogdopilako.com.br\/wp\/wp-content\/uploads\/barras-chegaram.jpg\" alt=\"\" width=\"568\" height=\"326\" \/><\/a>Com mais de <strong>seis meses<\/strong> de inaugurada, s\u00f3 agora, depois das nossas cobran\u00e7as \u00e9 que as barras na quadra da <strong>Escola Madre Tarc\u00edsia<\/strong> vieram <strong>aparecer<\/strong>. As nossas concess\u00f5es p\u00fablicas de r\u00e1dio e TV, que deveriam, por principio, serem \u00a0a voz da sociedade em nossa cidade s\u00e3o utilizadas apenas como instrumento de condu\u00e7\u00e3o pol\u00edtica de massa.<\/p>\n<p style=\"text-align: justify;\"><a href=\"http:\/\/www.blogdopilako.com.br\/wp\/wp-content\/uploads\/sem-barras.jpg\"><img loading=\"lazy\" class=\"aligncenter size-full wp-image-15662\" title=\"sem-barras\" src=\"http:\/\/www.blogdopilako.com.br\/wp\/wp-content\/uploads\/sem-barras.jpg\" alt=\"\" width=\"580\" height=\"435\" \/><\/a><\/p>\n<p style=\"text-align: justify;\">A referida escola, que foi anunciada como uma <strong>ESCOLA MODELO<\/strong>\u00a0e nela foram investidos quase <strong>R$ 700.000,00<\/strong> (setecentos mil reais) ainda se encontra tomada por mato, sem cal\u00e7adas, sem piso no p\u00e1tio e com esgoto correndo a c\u00e9u aberto. Senhora Secret\u00e1ria, senhor Prefeito est\u00e3o esperando o que?<\/p>\n<p style=\"text-align: justify;\"><a href=\"http:\/\/www.blogdopilako.com.br\/wp\/wp-content\/uploads\/modelo-anteior2.jpg\"><img loading=\"lazy\" class=\"aligncenter size-full wp-image-15453\" title=\"modelo-anteior2\" src=\"http:\/\/www.blogdopilako.com.br\/wp\/wp-content\/uploads\/modelo-anteior2.jpg\" alt=\"\" width=\"564\" height=\"423\" \/><\/a><\/p>\n\n\t\t\t\t<div class=\"mr_social_sharing_wrapper\">\n\t\t\t\t<!-- Social Sharing Toolkit v2.2 --><span class=\"mr_social_sharing_top\"><span style=\"display: inline-block; width: 55px; height: 62px; overflow: hidden;\"><div class=\"fb-like\" data-href=\"http:\/\/www.blogdopilako.com.br\/wp\/2012\/03\/19\/mesmo-sem-barras-a-comunidade-ja-tinha-levado-gol\/\" data-send=\"false\" data-layout=\"box_count\" data-width=\"55\" data-show-faces=\"false\"><\/div><\/span><\/span><span class=\"mr_social_sharing_top\"><fb:share-button type=\"box_count\" href=\"http:\/\/www.blogdopilako.com.br\/wp\/2012\/03\/19\/mesmo-sem-barras-a-comunidade-ja-tinha-levado-gol\/\"><\/fb:share-button><\/span><span class=\"mr_social_sharing\"><a rel=\"nofollow\" class=\"linksalpha_button linksalpha_link\" href=\"\/\/www.linksalpha.com\/social\/mobile\" data-url=\"http:\/\/www.blogdopilako.com.br\/wp\/2012\/03\/19\/mesmo-sem-barras-a-comunidade-ja-tinha-levado-gol\/\" data-text=\"Mesmo sem barras, a comunidade j\u00e1 tinha levado Gol.\" data-desc=\"Com mais de seis meses de inaugurada, s\u00f3 agora, depois das nossas cobran\u00e7as \u00e9 que as barras na quadra da Escola Madre Tarc\u00edsia vieram aparecer. As nossas concess\u00f5es p\u00fablicas de r\u00e1dio e TV, que deveriam, por principio, serem \u00a0a voz da sociedade em nossa cidade s\u00e3o utilizadas apenas como\" data-image=\"http:\/\/www.blogdopilako.com.br\/wp\/wp-content\/uploads\/barras-chegaram.jpg\" data-button=\"none\">\n\t\t\t\t\t<img src=\"\/\/www.linksalpha.com\/images\/social_share_button.png\" alt=\"Share\" class=\"linksalpha_image\" \/>\n\t\t\t\t\t<\/a><script type=\"text\/javascript\" src=\"\/\/www.linksalpha.com\/scripts\/loader_iconbox.js?v=2.4\"><\/script><\/span><\/div>","protected":false},"excerpt":{"rendered":"\n\t\t\t\t<div class=\"mr_social_sharing_wrapper\">\n\t\t\t\t<!-- Social Sharing Toolkit v2.2 --><span class=\"mr_social_sharing_top\"><span style=\"display: inline-block; width: 55px; height: 62px; overflow: hidden;\"><div class=\"fb-like\" data-href=\"http:\/\/www.blogdopilako.com.br\/wp\/2012\/03\/19\/mesmo-sem-barras-a-comunidade-ja-tinha-levado-gol\/\" data-send=\"false\" data-layout=\"box_count\" data-width=\"55\" data-show-faces=\"false\"><\/div><\/span><\/span><span class=\"mr_social_sharing_top\"><fb:share-button type=\"box_count\" href=\"http:\/\/www.blogdopilako.com.br\/wp\/2012\/03\/19\/mesmo-sem-barras-a-comunidade-ja-tinha-levado-gol\/\"><\/fb:share-button><\/span><span class=\"mr_social_sharing\"><a rel=\"nofollow\" class=\"linksalpha_button linksalpha_link\" href=\"\/\/www.linksalpha.com\/social\/mobile\" data-url=\"http:\/\/www.blogdopilako.com.br\/wp\/2012\/03\/19\/mesmo-sem-barras-a-comunidade-ja-tinha-levado-gol\/\" data-text=\"Mesmo sem barras, a comunidade j\u00e1 tinha levado Gol.\" data-desc=\"Com mais de seis meses de inaugurada, s\u00f3 agora, depois das nossas cobran\u00e7as \u00e9 que as barras na quadra da Escola Madre Tarc\u00edsia vieram aparecer. As nossas concess\u00f5es p\u00fablicas de r\u00e1dio e TV, que deveriam, por principio, serem \u00a0a voz da sociedade em nossa cidade s\u00e3o utilizadas apenas como\" data-image=\"\" data-button=\"none\">\n\t\t\t\t\t<img src=\"\/\/www.linksalpha.com\/images\/social_share_button.png\" alt=\"Share\" class=\"linksalpha_image\" \/>\n\t\t\t\t\t<\/a><script type=\"text\/javascript\" src=\"\/\/www.linksalpha.com\/scripts\/loader_iconbox.js?v=2.4\"><\/script><\/span><\/div><p>Com mais de seis meses de inaugurada, s\u00f3 agora, depois das nossas cobran\u00e7as \u00e9 que as barras na quadra da Escola Madre Tarc\u00edsia vieram aparecer. As nossas concess\u00f5es p\u00fablicas de r\u00e1dio e TV, que deveriam, por principio, serem \u00a0a voz &hellip; <a href=\"http:\/\/www.blogdopilako.com.br\/wp\/2012\/03\/19\/mesmo-sem-barras-a-comunidade-ja-tinha-levado-gol\/\">Continue lendo <span class=\"meta-nav\">&rarr;<\/span><\/a><\/p>\n\n\t\t\t\t<div class=\"mr_social_sharing_wrapper\">\n\t\t\t\t<!-- Social Sharing Toolkit v2.2 --><span class=\"mr_social_sharing_top\"><span style=\"display: inline-block; width: 55px; height: 62px; overflow: hidden;\"><div class=\"fb-like\" data-href=\"http:\/\/www.blogdopilako.com.br\/wp\/2012\/03\/19\/mesmo-sem-barras-a-comunidade-ja-tinha-levado-gol\/\" data-send=\"false\" data-layout=\"box_count\" data-width=\"55\" data-show-faces=\"false\"><\/div><\/span><\/span><span class=\"mr_social_sharing_top\"><fb:share-button type=\"box_count\" href=\"http:\/\/www.blogdopilako.com.br\/wp\/2012\/03\/19\/mesmo-sem-barras-a-comunidade-ja-tinha-levado-gol\/\"><\/fb:share-button><\/span><span class=\"mr_social_sharing\"><a rel=\"nofollow\" class=\"linksalpha_button linksalpha_link\" href=\"\/\/www.linksalpha.com\/social\/mobile\" data-url=\"http:\/\/www.blogdopilako.com.br\/wp\/2012\/03\/19\/mesmo-sem-barras-a-comunidade-ja-tinha-levado-gol\/\" data-text=\"Mesmo sem barras, a comunidade j\u00e1 tinha levado Gol.\" data-desc=\"Com mais de seis meses de inaugurada, s\u00f3 agora, depois das nossas cobran\u00e7as \u00e9 que as barras na quadra da Escola Madre Tarc\u00edsia vieram aparecer. As nossas concess\u00f5es p\u00fablicas de r\u00e1dio e TV, que deveriam, por principio, serem \u00a0a voz da sociedade em nossa cidade s\u00e3o utilizadas apenas como\" data-image=\"\" data-button=\"none\">\n\t\t\t\t\t<img src=\"\/\/www.linksalpha.com\/images\/social_share_button.png\" alt=\"Share\" class=\"linksalpha_image\" \/>\n\t\t\t\t\t<\/a><script type=\"text\/javascript\" src=\"\/\/www.linksalpha.com\/scripts\/loader_iconbox.js?v=2.4\"><\/script><\/span><\/div>","protected":false},"author":4,"featured_media":0,"comment_status":"open","ping_status":"open","sticky":false,"template":"","format":"standard","meta":[],"categories":[21,22],"tags":[],"_links":{"self":[{"href":"http:\/\/www.blogdopilako.com.br\/wp\/wp-json\/wp\/v2\/posts\/15615"}],"collection":[{"href":"http:\/\/www.blogdopilako.com.br\/wp\/wp-json\/wp\/v2\/posts"}],"about":[{"href":"http:\/\/www.blogdopilako.com.br\/wp\/wp-json\/wp\/v2\/types\/post"}],"author":[{"embeddable":true,"href":"http:\/\/www.blogdopilako.com.br\/wp\/wp-json\/wp\/v2\/users\/4"}],"replies":[{"embeddable":true,"href":"http:\/\/www.blogdopilako.com.br\/wp\/wp-json\/wp\/v2\/comments?post=15615"}],"version-history":[{"count":3,"href":"http:\/\/www.blogdopilako.com.br\/wp\/wp-json\/wp\/v2\/posts\/15615\/revisions"}],"predecessor-version":[{"id":15664,"href":"http:\/\/www.blogdopilako.com.br\/wp\/wp-json\/wp\/v2\/posts\/15615\/revisions\/15664"}],"wp:attachment":[{"href":"http:\/\/www.blogdopilako.com.br\/wp\/wp-json\/wp\/v2\/media?parent=15615"}],"wp:term":[{"taxonomy":"category","embeddable":true,"href":"http:\/\/www.blogdopilako.com.br\/wp\/wp-json\/wp\/v2\/categories?post=15615"},{"taxonomy":"post_tag","embeddable":true,"href":"http:\/\/www.blogdopilako.com.br\/wp\/wp-json\/wp\/v2\/tags?post=15615"}],"curies":[{"name":"wp","href":"https:\/\/api.w.org\/{rel}","templated":true}]}}