{"id":152043,"date":"2026-09-01T16:00:11","date_gmt":"2026-09-01T19:00:11","guid":{"rendered":"https:\/\/www.blogdopilako.com.br\/wp\/?p=152043"},"modified":"2026-09-01T16:02:35","modified_gmt":"2026-09-01T19:02:35","slug":"eleicoes-2026-o-sub-mundo-da-noticia","status":"publish","type":"post","link":"http:\/\/www.blogdopilako.com.br\/wp\/2026\/09\/01\/eleicoes-2026-o-sub-mundo-da-noticia\/","title":{"rendered":"Elei\u00e7\u00f5es 2026: a not\u00edcia  de encomenda&#8230;&#8230;.."},"content":{"rendered":"\n\t\t\t\t<div class=\"mr_social_sharing_wrapper\">\n\t\t\t\t<!-- Social Sharing Toolkit v2.2 --><span class=\"mr_social_sharing_top\"><span style=\"display: inline-block; width: 55px; height: 62px; overflow: hidden;\"><div class=\"fb-like\" data-href=\"http:\/\/www.blogdopilako.com.br\/wp\/2026\/09\/01\/eleicoes-2026-o-sub-mundo-da-noticia\/\" data-send=\"false\" data-layout=\"box_count\" data-width=\"55\" data-show-faces=\"false\"><\/div><\/span><\/span><span class=\"mr_social_sharing_top\"><fb:share-button type=\"box_count\" href=\"http:\/\/www.blogdopilako.com.br\/wp\/2026\/09\/01\/eleicoes-2026-o-sub-mundo-da-noticia\/\"><\/fb:share-button><\/span><span class=\"mr_social_sharing\"><a rel=\"nofollow\" class=\"linksalpha_button linksalpha_link\" href=\"\/\/www.linksalpha.com\/social\/mobile\" data-url=\"http:\/\/www.blogdopilako.com.br\/wp\/2026\/09\/01\/eleicoes-2026-o-sub-mundo-da-noticia\/\" data-text=\"Elei\u00e7\u00f5es 2026: a not\u00edcia de encomenda\u2026\u2026..\" data-desc=\"Se algum eleitor pernambucano, nos \u00faltimos 12 meses,\u00a0 estivesse viajando por\u00a0 marte e chegasse, \u00a0hoje,\u00a0 em Pernambuco e fosse se atualizar sobre os \u00faltimos acontecimentos da campanha pol\u00edtica do nosso estado, atrav\u00e9s da imprensa digital, , certamente teria muita dificuldade de entender o\" data-image=\"http:\/\/www.blogdopilako.com.br\/wp\/wp-content\/uploads\/2026\/09\/download.webp\" data-button=\"none\">\n\t\t\t\t\t<img src=\"\/\/www.linksalpha.com\/images\/social_share_button.png\" alt=\"Share\" class=\"linksalpha_image\" \/>\n\t\t\t\t\t<\/a><script type=\"text\/javascript\" src=\"\/\/www.linksalpha.com\/scripts\/loader_iconbox.js?v=2.4\"><\/script><\/span><\/div><p style=\"text-align: justify;\"><a href=\"http:\/\/www.blogdopilako.com.br\/wp\/wp-content\/uploads\/2026\/09\/download.webp\"><img loading=\"lazy\" class=\"size-full wp-image-152045 alignright\" src=\"http:\/\/www.blogdopilako.com.br\/wp\/wp-content\/uploads\/2026\/09\/download.webp\" alt=\"\" width=\"288\" height=\"180\" \/><\/a>Se algum eleitor pernambucano, nos \u00faltimos 12 meses,\u00a0 estivesse viajando por\u00a0 marte e chegasse, \u00a0hoje,\u00a0 em Pernambuco e fosse se atualizar sobre os \u00faltimos acontecimentos da campanha pol\u00edtica do nosso estado, atrav\u00e9s da imprensa digital, , certamente teria muita dificuldade de entender o momento, face \u00e0 discrep\u00e2ncia na dire\u00e7\u00e3o apontada pelos conte\u00fados e pelas \u00a0narrativas. \u00d3timo que ainda podemos pensar diferente!<\/p>\n<p style=\"text-align: justify;\">J\u00e1 para aqueles que veem se atualizando \u00a0\u00a0diariamente dessas mesmas fontes de not\u00edcias, no acompanhamento\u00a0 do cotidiano\u00a0 pol\u00edtico estadual, aos olhos dos mais atentos,\u00a0 o conjunto\u00a0 de atualiza\u00e7\u00f5es, entre outras coisas,\u00a0 vem\u00a0 revelando os motivos pelos quais\u00a0 esses blogueiros s\u00e3o t\u00e3o generosos com \u201cos mesmos\u201d e t\u00e3o \u00e1cidos com os \u201coutros\u201d. H\u00e1, de fato, um motivo por tr\u00e1s desse\u00a0 \u201centusiasmo\u201d recorrente. Isto \u00e9:\u00a0<strong> &#8220;financiamento na veia&#8221;.\u00a0<\/strong><\/p>\n<p style=\"text-align: justify;\"><strong>Irrigados com algum tipo de vantagem, eles (bloguerios) j\u00e1 foram corrompidos naquilo que \u00e9 mais sublime na interpreta\u00e7\u00e3o dos fatos. Ou seja:\u00a0 o livre pensar.<\/strong><\/p>\n<p><a href=\"http:\/\/www.blogdopilako.com.br\/wp\/wp-content\/uploads\/2026\/09\/OIP-1.webp\"><img loading=\"lazy\" class=\"size-full wp-image-152048 alignleft\" src=\"http:\/\/www.blogdopilako.com.br\/wp\/wp-content\/uploads\/2026\/09\/OIP-1.webp\" alt=\"\" width=\"180\" height=\"180\" srcset=\"http:\/\/www.blogdopilako.com.br\/wp\/wp-content\/uploads\/2026\/09\/OIP-1.webp 180w, http:\/\/www.blogdopilako.com.br\/wp\/wp-content\/uploads\/2026\/09\/OIP-1-150x150.webp 150w\" sizes=\"(max-width: 180px) 100vw, 180px\" \/><\/a>Com efeito, a opini\u00e3o de parte dos blogueiros\u00a0 \u201cdeve\u201d\u00a0 ser emitida na medida exata do tal figurino\u00a0 que\u00a0 \u00e9, evidentemente,\u00a0 conveniente ao financiador da vantagem por ele recebida. Do outro lado, idem.<\/p>\n<p style=\"text-align: justify;\">Para minha surpresa,\u00a0 aparentemente,\u00a0 at\u00e9 um ve\u00edculo de imprensa,\u00a0 com muita tradi\u00e7\u00e3o e hist\u00f3ria estadual,\u00a0 tamb\u00e9m vem dando sinais que j\u00e1 escolheu um lado politico para chamar de seu.<\/p>\n<p style=\"text-align: justify;\">Claro! Emito esse ju\u00edzo de valor, volto a dizer, porque acompanho o notici\u00e1rio pol\u00edtico diariamente e consigo perceber, \u00a0nas entrelinhas,\u00a0 o desejo \u00a0do editor\u00a0 em conduzir o leitor para um lugar que ele, antecipadamente, \u00a0j\u00e1 decidiu \u00a0ir. \u00a0O bom colunista levanta hip\u00f3teses, exp\u00f5e dados confi\u00e1veis, cria situa\u00e7\u00f5es para chamar o leitor \u00e0 reflex\u00e3o. Esse deve ser o papel de quem escreve.<\/p>\n<p style=\"text-align: justify;\">Para finalizar essas linhas,\u00a0 que apenas tentam expressar\u00a0 um ponto de vista sobre o terreno pantanoso que se tornou a campanha pol\u00edtica pernambucana de 2026, gostaria de dizer que se\u00a0 a Justi\u00e7a Eleitoral, a pol\u00edcia e as autoridades\u00a0 n\u00e3o tomarem, \u00a0\u00a0de imediato, as r\u00e9deas desse processo, logo logo n\u00e3o ter\u00e3o mais condi\u00e7\u00f5es de arbitrar\u00a0 e conduzir o pleito\u00a0 em curso. Segue o jogo&#8230;.<\/p>\n<p><img loading=\"lazy\" class=\"alignnone wp-image-152038 size-full\" src=\"http:\/\/www.blogdopilako.com.br\/wp\/wp-content\/uploads\/2026\/09\/Pix-arte-final-2-7-768x301-20-31-35-9-6-7.png\" alt=\"\" width=\"768\" height=\"301\" srcset=\"http:\/\/www.blogdopilako.com.br\/wp\/wp-content\/uploads\/2026\/09\/Pix-arte-final-2-7-768x301-20-31-35-9-6-7.png 768w, http:\/\/www.blogdopilako.com.br\/wp\/wp-content\/uploads\/2026\/09\/Pix-arte-final-2-7-768x301-20-31-35-9-6-7-300x118.png 300w, http:\/\/www.blogdopilako.com.br\/wp\/wp-content\/uploads\/2026\/09\/Pix-arte-final-2-7-768x301-20-31-35-9-6-7-500x196.png 500w\" sizes=\"(max-width: 768px) 100vw, 768px\" \/><\/p>\n\n\t\t\t\t<div class=\"mr_social_sharing_wrapper\">\n\t\t\t\t<!-- Social Sharing Toolkit v2.2 --><span class=\"mr_social_sharing_top\"><span style=\"display: inline-block; width: 55px; height: 62px; overflow: hidden;\"><div class=\"fb-like\" data-href=\"http:\/\/www.blogdopilako.com.br\/wp\/2026\/09\/01\/eleicoes-2026-o-sub-mundo-da-noticia\/\" data-send=\"false\" data-layout=\"box_count\" data-width=\"55\" data-show-faces=\"false\"><\/div><\/span><\/span><span class=\"mr_social_sharing_top\"><fb:share-button type=\"box_count\" href=\"http:\/\/www.blogdopilako.com.br\/wp\/2026\/09\/01\/eleicoes-2026-o-sub-mundo-da-noticia\/\"><\/fb:share-button><\/span><span class=\"mr_social_sharing\"><a rel=\"nofollow\" class=\"linksalpha_button linksalpha_link\" href=\"\/\/www.linksalpha.com\/social\/mobile\" data-url=\"http:\/\/www.blogdopilako.com.br\/wp\/2026\/09\/01\/eleicoes-2026-o-sub-mundo-da-noticia\/\" data-text=\"Elei\u00e7\u00f5es 2026: a not\u00edcia de encomenda\u2026\u2026..\" data-desc=\"Se algum eleitor pernambucano, nos \u00faltimos 12 meses,\u00a0 estivesse viajando por\u00a0 marte e chegasse, \u00a0hoje,\u00a0 em Pernambuco e fosse se atualizar sobre os \u00faltimos acontecimentos da campanha pol\u00edtica do nosso estado, atrav\u00e9s da imprensa digital, , certamente teria muita dificuldade de entender o\" data-image=\"http:\/\/www.blogdopilako.com.br\/wp\/wp-content\/uploads\/2026\/09\/download.webp\" data-button=\"none\">\n\t\t\t\t\t<img src=\"\/\/www.linksalpha.com\/images\/social_share_button.png\" alt=\"Share\" class=\"linksalpha_image\" \/>\n\t\t\t\t\t<\/a><script type=\"text\/javascript\" src=\"\/\/www.linksalpha.com\/scripts\/loader_iconbox.js?v=2.4\"><\/script><\/span><\/div>","protected":false},"excerpt":{"rendered":"\n\t\t\t\t<div class=\"mr_social_sharing_wrapper\">\n\t\t\t\t<!-- Social Sharing Toolkit v2.2 --><span class=\"mr_social_sharing_top\"><span style=\"display: inline-block; width: 55px; height: 62px; overflow: hidden;\"><div class=\"fb-like\" data-href=\"http:\/\/www.blogdopilako.com.br\/wp\/2026\/09\/01\/eleicoes-2026-o-sub-mundo-da-noticia\/\" data-send=\"false\" data-layout=\"box_count\" data-width=\"55\" data-show-faces=\"false\"><\/div><\/span><\/span><span class=\"mr_social_sharing_top\"><fb:share-button type=\"box_count\" href=\"http:\/\/www.blogdopilako.com.br\/wp\/2026\/09\/01\/eleicoes-2026-o-sub-mundo-da-noticia\/\"><\/fb:share-button><\/span><span class=\"mr_social_sharing\"><a rel=\"nofollow\" class=\"linksalpha_button linksalpha_link\" href=\"\/\/www.linksalpha.com\/social\/mobile\" data-url=\"http:\/\/www.blogdopilako.com.br\/wp\/2026\/09\/01\/eleicoes-2026-o-sub-mundo-da-noticia\/\" data-text=\"Elei\u00e7\u00f5es 2026: a not\u00edcia de encomenda\u2026\u2026..\" data-desc=\"Se algum eleitor pernambucano, nos \u00faltimos 12 meses,\u00a0 estivesse viajando por\u00a0 marte e chegasse, \u00a0hoje,\u00a0 em Pernambuco e fosse se atualizar sobre os \u00faltimos acontecimentos da campanha pol\u00edtica do nosso estado, atrav\u00e9s da imprensa digital, , certamente teria muita dificuldade de entender o\" data-image=\"\" data-button=\"none\">\n\t\t\t\t\t<img src=\"\/\/www.linksalpha.com\/images\/social_share_button.png\" alt=\"Share\" class=\"linksalpha_image\" \/>\n\t\t\t\t\t<\/a><script type=\"text\/javascript\" src=\"\/\/www.linksalpha.com\/scripts\/loader_iconbox.js?v=2.4\"><\/script><\/span><\/div><p>Se algum eleitor pernambucano, nos \u00faltimos 12 meses,\u00a0 estivesse viajando por\u00a0 marte e chegasse, \u00a0hoje,\u00a0 em Pernambuco e fosse se atualizar sobre os \u00faltimos acontecimentos da campanha pol\u00edtica do nosso estado, atrav\u00e9s da imprensa digital, , certamente teria muita dificuldade &hellip; <a href=\"http:\/\/www.blogdopilako.com.br\/wp\/2026\/09\/01\/eleicoes-2026-o-sub-mundo-da-noticia\/\">Continue lendo <span class=\"meta-nav\">&rarr;<\/span><\/a><\/p>\n\n\t\t\t\t<div class=\"mr_social_sharing_wrapper\">\n\t\t\t\t<!-- Social Sharing Toolkit v2.2 --><span class=\"mr_social_sharing_top\"><span style=\"display: inline-block; width: 55px; height: 62px; overflow: hidden;\"><div class=\"fb-like\" data-href=\"http:\/\/www.blogdopilako.com.br\/wp\/2026\/09\/01\/eleicoes-2026-o-sub-mundo-da-noticia\/\" data-send=\"false\" data-layout=\"box_count\" data-width=\"55\" data-show-faces=\"false\"><\/div><\/span><\/span><span class=\"mr_social_sharing_top\"><fb:share-button type=\"box_count\" href=\"http:\/\/www.blogdopilako.com.br\/wp\/2026\/09\/01\/eleicoes-2026-o-sub-mundo-da-noticia\/\"><\/fb:share-button><\/span><span class=\"mr_social_sharing\"><a rel=\"nofollow\" class=\"linksalpha_button linksalpha_link\" href=\"\/\/www.linksalpha.com\/social\/mobile\" data-url=\"http:\/\/www.blogdopilako.com.br\/wp\/2026\/09\/01\/eleicoes-2026-o-sub-mundo-da-noticia\/\" data-text=\"Elei\u00e7\u00f5es 2026: a not\u00edcia de encomenda\u2026\u2026..\" data-desc=\"Se algum eleitor pernambucano, nos \u00faltimos 12 meses,\u00a0 estivesse viajando por\u00a0 marte e chegasse, \u00a0hoje,\u00a0 em Pernambuco e fosse se atualizar sobre os \u00faltimos acontecimentos da campanha pol\u00edtica do nosso estado, atrav\u00e9s da imprensa digital, , certamente teria muita dificuldade de entender o\" data-image=\"\" data-button=\"none\">\n\t\t\t\t\t<img src=\"\/\/www.linksalpha.com\/images\/social_share_button.png\" alt=\"Share\" class=\"linksalpha_image\" \/>\n\t\t\t\t\t<\/a><script type=\"text\/javascript\" src=\"\/\/www.linksalpha.com\/scripts\/loader_iconbox.js?v=2.4\"><\/script><\/span><\/div>","protected":false},"author":2,"featured_media":0,"comment_status":"open","ping_status":"open","sticky":false,"template":"","format":"standard","meta":[],"categories":[21],"tags":[],"_links":{"self":[{"href":"http:\/\/www.blogdopilako.com.br\/wp\/wp-json\/wp\/v2\/posts\/152043"}],"collection":[{"href":"http:\/\/www.blogdopilako.com.br\/wp\/wp-json\/wp\/v2\/posts"}],"about":[{"href":"http:\/\/www.blogdopilako.com.br\/wp\/wp-json\/wp\/v2\/types\/post"}],"author":[{"embeddable":true,"href":"http:\/\/www.blogdopilako.com.br\/wp\/wp-json\/wp\/v2\/users\/2"}],"replies":[{"embeddable":true,"href":"http:\/\/www.blogdopilako.com.br\/wp\/wp-json\/wp\/v2\/comments?post=152043"}],"version-history":[{"count":3,"href":"http:\/\/www.blogdopilako.com.br\/wp\/wp-json\/wp\/v2\/posts\/152043\/revisions"}],"predecessor-version":[{"id":152050,"href":"http:\/\/www.blogdopilako.com.br\/wp\/wp-json\/wp\/v2\/posts\/152043\/revisions\/152050"}],"wp:attachment":[{"href":"http:\/\/www.blogdopilako.com.br\/wp\/wp-json\/wp\/v2\/media?parent=152043"}],"wp:term":[{"taxonomy":"category","embeddable":true,"href":"http:\/\/www.blogdopilako.com.br\/wp\/wp-json\/wp\/v2\/categories?post=152043"},{"taxonomy":"post_tag","embeddable":true,"href":"http:\/\/www.blogdopilako.com.br\/wp\/wp-json\/wp\/v2\/tags?post=152043"}],"curies":[{"name":"wp","href":"https:\/\/api.w.org\/{rel}","templated":true}]}}