{"id":15127,"date":"2012-03-09T15:58:43","date_gmt":"2012-03-09T18:58:43","guid":{"rendered":"http:\/\/www.blogdopilako.com.br\/wp\/?p=15127"},"modified":"2012-03-09T15:58:43","modified_gmt":"2012-03-09T18:58:43","slug":"nem-os-condutores-da-frota-da-prefeitura-respeitam-a-guarda-municipal","status":"publish","type":"post","link":"http:\/\/www.blogdopilako.com.br\/wp\/2012\/03\/09\/nem-os-condutores-da-frota-da-prefeitura-respeitam-a-guarda-municipal\/","title":{"rendered":"Nem os condutores da frota da Prefeitura respeitam a Guarda Municipal"},"content":{"rendered":"\n\t\t\t\t<div class=\"mr_social_sharing_wrapper\">\n\t\t\t\t<!-- Social Sharing Toolkit v2.2 --><span class=\"mr_social_sharing_top\"><span style=\"display: inline-block; width: 55px; height: 62px; overflow: hidden;\"><div class=\"fb-like\" data-href=\"http:\/\/www.blogdopilako.com.br\/wp\/2012\/03\/09\/nem-os-condutores-da-frota-da-prefeitura-respeitam-a-guarda-municipal\/\" data-send=\"false\" data-layout=\"box_count\" data-width=\"55\" data-show-faces=\"false\"><\/div><\/span><\/span><span class=\"mr_social_sharing_top\"><fb:share-button type=\"box_count\" href=\"http:\/\/www.blogdopilako.com.br\/wp\/2012\/03\/09\/nem-os-condutores-da-frota-da-prefeitura-respeitam-a-guarda-municipal\/\"><\/fb:share-button><\/span><span class=\"mr_social_sharing\"><a rel=\"nofollow\" class=\"linksalpha_button linksalpha_link\" href=\"\/\/www.linksalpha.com\/social\/mobile\" data-url=\"http:\/\/www.blogdopilako.com.br\/wp\/2012\/03\/09\/nem-os-condutores-da-frota-da-prefeitura-respeitam-a-guarda-municipal\/\" data-text=\"Nem os condutores da frota da Prefeitura respeitam a Guarda Municipal\" data-desc=\"Na manh\u00e3 de hoje (09) nossas lentes flagraram no bairro do Livramento, estacionado entre as duas Pra\u00e7as, um micro-\u00f4nibus da Prefeitura,\u00a0destinado ao transporte de estudantes. O curioso \u00e9 que ao inv\u00e9s do motorista estacionar o coletivo com a porta virada para cal\u00e7ada, que \u00e9 a maneira correta\" data-image=\"http:\/\/www.blogdopilako.com.br\/wp\/wp-content\/uploads\/onibus-2012-03-09-09.jpg\" data-button=\"none\">\n\t\t\t\t\t<img src=\"\/\/www.linksalpha.com\/images\/social_share_button.png\" alt=\"Share\" class=\"linksalpha_image\" \/>\n\t\t\t\t\t<\/a><script type=\"text\/javascript\" src=\"\/\/www.linksalpha.com\/scripts\/loader_iconbox.js?v=2.4\"><\/script><\/span><\/div><p style=\"text-align: justify;\"><a href=\"http:\/\/www.blogdopilako.com.br\/wp\/wp-content\/uploads\/onibus-2012-03-09-09.jpg\"><img loading=\"lazy\" class=\"aligncenter size-full wp-image-15141\" title=\"onibus-2012-03-09 09\" src=\"http:\/\/www.blogdopilako.com.br\/wp\/wp-content\/uploads\/onibus-2012-03-09-09.jpg\" alt=\"\" width=\"582\" height=\"401\" \/><\/a><\/p>\n<p style=\"text-align: justify;\">Na manh\u00e3 de hoje (09) nossas lentes flagraram no bairro do <strong>Livramento<\/strong>, estacionado entre as duas Pra\u00e7as, um <strong>micro-\u00f4nibus da Prefeitura,\u00a0<\/strong>destinado ao transporte de estudantes. O curioso \u00e9 que ao inv\u00e9s do motorista estacionar o coletivo com a porta virada para cal\u00e7ada, que \u00e9 a maneira <strong>correta<\/strong> e <strong>segura<\/strong>, para os alunos n\u00e3o ficarem expostos a acidentes envolvendo motos e carros que estejam trafegando no local, estacionou o mesmo de maneira onde as portas ficaram de frente para rua.<\/p>\n<p style=\"text-align: justify;\">Das duas uma: ou esses <strong>condutores infratores<\/strong> da frota do Governo de Todos n\u00e3o est\u00e3o nem ai para as<strong> leis de tr\u00e2nsito<\/strong>, uma vez que os mesmos sabem que na cidade a Guarda Municipal n\u00e3o fiscaliza nada mesmo, ou os tais condutores certamente n\u00e3o s\u00e3o habilitados e portanto n\u00e3o sabem de nada sobre as regras de tr\u00e2nsito.<\/p>\n\n\t\t\t\t<div class=\"mr_social_sharing_wrapper\">\n\t\t\t\t<!-- Social Sharing Toolkit v2.2 --><span class=\"mr_social_sharing_top\"><span style=\"display: inline-block; width: 55px; height: 62px; overflow: hidden;\"><div class=\"fb-like\" data-href=\"http:\/\/www.blogdopilako.com.br\/wp\/2012\/03\/09\/nem-os-condutores-da-frota-da-prefeitura-respeitam-a-guarda-municipal\/\" data-send=\"false\" data-layout=\"box_count\" data-width=\"55\" data-show-faces=\"false\"><\/div><\/span><\/span><span class=\"mr_social_sharing_top\"><fb:share-button type=\"box_count\" href=\"http:\/\/www.blogdopilako.com.br\/wp\/2012\/03\/09\/nem-os-condutores-da-frota-da-prefeitura-respeitam-a-guarda-municipal\/\"><\/fb:share-button><\/span><span class=\"mr_social_sharing\"><a rel=\"nofollow\" class=\"linksalpha_button linksalpha_link\" href=\"\/\/www.linksalpha.com\/social\/mobile\" data-url=\"http:\/\/www.blogdopilako.com.br\/wp\/2012\/03\/09\/nem-os-condutores-da-frota-da-prefeitura-respeitam-a-guarda-municipal\/\" data-text=\"Nem os condutores da frota da Prefeitura respeitam a Guarda Municipal\" data-desc=\"Na manh\u00e3 de hoje (09) nossas lentes flagraram no bairro do Livramento, estacionado entre as duas Pra\u00e7as, um micro-\u00f4nibus da Prefeitura,\u00a0destinado ao transporte de estudantes. O curioso \u00e9 que ao inv\u00e9s do motorista estacionar o coletivo com a porta virada para cal\u00e7ada, que \u00e9 a maneira correta\" data-image=\"http:\/\/www.blogdopilako.com.br\/wp\/wp-content\/uploads\/onibus-2012-03-09-09.jpg\" data-button=\"none\">\n\t\t\t\t\t<img src=\"\/\/www.linksalpha.com\/images\/social_share_button.png\" alt=\"Share\" class=\"linksalpha_image\" \/>\n\t\t\t\t\t<\/a><script type=\"text\/javascript\" src=\"\/\/www.linksalpha.com\/scripts\/loader_iconbox.js?v=2.4\"><\/script><\/span><\/div>","protected":false},"excerpt":{"rendered":"\n\t\t\t\t<div class=\"mr_social_sharing_wrapper\">\n\t\t\t\t<!-- Social Sharing Toolkit v2.2 --><span class=\"mr_social_sharing_top\"><span style=\"display: inline-block; width: 55px; height: 62px; overflow: hidden;\"><div class=\"fb-like\" data-href=\"http:\/\/www.blogdopilako.com.br\/wp\/2012\/03\/09\/nem-os-condutores-da-frota-da-prefeitura-respeitam-a-guarda-municipal\/\" data-send=\"false\" data-layout=\"box_count\" data-width=\"55\" data-show-faces=\"false\"><\/div><\/span><\/span><span class=\"mr_social_sharing_top\"><fb:share-button type=\"box_count\" href=\"http:\/\/www.blogdopilako.com.br\/wp\/2012\/03\/09\/nem-os-condutores-da-frota-da-prefeitura-respeitam-a-guarda-municipal\/\"><\/fb:share-button><\/span><span class=\"mr_social_sharing\"><a rel=\"nofollow\" class=\"linksalpha_button linksalpha_link\" href=\"\/\/www.linksalpha.com\/social\/mobile\" data-url=\"http:\/\/www.blogdopilako.com.br\/wp\/2012\/03\/09\/nem-os-condutores-da-frota-da-prefeitura-respeitam-a-guarda-municipal\/\" data-text=\"Nem os condutores da frota da Prefeitura respeitam a Guarda Municipal\" data-desc=\"Na manh\u00e3 de hoje (09) nossas lentes flagraram no bairro do Livramento, estacionado entre as duas Pra\u00e7as, um micro-\u00f4nibus da Prefeitura,\u00a0destinado ao transporte de estudantes. O curioso \u00e9 que ao inv\u00e9s do motorista estacionar o coletivo com a porta virada para cal\u00e7ada, que \u00e9 a maneira correta\" data-image=\"\" data-button=\"none\">\n\t\t\t\t\t<img src=\"\/\/www.linksalpha.com\/images\/social_share_button.png\" alt=\"Share\" class=\"linksalpha_image\" \/>\n\t\t\t\t\t<\/a><script type=\"text\/javascript\" src=\"\/\/www.linksalpha.com\/scripts\/loader_iconbox.js?v=2.4\"><\/script><\/span><\/div><p>Na manh\u00e3 de hoje (09) nossas lentes flagraram no bairro do Livramento, estacionado entre as duas Pra\u00e7as, um micro-\u00f4nibus da Prefeitura,\u00a0destinado ao transporte de estudantes. O curioso \u00e9 que ao inv\u00e9s do motorista estacionar o coletivo com a porta virada &hellip; <a href=\"http:\/\/www.blogdopilako.com.br\/wp\/2012\/03\/09\/nem-os-condutores-da-frota-da-prefeitura-respeitam-a-guarda-municipal\/\">Continue lendo <span class=\"meta-nav\">&rarr;<\/span><\/a><\/p>\n\n\t\t\t\t<div class=\"mr_social_sharing_wrapper\">\n\t\t\t\t<!-- Social Sharing Toolkit v2.2 --><span class=\"mr_social_sharing_top\"><span style=\"display: inline-block; width: 55px; height: 62px; overflow: hidden;\"><div class=\"fb-like\" data-href=\"http:\/\/www.blogdopilako.com.br\/wp\/2012\/03\/09\/nem-os-condutores-da-frota-da-prefeitura-respeitam-a-guarda-municipal\/\" data-send=\"false\" data-layout=\"box_count\" data-width=\"55\" data-show-faces=\"false\"><\/div><\/span><\/span><span class=\"mr_social_sharing_top\"><fb:share-button type=\"box_count\" href=\"http:\/\/www.blogdopilako.com.br\/wp\/2012\/03\/09\/nem-os-condutores-da-frota-da-prefeitura-respeitam-a-guarda-municipal\/\"><\/fb:share-button><\/span><span class=\"mr_social_sharing\"><a rel=\"nofollow\" class=\"linksalpha_button linksalpha_link\" href=\"\/\/www.linksalpha.com\/social\/mobile\" data-url=\"http:\/\/www.blogdopilako.com.br\/wp\/2012\/03\/09\/nem-os-condutores-da-frota-da-prefeitura-respeitam-a-guarda-municipal\/\" data-text=\"Nem os condutores da frota da Prefeitura respeitam a Guarda Municipal\" data-desc=\"Na manh\u00e3 de hoje (09) nossas lentes flagraram no bairro do Livramento, estacionado entre as duas Pra\u00e7as, um micro-\u00f4nibus da Prefeitura,\u00a0destinado ao transporte de estudantes. O curioso \u00e9 que ao inv\u00e9s do motorista estacionar o coletivo com a porta virada para cal\u00e7ada, que \u00e9 a maneira correta\" data-image=\"\" data-button=\"none\">\n\t\t\t\t\t<img src=\"\/\/www.linksalpha.com\/images\/social_share_button.png\" alt=\"Share\" class=\"linksalpha_image\" \/>\n\t\t\t\t\t<\/a><script type=\"text\/javascript\" src=\"\/\/www.linksalpha.com\/scripts\/loader_iconbox.js?v=2.4\"><\/script><\/span><\/div>","protected":false},"author":4,"featured_media":0,"comment_status":"open","ping_status":"open","sticky":false,"template":"","format":"standard","meta":[],"categories":[21,22],"tags":[],"_links":{"self":[{"href":"http:\/\/www.blogdopilako.com.br\/wp\/wp-json\/wp\/v2\/posts\/15127"}],"collection":[{"href":"http:\/\/www.blogdopilako.com.br\/wp\/wp-json\/wp\/v2\/posts"}],"about":[{"href":"http:\/\/www.blogdopilako.com.br\/wp\/wp-json\/wp\/v2\/types\/post"}],"author":[{"embeddable":true,"href":"http:\/\/www.blogdopilako.com.br\/wp\/wp-json\/wp\/v2\/users\/4"}],"replies":[{"embeddable":true,"href":"http:\/\/www.blogdopilako.com.br\/wp\/wp-json\/wp\/v2\/comments?post=15127"}],"version-history":[{"count":3,"href":"http:\/\/www.blogdopilako.com.br\/wp\/wp-json\/wp\/v2\/posts\/15127\/revisions"}],"predecessor-version":[{"id":15166,"href":"http:\/\/www.blogdopilako.com.br\/wp\/wp-json\/wp\/v2\/posts\/15127\/revisions\/15166"}],"wp:attachment":[{"href":"http:\/\/www.blogdopilako.com.br\/wp\/wp-json\/wp\/v2\/media?parent=15127"}],"wp:term":[{"taxonomy":"category","embeddable":true,"href":"http:\/\/www.blogdopilako.com.br\/wp\/wp-json\/wp\/v2\/categories?post=15127"},{"taxonomy":"post_tag","embeddable":true,"href":"http:\/\/www.blogdopilako.com.br\/wp\/wp-json\/wp\/v2\/tags?post=15127"}],"curies":[{"name":"wp","href":"https:\/\/api.w.org\/{rel}","templated":true}]}}