{"id":150770,"date":"2026-04-07T10:11:45","date_gmt":"2026-04-07T13:11:45","guid":{"rendered":"https:\/\/www.blogdopilako.com.br\/wp\/?p=150770"},"modified":"2026-04-07T10:14:15","modified_gmt":"2026-04-07T13:14:15","slug":"5a-corrida-da-vitoria-80-das-vagas-preenchidas","status":"publish","type":"post","link":"http:\/\/www.blogdopilako.com.br\/wp\/2026\/04\/07\/5a-corrida-da-vitoria-80-das-vagas-preenchidas\/","title":{"rendered":"5\u00aa Corrida da Vit\u00f3ria &#8211; 80% das vagas preenchidas!!!"},"content":{"rendered":"\n\t\t\t\t<div class=\"mr_social_sharing_wrapper\">\n\t\t\t\t<!-- Social Sharing Toolkit v2.2 --><span class=\"mr_social_sharing_top\"><span style=\"display: inline-block; width: 55px; height: 62px; overflow: hidden;\"><div class=\"fb-like\" data-href=\"http:\/\/www.blogdopilako.com.br\/wp\/2026\/04\/07\/5a-corrida-da-vitoria-80-das-vagas-preenchidas\/\" data-send=\"false\" data-layout=\"box_count\" data-width=\"55\" data-show-faces=\"false\"><\/div><\/span><\/span><span class=\"mr_social_sharing_top\"><fb:share-button type=\"box_count\" href=\"http:\/\/www.blogdopilako.com.br\/wp\/2026\/04\/07\/5a-corrida-da-vitoria-80-das-vagas-preenchidas\/\"><\/fb:share-button><\/span><span class=\"mr_social_sharing\"><a rel=\"nofollow\" class=\"linksalpha_button linksalpha_link\" href=\"\/\/www.linksalpha.com\/social\/mobile\" data-url=\"http:\/\/www.blogdopilako.com.br\/wp\/2026\/04\/07\/5a-corrida-da-vitoria-80-das-vagas-preenchidas\/\" data-text=\"5\u00aa Corrida da Vit\u00f3ria \u2013 80% das vagas preenchidas!!!\" data-desc=\"\ud83d\udea8 ATEN\u00c7\u00c3O, ATLETAS! \ud83d\udea8 Mais de 80% das vagas j\u00e1 foram preenchidas\u2026 e o ritmo s\u00f3 aumenta! \ud83d\udd25 Se voc\u00ea ainda n\u00e3o garantiu sua participa\u00e7\u00e3o na 5\u00aa Corrida e Caminhada da Vit\u00f3ria, essa \u00e9 a hora. Depois n\u00e3o diga que n\u00e3o avisamos! \ud83d\udc40\" data-image=\"http:\/\/www.blogdopilako.com.br\/wp\/wp-content\/uploads\/2026\/04\/dd7d10f3-a28d-4cb6-94b9-bc1276d0ef7d.jpg\" data-button=\"none\">\n\t\t\t\t\t<img src=\"\/\/www.linksalpha.com\/images\/social_share_button.png\" alt=\"Share\" class=\"linksalpha_image\" \/>\n\t\t\t\t\t<\/a><script type=\"text\/javascript\" src=\"\/\/www.linksalpha.com\/scripts\/loader_iconbox.js?v=2.4\"><\/script><\/span><\/div><p><img loading=\"lazy\" class=\"aligncenter wp-image-150771 size-full\" src=\"http:\/\/www.blogdopilako.com.br\/wp\/wp-content\/uploads\/2026\/04\/dd7d10f3-a28d-4cb6-94b9-bc1276d0ef7d.jpg\" alt=\"\" width=\"1149\" height=\"1532\" srcset=\"http:\/\/www.blogdopilako.com.br\/wp\/wp-content\/uploads\/2026\/04\/dd7d10f3-a28d-4cb6-94b9-bc1276d0ef7d.jpg 1149w, http:\/\/www.blogdopilako.com.br\/wp\/wp-content\/uploads\/2026\/04\/dd7d10f3-a28d-4cb6-94b9-bc1276d0ef7d-225x300.jpg 225w, http:\/\/www.blogdopilako.com.br\/wp\/wp-content\/uploads\/2026\/04\/dd7d10f3-a28d-4cb6-94b9-bc1276d0ef7d-768x1024.jpg 768w\" sizes=\"(max-width: 1149px) 100vw, 1149px\" \/><\/p>\n<p style=\"text-align: center;\"><strong>&#x1f6a8; ATEN\u00c7\u00c3O, ATLETAS! &#x1f6a8;<\/strong><\/p>\n<p style=\"text-align: center;\"><strong>Mais de 80% das vagas j\u00e1 foram preenchidas\u2026 e o ritmo s\u00f3 aumenta! &#x1f525;<\/strong><\/p>\n<p style=\"text-align: center;\"><strong>Se voc\u00ea ainda n\u00e3o garantiu sua participa\u00e7\u00e3o na 5\u00aa Corrida e Caminhada da Vit\u00f3ria, essa \u00e9 a hora. Depois n\u00e3o diga que n\u00e3o avisamos! &#x1f440;<\/strong><\/p>\n<p style=\"text-align: center;\"><strong>&#x1f3c3;&#x200d;&#x2642;&#xfe0f; Cada inscri\u00e7\u00e3o \u00e9 um passo mais perto da linha de chegada.<\/strong><br \/>\n<strong>&#x1f3c1; Cada treino \u00e9 um passo mais perto da sua vit\u00f3ria.<\/strong><\/p>\n<p style=\"text-align: center;\"><strong>Garanta j\u00e1 a sua vaga e venha fazer parte desse momento incr\u00edvel!<\/strong><\/p>\n<p style=\"text-align: center;\"><strong>&#x1f4f2; Inscreva-se: www.uptempo.com.br<\/strong><br \/>\n<strong>&#x1f4cd; Presencial: Loja Monster Suplementos<\/strong><br \/>\n<strong>&#x1f4de; Grupos: 81 99198-0437<\/strong><\/p>\n\n\t\t\t\t<div class=\"mr_social_sharing_wrapper\">\n\t\t\t\t<!-- Social Sharing Toolkit v2.2 --><span class=\"mr_social_sharing_top\"><span style=\"display: inline-block; width: 55px; height: 62px; overflow: hidden;\"><div class=\"fb-like\" data-href=\"http:\/\/www.blogdopilako.com.br\/wp\/2026\/04\/07\/5a-corrida-da-vitoria-80-das-vagas-preenchidas\/\" data-send=\"false\" data-layout=\"box_count\" data-width=\"55\" data-show-faces=\"false\"><\/div><\/span><\/span><span class=\"mr_social_sharing_top\"><fb:share-button type=\"box_count\" href=\"http:\/\/www.blogdopilako.com.br\/wp\/2026\/04\/07\/5a-corrida-da-vitoria-80-das-vagas-preenchidas\/\"><\/fb:share-button><\/span><span class=\"mr_social_sharing\"><a rel=\"nofollow\" class=\"linksalpha_button linksalpha_link\" href=\"\/\/www.linksalpha.com\/social\/mobile\" data-url=\"http:\/\/www.blogdopilako.com.br\/wp\/2026\/04\/07\/5a-corrida-da-vitoria-80-das-vagas-preenchidas\/\" data-text=\"5\u00aa Corrida da Vit\u00f3ria \u2013 80% das vagas preenchidas!!!\" data-desc=\"\ud83d\udea8 ATEN\u00c7\u00c3O, ATLETAS! \ud83d\udea8 Mais de 80% das vagas j\u00e1 foram preenchidas\u2026 e o ritmo s\u00f3 aumenta! \ud83d\udd25 Se voc\u00ea ainda n\u00e3o garantiu sua participa\u00e7\u00e3o na 5\u00aa Corrida e Caminhada da Vit\u00f3ria, essa \u00e9 a hora. Depois n\u00e3o diga que n\u00e3o avisamos! \ud83d\udc40\" data-image=\"http:\/\/www.blogdopilako.com.br\/wp\/wp-content\/uploads\/2026\/04\/dd7d10f3-a28d-4cb6-94b9-bc1276d0ef7d.jpg\" data-button=\"none\">\n\t\t\t\t\t<img src=\"\/\/www.linksalpha.com\/images\/social_share_button.png\" alt=\"Share\" class=\"linksalpha_image\" \/>\n\t\t\t\t\t<\/a><script type=\"text\/javascript\" src=\"\/\/www.linksalpha.com\/scripts\/loader_iconbox.js?v=2.4\"><\/script><\/span><\/div>","protected":false},"excerpt":{"rendered":"\n\t\t\t\t<div class=\"mr_social_sharing_wrapper\">\n\t\t\t\t<!-- Social Sharing Toolkit v2.2 --><span class=\"mr_social_sharing_top\"><span style=\"display: inline-block; width: 55px; height: 62px; overflow: hidden;\"><div class=\"fb-like\" data-href=\"http:\/\/www.blogdopilako.com.br\/wp\/2026\/04\/07\/5a-corrida-da-vitoria-80-das-vagas-preenchidas\/\" data-send=\"false\" data-layout=\"box_count\" data-width=\"55\" data-show-faces=\"false\"><\/div><\/span><\/span><span class=\"mr_social_sharing_top\"><fb:share-button type=\"box_count\" href=\"http:\/\/www.blogdopilako.com.br\/wp\/2026\/04\/07\/5a-corrida-da-vitoria-80-das-vagas-preenchidas\/\"><\/fb:share-button><\/span><span class=\"mr_social_sharing\"><a rel=\"nofollow\" class=\"linksalpha_button linksalpha_link\" href=\"\/\/www.linksalpha.com\/social\/mobile\" data-url=\"http:\/\/www.blogdopilako.com.br\/wp\/2026\/04\/07\/5a-corrida-da-vitoria-80-das-vagas-preenchidas\/\" data-text=\"5\u00aa Corrida da Vit\u00f3ria \u2013 80% das vagas preenchidas!!!\" data-desc=\"\ud83d\udea8 ATEN\u00c7\u00c3O, ATLETAS! \ud83d\udea8 Mais de 80% das vagas j\u00e1 foram preenchidas\u2026 e o ritmo s\u00f3 aumenta! \ud83d\udd25 Se voc\u00ea ainda n\u00e3o garantiu sua participa\u00e7\u00e3o na 5\u00aa Corrida e Caminhada da Vit\u00f3ria, essa \u00e9 a hora. Depois n\u00e3o diga que n\u00e3o avisamos! \ud83d\udc40\" data-image=\"\" data-button=\"none\">\n\t\t\t\t\t<img src=\"\/\/www.linksalpha.com\/images\/social_share_button.png\" alt=\"Share\" class=\"linksalpha_image\" \/>\n\t\t\t\t\t<\/a><script type=\"text\/javascript\" src=\"\/\/www.linksalpha.com\/scripts\/loader_iconbox.js?v=2.4\"><\/script><\/span><\/div><p>&#x1f6a8; ATEN\u00c7\u00c3O, ATLETAS! &#x1f6a8; Mais de 80% das vagas j\u00e1 foram preenchidas\u2026 e o ritmo s\u00f3 aumenta! &#x1f525; Se voc\u00ea ainda n\u00e3o garantiu sua participa\u00e7\u00e3o na 5\u00aa Corrida e Caminhada da Vit\u00f3ria, essa \u00e9 a hora. Depois n\u00e3o diga que &hellip; <a href=\"http:\/\/www.blogdopilako.com.br\/wp\/2026\/04\/07\/5a-corrida-da-vitoria-80-das-vagas-preenchidas\/\">Continue lendo <span class=\"meta-nav\">&rarr;<\/span><\/a><\/p>\n\n\t\t\t\t<div class=\"mr_social_sharing_wrapper\">\n\t\t\t\t<!-- Social Sharing Toolkit v2.2 --><span class=\"mr_social_sharing_top\"><span style=\"display: inline-block; width: 55px; height: 62px; overflow: hidden;\"><div class=\"fb-like\" data-href=\"http:\/\/www.blogdopilako.com.br\/wp\/2026\/04\/07\/5a-corrida-da-vitoria-80-das-vagas-preenchidas\/\" data-send=\"false\" data-layout=\"box_count\" data-width=\"55\" data-show-faces=\"false\"><\/div><\/span><\/span><span class=\"mr_social_sharing_top\"><fb:share-button type=\"box_count\" href=\"http:\/\/www.blogdopilako.com.br\/wp\/2026\/04\/07\/5a-corrida-da-vitoria-80-das-vagas-preenchidas\/\"><\/fb:share-button><\/span><span class=\"mr_social_sharing\"><a rel=\"nofollow\" class=\"linksalpha_button linksalpha_link\" href=\"\/\/www.linksalpha.com\/social\/mobile\" data-url=\"http:\/\/www.blogdopilako.com.br\/wp\/2026\/04\/07\/5a-corrida-da-vitoria-80-das-vagas-preenchidas\/\" data-text=\"5\u00aa Corrida da Vit\u00f3ria \u2013 80% das vagas preenchidas!!!\" data-desc=\"\ud83d\udea8 ATEN\u00c7\u00c3O, ATLETAS! \ud83d\udea8 Mais de 80% das vagas j\u00e1 foram preenchidas\u2026 e o ritmo s\u00f3 aumenta! \ud83d\udd25 Se voc\u00ea ainda n\u00e3o garantiu sua participa\u00e7\u00e3o na 5\u00aa Corrida e Caminhada da Vit\u00f3ria, essa \u00e9 a hora. Depois n\u00e3o diga que n\u00e3o avisamos! \ud83d\udc40\" data-image=\"\" data-button=\"none\">\n\t\t\t\t\t<img src=\"\/\/www.linksalpha.com\/images\/social_share_button.png\" alt=\"Share\" class=\"linksalpha_image\" \/>\n\t\t\t\t\t<\/a><script type=\"text\/javascript\" src=\"\/\/www.linksalpha.com\/scripts\/loader_iconbox.js?v=2.4\"><\/script><\/span><\/div>","protected":false},"author":2,"featured_media":0,"comment_status":"open","ping_status":"open","sticky":false,"template":"","format":"standard","meta":[],"categories":[21],"tags":[],"_links":{"self":[{"href":"http:\/\/www.blogdopilako.com.br\/wp\/wp-json\/wp\/v2\/posts\/150770"}],"collection":[{"href":"http:\/\/www.blogdopilako.com.br\/wp\/wp-json\/wp\/v2\/posts"}],"about":[{"href":"http:\/\/www.blogdopilako.com.br\/wp\/wp-json\/wp\/v2\/types\/post"}],"author":[{"embeddable":true,"href":"http:\/\/www.blogdopilako.com.br\/wp\/wp-json\/wp\/v2\/users\/2"}],"replies":[{"embeddable":true,"href":"http:\/\/www.blogdopilako.com.br\/wp\/wp-json\/wp\/v2\/comments?post=150770"}],"version-history":[{"count":1,"href":"http:\/\/www.blogdopilako.com.br\/wp\/wp-json\/wp\/v2\/posts\/150770\/revisions"}],"predecessor-version":[{"id":150772,"href":"http:\/\/www.blogdopilako.com.br\/wp\/wp-json\/wp\/v2\/posts\/150770\/revisions\/150772"}],"wp:attachment":[{"href":"http:\/\/www.blogdopilako.com.br\/wp\/wp-json\/wp\/v2\/media?parent=150770"}],"wp:term":[{"taxonomy":"category","embeddable":true,"href":"http:\/\/www.blogdopilako.com.br\/wp\/wp-json\/wp\/v2\/categories?post=150770"},{"taxonomy":"post_tag","embeddable":true,"href":"http:\/\/www.blogdopilako.com.br\/wp\/wp-json\/wp\/v2\/tags?post=150770"}],"curies":[{"name":"wp","href":"https:\/\/api.w.org\/{rel}","templated":true}]}}